{"id":44598,"date":"2011-09-30T09:13:45","date_gmt":"2011-09-30T14:13:45","guid":{"rendered":"http:\/\/www.bibula.com\/?p=44598"},"modified":"2011-09-30T09:14:39","modified_gmt":"2011-09-30T14:14:39","slug":"historia-jakby-z-wloch-pawel-milcarek","status":"publish","type":"post","link":"https:\/\/www.bibula.com\/?p=44598","title":{"rendered":"Historia jakby z W\u0142och &#8211; <em>Pawe\u0142 Milcarek<\/em>"},"content":{"rendered":"<p><strong><em>Redakcja tygodnika katolickiego &#8222;Niedziela\u201d odm\u00f3wi\u0142a druku poni\u017cszego tekstu, zawiadamiaj\u0105c autora o zako\u0144czeniu z nim wsp\u00f3\u0142pracy.<\/em><\/strong><\/p>\r\n<p>By\u0142o to we W\u0142oszech, po II wojnie \u015bwiatowej. Wszyscy byli tam pod wra\u017ceniem wzrastaj\u0105cej popularno\u015bci komunist\u00f3w. Wygl\u0105da\u0142o nawet na to, \u017ce czerwoni dojd\u0105 do w\u0142adzy i wprowadz\u0105 Itali\u0119 w orbit\u0119 Stalina. Zagro\u017cenie by\u0142o realne.<\/p>\r\n<p>W\u0142ochy to kraj katolicki &#8211; wi\u0119c nie dziwne, \u017ce alternatyw\u0105 mog\u0142a by\u0107 jaka\u015b partia katolicka. By\u0142a jedna taka, ciesz\u0105ca si\u0119 zreszt\u0105 poparciem Ko\u015bcio\u0142a: \u201echrze\u015bcija\u0144ska demokracja\u201d. Partia ta wygra\u0142a wybory w 1948 &#8211; i odt\u0105d rz\u0105dzi\u0142a W\u0142ochami przez dziesi\u0119ciolecia.<\/p>\r\n<p>Komuni\u015bci do w\u0142adzy nie doszli &#8211; rz\u0105dzi\u0142a za to partia centroprawicowa. Gdy kto\u015b zwraca\u0142 uwag\u0119 na jej brak wyrazisto\u015bci i ob\u0142ud\u0119 w traktowaniu postulat\u00f3w katolickich, powa\u017cni ludzie m\u00f3wili: \u201eNo tak, ale czy chcecie, \u017ceby rz\u0105dzili komuni\u015bci?\u201d No nie, nie chcemy\u2026<\/p>\r\n<p>Mija\u0142y lata, chadecja by\u0142a ju\u017c przyzwyczajona, \u017ce nie powstanie dla niej \u017cadna alternatywa po prawej stronie. Komuni\u015bci powtarzali sobie na pociech\u0119 zdanie swego ideologa, Antonio Gramsciego, \u017ce chadecja \u201edokona tego, czego komunizm nie jest w stanie dokona\u0107: zjednoczy [pa\u0144stwo], uporz\u0105dkuje, o\u017cywi &#8211; a na koniec pope\u0142ni samob\u00f3jstwo\u201d.<\/p>\r\n<p>Up\u0142yw czasu zdawa\u0142 si\u0119 przeczy\u0107 konkluzji proroctwa Gramsciego: chadecja wci\u0105\u017c rz\u0105dzi\u0142a krajem. I to jak! Od pocz\u0105tku lat 70. pod rz\u0105dami chadek\u00f3w wprowadzono prawo o rozwodach i dopuszczalno\u015b\u0107 zabijania nienarodzonych.<\/p>\r\n<p>Wkr\u00f3tce okaza\u0142o si\u0119 tak\u017ce, \u017ce chadecja jest gotowa dokona\u0107 \u201ewielkiego kompromisu\u201d z komunistami. \u201eDla dobra W\u0142och\u201d\u2026 Ci, kt\u00f3rzy my\u015bleli powa\u017cnie, \u017ce chadecja jest ostatni\u0105 zapor\u0105 przed czerwonymi, pomylili si\u0119 mocno. Jednak by\u0142o ju\u017c za p\u00f3\u017ano na tworzenie alternatywy, kraj by\u0142 we w\u0142adaniu ludzi bez idei.<\/p>\r\n<p>Jest to dobra przypowie\u015b\u0107 dla tych katolik\u00f3w, z r\u00f3\u017cnych kraj\u00f3w i okoliczno\u015bci, kt\u00f3rzy ucz\u0105 si\u0119 przyk\u0142adnie i stadnie g\u0142osowa\u0107 na \u201emniejsze z\u0142o\u201d, a od swych partii wymagaj\u0105 co najwy\u017cej katolickich symboli i wzrusze\u0144. Ko\u0144czy si\u0119 to \u017ale, niekiedy na d\u0142ugie pokolenia.<\/p>\r\n<p>Histori\u0119 \u201esamob\u00f3jstwa chadecji\u201d przypomnia\u0142 w ubieg\u0142ym roku na \u0142amach \u201eNaszego Dziennika\u201d prof. Roberto de Mattei, jeden z najwybitniejszych katolickich intelektualist\u00f3w Italii. Wed\u0142ug niego to, \u017ce przez wiele lat konserwatywna opinia publiczna by\u0142a podporz\u0105dkowana centrowej chadecji, sko\u0144czy\u0142 si\u0119 \u201ewyeliminowaniem ze sceny politycznej ugrupowa\u0144 prawicowych, a tak\u017ce wy\u0142\u0105czeniem z debaty publicznej temat\u00f3w istotnych dla prawicy katolickiej\u201d.<\/p>\r\n<p>Co zatem w sytuacji, gdy g\u0142\u00f3wne partie oszukuj\u0105 elektorat katolicki? Profesor odpowiada\u0142: \u201eWysoko oceniam mo\u017cliwo\u015bci sprawcze partii politycznych, ale z drugiej strony mocno wierz\u0119 w rol\u0119 tzw. walcz\u0105cych mniejszo\u015bci, kt\u00f3re mog\u0105 oddzia\u0142ywa\u0107 politycznie i spo\u0142ecznie dzi\u0119ki jasnej wizji \u015bwiata, wolnej od kompromis\u00f3w, a opieraj\u0105cej si\u0119 na moralnej konsekwencji i mocnych przekonaniach. My\u015bl\u0119, \u017ce w dzisiejszych czasach w szczeg\u00f3lny spos\u00f3b potrzeba przeciwstawienia si\u0119 dyktaturze relatywizmu. Czy\u0144my to, p\u00f3ki mamy jeszcze tak\u0105 mo\u017cliwo\u015b\u0107\u201d.<\/p>\r\n<p><strong><em>Pawe\u0142 Milcarek<\/em><\/strong><\/p>\r\n<blockquote>\r\n<h2>Sprostowanie, kt\u00f3rego nie chce drukowa\u0107 &#8222;Niedziela\u201d<strong><em><\/em><\/strong><\/h2>\r\n<p>W dniu 23 wrze\u015bnia na stronie internetowej \u201eNiedzieli\u201d zosta\u0142 opublikowany <a href=\"http:\/\/www.niedziela.pl\/warto_przeczytac.php?doc=20110926&amp;nr=3\" target=\"_blank\">wywiad z Jaros\u0142awem Kaczy\u0144skim pt. <em>O pa\u0144stwie i warto\u015bciach<\/em><\/a>. Pod jego koniec dziennikarz \u201eNiedzieli\u201d ksi\u0105dz Mariusz Frukacz odnosi si\u0119 w swoim pytaniu do mojego tekstu, kt\u00f3rego tygodnik nie zdecydowa\u0142 si\u0119 opublikowa\u0107:<\/p>\r\n<p>\u201eAutor tekstu nie zauwa\u017cy\u0142 r\u00f3wnocze\u015bnie, \u017ce 100 procent pos\u0142\u00f3w z PiS obecnych podczas g\u0142osowania, zag\u0142osowa\u0142o bez dyscypliny partyjnej, za \u017cyciem\u201d.<\/p>\r\n<p>Tymczasem w moim artykule <em><a href=\"http:\/\/pismo.christianitas.pl\/2011\/09\/milcarek-absencja-czyli-nieskutecznosc\/\" target=\"_blank\">Absencja, czyli nieskuteczno\u015b\u0107<\/a> <\/em>&#8211; kt\u00f3ry ostatecznie ukaza\u0142 si\u0119 na stronie pismo.christianitas.pl &#8211; napisa\u0142em m.in.:<\/p>\r\n<p>\u201eA jak zachowa\u0142 si\u0119 PiS? Odpowied\u017a pierwsza: porz\u0105dnie &#8211; bo <em>g\u0142osowali jak trzeba<\/em>. Ale jest jeszcze odpowied\u017a druga, id\u0105ca g\u0142\u0119biej, a przyjmuj\u0105ca form\u0119 pytania: je\u015bli PiS chcia\u0142 naprawd\u0119 tej zmiany, to dlaczego dopuszczono do wysokiej absencji ich pos\u0142\u00f3w? W g\u0142osowaniu nie wzi\u0119\u0142o udzia\u0142u 10 pos\u0142\u00f3w PiSu &#8211; gdyby przynajmniej cz\u0119\u015b\u0107 z nich przysz\u0142a, projekt by przeszed\u0142!\u201d<\/p>\r\n<p>Jak wida\u0107, w moim tek\u015bcie napisa\u0142em nie tylko o dopuszczonej przez w\u0142adze PiS du\u017cej absencji w tym wa\u017cnym g\u0142osowaniu &#8211; ale i o w\u0142a\u015bciwej postawie pos\u0142\u00f3w PiS obecnych w g\u0142osowaniu. W tym wzgl\u0119dzie moje jakiekolwiek sympatie nie graj\u0105 roli, gdy\u017c taka w\u0142a\u015bnie jest prawda o tym wydarzeniu, szczeg\u00f3lnie wa\u017cnym dla opinii katolickiej. Jest to obraz r\u00f3\u017cny od tego, kt\u00f3ry zosta\u0142 przedstawiony przez ks. Frukacza, co przychodzi mi zauwa\u017cy\u0107 z ubolewaniem.<\/p>\r\n<p><strong><em>Pawe\u0142 Milcarek<\/em><\/strong><\/p>\r\n<p><em>Redakcja Tygodnika &#8222;Niedziela\u201d odm\u00f3wi\u0142a druku tego sprostowania ze wzgl\u0119du na to, \u017ce Pawe\u0142 Milcarek &#8222;nie u\u017cy\u0142 sformu\u0142owania, \u017ce &#8222;100 procent pos\u0142\u00f3w z PiS obecnych podczas g\u0142osowania zag\u0142osowa\u0142o bez dyscypliny partyjnej za \u017cyciem\u201d&#8221;. <\/em><\/p>\r\n<p class=\"zrodlo\">Za: <a href=\"http:\/\/pismo.christianitas.pl\/2011\/09\/milcarek-sprostowanie-ktorego-nie-chce-drukowac-niedziela\/\">Christianitas (30.09.2011, 9:40)<\/a><\/p>\r\n<\/blockquote>","protected":false},"excerpt":{"rendered":"Redakcja tygodnika katolickiego &#8222;Niedziela\u201d odm\u00f3wi\u0142a druku poni\u017cszego tekstu, zawiadamiaj\u0105c autora o zako\u0144czeniu z nim wsp\u00f3\u0142pracy. By\u0142o to we W\u0142oszech, po II wojnie \u015bwiatowej. Wszyscy byli tam pod wra\u017ceniem wzrastaj\u0105cej popularno\u015bci komunist\u00f3w. Wygl\u0105da\u0142o nawet na to, \u017ce czerwoni dojd\u0105 do w\u0142adzy i wprowadz\u0105 Itali\u0119 w orbit\u0119 Stalina. Zagro\u017cenie by\u0142o realne. W\u0142ochy to kraj katolicki &#8211; wi\u0119c [&hellip;]","protected":false},"author":1,"featured_media":0,"comment_status":"closed","ping_status":"closed","sticky":false,"template":"","format":"standard","meta":{"_acf_changed":false,"_monsterinsights_skip_tracking":false,"_monsterinsights_sitenote_active":false,"_monsterinsights_sitenote_note":"","_monsterinsights_sitenote_category":0,"ngg_post_thumbnail":0,"footnotes":"","_wp_rev_ctl_limit":""},"categories":[8],"tags":[94,16,98],"acf":[],"_links":{"self":[{"href":"https:\/\/www.bibula.com\/index.php?rest_route=\/wp\/v2\/posts\/44598"}],"collection":[{"href":"https:\/\/www.bibula.com\/index.php?rest_route=\/wp\/v2\/posts"}],"about":[{"href":"https:\/\/www.bibula.com\/index.php?rest_route=\/wp\/v2\/types\/post"}],"author":[{"embeddable":true,"href":"https:\/\/www.bibula.com\/index.php?rest_route=\/wp\/v2\/users\/1"}],"replies":[{"embeddable":true,"href":"https:\/\/www.bibula.com\/index.php?rest_route=%2Fwp%2Fv2%2Fcomments&post=44598"}],"version-history":[{"count":0,"href":"https:\/\/www.bibula.com\/index.php?rest_route=\/wp\/v2\/posts\/44598\/revisions"}],"wp:attachment":[{"href":"https:\/\/www.bibula.com\/index.php?rest_route=%2Fwp%2Fv2%2Fmedia&parent=44598"}],"wp:term":[{"taxonomy":"category","embeddable":true,"href":"https:\/\/www.bibula.com\/index.php?rest_route=%2Fwp%2Fv2%2Fcategories&post=44598"},{"taxonomy":"post_tag","embeddable":true,"href":"https:\/\/www.bibula.com\/index.php?rest_route=%2Fwp%2Fv2%2Ftags&post=44598"}],"curies":[{"name":"wp","href":"https:\/\/api.w.org\/{rel}","templated":true}]}}