{"id":44447,"date":"2011-09-27T21:57:41","date_gmt":"2011-09-28T02:57:41","guid":{"rendered":"http:\/\/www.bibula.com\/?p=44447"},"modified":"2011-09-27T21:57:41","modified_gmt":"2011-09-28T02:57:41","slug":"apel-w-obronie-radia-maryja-i-tv-trwam","status":"publish","type":"post","link":"https:\/\/www.bibula.com\/?p=44447","title":{"rendered":"Apel w obronie Radia Maryja i TV Trwam"},"content":{"rendered":"<p style=\"text-align: left;\" align=\"right\">Warszawa, 23 wrze\u015bnia 2011 r.<\/p>\r\n<p style=\"text-align: left;\" align=\"right\">Pan Jan Dworak <br \/>Przewodnicz\u0105cy Krajowej Rady <br \/>Radiofonii i Telewizji<\/p>\r\n<p>Z g\u0142\u0119bokim oburzeniem i niedowierzaniem przyj\u0119li\u015bmy informacj\u0119, \u017ce Telewizja Trwam, jako jedyna z wnioskuj\u0105cych, nie dosta\u0142a miejsca na platformie cyfrowej od Krajowej Rady Radiofonii i Telewizji. Ta decyzja mo\u017ce skutkowa\u0107 tym, \u017ce po roku 2013 miliony Polak\u00f3w zostan\u0105 pozbawione dost\u0119pu do programu tej katolickiej stacji. Czy o to chodzi Krajowej Radzie, kt\u00f3ra ma obowi\u0105zek dbania o zapewnienie uczciwych regu\u0142 na polskim rynku medialnym?<\/p>\r\n<p>Katolicy nie s\u0105 obywatelami drugiej kategorii w Polsce. Decyzja Krajowej Rady wpisuje si\u0119 jednak w obserwowany od d\u0142u\u017cszego czasu wyra\u017any trend, wskazuj\u0105cy na dyskryminacj\u0119 medi\u00f3w katolickich, a szczeg\u00f3lnie Telewizji TRWAM i Radia MARYJA w naszej Ojczy\u017anie. Niedawno mieli\u015bmy przecie\u017c do czynienia z akcj\u0105 podejmowan\u0105 przez \u015brodowiska liberalne, kt\u00f3ra mia\u0142a doprowadzi\u0107 do odebrania Radiu MARYJA statusu nadawcy spo\u0142ecznego. Wszystkie te dzia\u0142ania s\u0105 tym bardziej przygn\u0119biaj\u0105ce, \u017ce odbywaj\u0105 si\u0119 w kraju, w kt\u00f3rym przygniataj\u0105ca wi\u0119kszo\u015b\u0107 Polak\u00f3w deklaruje przywi\u0105zanie do wiary katolickiej. Szykanowanie Radia Maryja i Telewizji TRWAM, kt\u00f3re znalaz\u0142y swoje miejsce w domach i sercach milion\u00f3w Polak\u00f3w, jest nie tylko aktem agresji wobec ludzi wierz\u0105cych, ale te\u017c godzi w wolno\u015b\u0107 s\u0142owa w Polsce, kt\u00f3ra i tak jest ju\u017c powa\u017cnie zagro\u017cona w wyniku \u015bcis\u0142ego podporz\u0105dkowania medi\u00f3w publicznych przez rz\u0105dz\u0105ce partie, w\u0142\u0105cznie z delegowaniem do w\u0142adz Telewizji Publicznej os\u00f3b wprost z rz\u0105du b\u0105d\u017a z grona urz\u0119dnik\u00f3w ministerialnych.<\/p>\r\n<p>Jeste\u015bmy przekonani, \u017ce szykanowanie Radia Maryja i Telewizji Trwam ma zwi\u0105zek z tym, \u017ce te media pozostaj\u0105 poza kontrol\u0105 obecnych w\u0142adz, prezentuj\u0105c rzetelne informacje na temat sytuacji politycznej, spo\u0142ecznej i gospodarczej w Polsce i na \u015bwiecie. Nie bez znaczenia jest r\u00f3wnie\u017c fakt, \u017ce &#8222;Telewizja Trwam&#8221;, &#8222;Radio Maryja&#8221; oraz &#8222;Nasz Dziennik&#8221; s\u0105 zaanga\u017cowane w wyja\u015bnianie okoliczno\u015bci, w jakich dosz\u0142o do tragedii smole\u0144skiej z 10 kwietnia 2010 r., w\u0142\u0105cznie z kwesti\u0105 odpowiedzialno\u015bci krajowych w\u0142adz. Tym samym media katolickie wyr\u0119czaj\u0105 media publiczne, kt\u00f3re przekazuj\u0105 obraz sytuacji zgodny z interesem rz\u0105dz\u0105cych.<\/p>\r\n<p>Domagamy si\u0119 rzetelnego rozpatrzenia przez Krajow\u0105 Rad\u0119 Radiofonii i Telewizji odwo\u0142ania z\u0142o\u017conego przez Fundacj\u0119 &#8222;Lux Veritatis&#8221; w sprawie dost\u0119pu Telewizji Trwam do platformy cyfrowej. Mamy nadziej\u0119 na decyzj\u0119, kt\u00f3ra nie zamknie Telewizji Trwam dost\u0119pu do odbiorc\u00f3w w naziemnej technologii cyfrowej.\u00a0<\/p>\r\n<p><strong>Komitet Katy\u0144ski <br \/>Kr\u0105g Pami\u0119ci Narodowej <br \/>Og\u00f3lnopolski Komitet Pami\u0119ci B\u0142. Ksi\u0119dza Jerzego Popie\u0142uszki <br \/>Stowarzyszenie Rodzin Katy\u0144 2010 <\/strong><\/p>","protected":false},"excerpt":{"rendered":"Warszawa, 23 wrze\u015bnia 2011 r. Pan Jan Dworak Przewodnicz\u0105cy Krajowej Rady Radiofonii i Telewizji Z g\u0142\u0119bokim oburzeniem i niedowierzaniem przyj\u0119li\u015bmy informacj\u0119, \u017ce Telewizja Trwam, jako jedyna z wnioskuj\u0105cych, nie dosta\u0142a miejsca na platformie cyfrowej od Krajowej Rady Radiofonii i Telewizji. Ta decyzja mo\u017ce skutkowa\u0107 tym, \u017ce po roku 2013 miliony Polak\u00f3w zostan\u0105 pozbawione dost\u0119pu do [&hellip;]","protected":false},"author":1,"featured_media":0,"comment_status":"closed","ping_status":"closed","sticky":false,"template":"","format":"standard","meta":{"_acf_changed":false,"_monsterinsights_skip_tracking":false,"_monsterinsights_sitenote_active":false,"_monsterinsights_sitenote_note":"","_monsterinsights_sitenote_category":0,"ngg_post_thumbnail":0,"footnotes":"","_wp_rev_ctl_limit":""},"categories":[8],"tags":[132,16,159,83],"acf":[],"_links":{"self":[{"href":"https:\/\/www.bibula.com\/index.php?rest_route=\/wp\/v2\/posts\/44447"}],"collection":[{"href":"https:\/\/www.bibula.com\/index.php?rest_route=\/wp\/v2\/posts"}],"about":[{"href":"https:\/\/www.bibula.com\/index.php?rest_route=\/wp\/v2\/types\/post"}],"author":[{"embeddable":true,"href":"https:\/\/www.bibula.com\/index.php?rest_route=\/wp\/v2\/users\/1"}],"replies":[{"embeddable":true,"href":"https:\/\/www.bibula.com\/index.php?rest_route=%2Fwp%2Fv2%2Fcomments&post=44447"}],"version-history":[{"count":0,"href":"https:\/\/www.bibula.com\/index.php?rest_route=\/wp\/v2\/posts\/44447\/revisions"}],"wp:attachment":[{"href":"https:\/\/www.bibula.com\/index.php?rest_route=%2Fwp%2Fv2%2Fmedia&parent=44447"}],"wp:term":[{"taxonomy":"category","embeddable":true,"href":"https:\/\/www.bibula.com\/index.php?rest_route=%2Fwp%2Fv2%2Fcategories&post=44447"},{"taxonomy":"post_tag","embeddable":true,"href":"https:\/\/www.bibula.com\/index.php?rest_route=%2Fwp%2Fv2%2Ftags&post=44447"}],"curies":[{"name":"wp","href":"https:\/\/api.w.org\/{rel}","templated":true}]}}