{"id":44404,"date":"2011-09-27T14:08:48","date_gmt":"2011-09-27T19:08:48","guid":{"rendered":"http:\/\/www.bibula.com\/?p=44404"},"modified":"2012-07-19T14:59:58","modified_gmt":"2012-07-19T19:59:58","slug":"sad-szydzenie-z-krzyza-to-%e2%80%9ekreacja-artystyczna%e2%80%9d","status":"publish","type":"post","link":"https:\/\/www.bibula.com\/?p=44404","title":{"rendered":"S\u0105d: Szydzenie z krzy\u017ca to \u201ekreacja artystyczna&#8221;"},"content":{"rendered":"<p><strong>S\u0105d Rejonowy dla Warszawy Pragi P\u00f3\u0142noc orzek\u0142 27 wrze\u015bnia, \u017ce szydzenie z krzy\u017ca przez Kub\u0119 Wojew\u00f3dzkiego i Micha\u0142a Figurskiego, kt\u00f3re mia\u0142o miejsce w ub.r. na antenie radia &#8222;Eska Rock&#8221; to &#8222;kreacja artystyczna&#8221;.<\/strong><\/p>\r\n<p>Dziennikarze podczas programu radiowego &#8222;Eska Rock&#8221; 20 wrze\u015bnia 2010 r. przeprowadzili o\u015bmieszaj\u0105cy &#8222;wywiad&#8221; z krzy\u017cem, &#8222;bawili si\u0119&#8221; te\u017c w &#8222;\u017cywy krzy\u017c&#8221;. Kuba Wojew\u00f3dzki, udaj\u0105c belk\u0119 poprzeczn\u0105, po\u0142o\u017cy\u0142 si\u0119 na plecach Micha\u0142a Figurskiego, kt\u00f3ry z kolei wykrzykiwa\u0142 s\u0142owa: \u201e&#8230;znalaz\u0142 si\u0119 nasz, polsko-\u017cydowski krzy\u017c\u201d. Potem wsp\u00f3lnie dziennikarze wykrzykiwali do p\u0142yn\u0105cej w tle Roty s\u0142owa: \u201etak nam dopom\u00f3\u017c B\u00f3g\u201d. Namawiali przy tym pracownik\u00f3w Radia \u201eEska Rock\u201d do \u201etworzenia\u201d \u017cywych krzy\u017cy.<\/p>\r\n<p>5 pa\u017adziernika 2010 r. Ryszard Nowak, przewodnicz\u0105cy Og\u00f3lnopolskiego Komitetu Obrony przed Sektami, z\u0142o\u017cy\u0142 doniesienie do Prokuratora Generalnego o obrazie krzy\u017ca. Prokuratura odm\u00f3wi\u0142a wszcz\u0119cia dochodzenia. Ryszard Nowak odwo\u0142a\u0142 si\u0119 od tej decyzji do S\u0105du, kt\u00f3ry 27 wrze\u015bnia br. stwierdzi\u0142, \u017ce dziennikarze mieli prawo szydzi\u0107 z krzy\u017ca, gdy\u017c jest to objaw sztuki i ekspresji artystycznej.<\/p>\r\n<p>Wyrok S\u0105du jest prawomocny.<\/p>\r\n<p>KAI<\/p>","protected":false},"excerpt":{"rendered":"S\u0105d Rejonowy dla Warszawy Pragi P\u00f3\u0142noc orzek\u0142 27 wrze\u015bnia, \u017ce szydzenie z krzy\u017ca przez Kub\u0119 Wojew\u00f3dzkiego i Micha\u0142a Figurskiego, kt\u00f3re mia\u0142o miejsce w ub.r. na antenie radia &#8222;Eska Rock&#8221; to &#8222;kreacja artystyczna&#8221;. Dziennikarze podczas programu radiowego &#8222;Eska Rock&#8221; 20 wrze\u015bnia 2010 r. przeprowadzili o\u015bmieszaj\u0105cy &#8222;wywiad&#8221; z krzy\u017cem, &#8222;bawili si\u0119&#8221; te\u017c w &#8222;\u017cywy krzy\u017c&#8221;. Kuba Wojew\u00f3dzki, [&hellip;]","protected":false},"author":3,"featured_media":0,"comment_status":"closed","ping_status":"closed","sticky":false,"template":"","format":"standard","meta":{"_acf_changed":false,"_monsterinsights_skip_tracking":false,"_monsterinsights_sitenote_active":false,"_monsterinsights_sitenote_note":"","_monsterinsights_sitenote_category":0,"ngg_post_thumbnail":0,"footnotes":"","_wp_rev_ctl_limit":""},"categories":[8],"tags":[132,98,169],"acf":[],"_links":{"self":[{"href":"https:\/\/www.bibula.com\/index.php?rest_route=\/wp\/v2\/posts\/44404"}],"collection":[{"href":"https:\/\/www.bibula.com\/index.php?rest_route=\/wp\/v2\/posts"}],"about":[{"href":"https:\/\/www.bibula.com\/index.php?rest_route=\/wp\/v2\/types\/post"}],"author":[{"embeddable":true,"href":"https:\/\/www.bibula.com\/index.php?rest_route=\/wp\/v2\/users\/3"}],"replies":[{"embeddable":true,"href":"https:\/\/www.bibula.com\/index.php?rest_route=%2Fwp%2Fv2%2Fcomments&post=44404"}],"version-history":[{"count":0,"href":"https:\/\/www.bibula.com\/index.php?rest_route=\/wp\/v2\/posts\/44404\/revisions"}],"wp:attachment":[{"href":"https:\/\/www.bibula.com\/index.php?rest_route=%2Fwp%2Fv2%2Fmedia&parent=44404"}],"wp:term":[{"taxonomy":"category","embeddable":true,"href":"https:\/\/www.bibula.com\/index.php?rest_route=%2Fwp%2Fv2%2Fcategories&post=44404"},{"taxonomy":"post_tag","embeddable":true,"href":"https:\/\/www.bibula.com\/index.php?rest_route=%2Fwp%2Fv2%2Ftags&post=44404"}],"curies":[{"name":"wp","href":"https:\/\/api.w.org\/{rel}","templated":true}]}}