{"id":44378,"date":"2011-09-27T10:37:24","date_gmt":"2011-09-27T15:37:24","guid":{"rendered":"http:\/\/www.bibula.com\/?p=44378"},"modified":"2011-09-27T16:35:09","modified_gmt":"2011-09-27T21:35:09","slug":"express-milosci-wojeciech-wencel","status":"publish","type":"post","link":"https:\/\/www.bibula.com\/?p=44378","title":{"rendered":"Express Mi\u0142o\u015bci &#8211; <em>Wojciech Wencel<\/em>"},"content":{"rendered":"<p><em><strong>Przed wyborami w 2001 roku te\u017c je\u017adzi\u0142 po Polsce wyborczy autobus. Nazywa\u0142 si\u0119 Express Wolno\u015bci. Podobnie jak w przypadku \u201eTuskobusa\u201d, mia\u0142o by\u0107 \u201ebli\u017cej ludzi\u201d<\/strong><\/em><\/p>\r\n<p><strong>W<\/strong> ci\u0105gu czterech lat swojego premierostwa Donald Tusk odjecha\u0142.<\/p>\r\n<p>Odjecha\u0142 na szczyty Machu Picchu i w Dolomity. Na salony, w kt\u00f3rych klakierzy bij\u0105 mu brawo. I na stadiony (zamkni\u0119te dla kibic\u00f3w), gdzie mo\u017ce kopa\u0107 pi\u0142k\u0119 z kumplami. W \u015bwiat upajaj\u0105cego poczucia w\u0142adzy, personalnych uk\u0142ad\u00f3w, interes\u00f3w w\u0105skich grup spo\u0142ecznych, politycznego PR-u i medialnych manipulacji.<\/p>\r\n<p>Odjecha\u0142 od Polski, kt\u00f3rej nigdy nie lubi\u0142. Tej rzeczywistej, \u017cyj\u0105cej codziennymi problemami. Od prowincjonalnych miasteczek, dr\u00f3g publicznych, targowisk, gospodarstw zniszczonych przez pow\u00f3d\u017a, urz\u0119d\u00f3w pocztowych, szk\u00f3\u0142 i szpitali. Od ludzkich s\u0142abo\u015bci, biedy i \u017calu do niesprawnego pa\u0144stwa. Od prostej wiary, lokalnej kultury i tradycyjnego patriotyzmu.<\/p>\r\n<p>O tym, \u017ce premier odjecha\u0142, sztabowcy PO przypomnieli sobie przed wyborami. Dlatego wymy\u015blili \u201e<strong>Tuskobus<\/strong>\u201d jako wielk\u0105 metafor\u0119 powrotu Tuska do Polski. Trudno jednak uzna\u0107 ten powr\u00f3t za autentyczny, skoro g\u0142\u00f3wny pasa\u017cer autobusu na co dzie\u0144 je\u017adzi limuzyn\u0105. Ludzie maj\u0105 sw\u00f3j rozum i fa\u0142sz wyczuwaj\u0105 na kilometr dziurawej szosy.<\/p>\r\n<p>Tusk jednak odjecha\u0142 do tego stopnia, \u017ce dziwi si\u0119 desperacji i szyderstwom, z kt\u00f3rymi spotyka si\u0119 na trasie. Najwyra\u017aniej s\u0105dzi\u0142, \u017ce razem z nim odjechali wszyscy Polacy. Mentalnie, w wykreowan\u0105 przez us\u0142u\u017cne media nierzeczywisto\u015b\u0107. I \u017ce dla mieszka\u0144c\u00f3w prowincji b\u0119dzie przede wszystkim celebryt\u0105, kt\u00f3ry ma obowi\u0105zek nosi\u0107 dobry garnitur, a nie rozwi\u0105zywa\u0107 realne problemy.<\/p>\r\n<p>Przed wyborami w 2001 roku te\u017c je\u017adzi\u0142 po Polsce wyborczy autobus. Nazywa\u0142 si\u0119 <strong>Express<\/strong> Wolno\u015bci. Podobnie jak w przypadku \u201eTuskobusa\u201d, mia\u0142o by\u0107 \u201ebli\u017cej ludzi\u201d. Ja\u015bnie pa\u0144stwo z \u201etradycyjnej partii inteligenckiej\u201d przechadzali si\u0119 alejkami, majestatycznie k\u0142aniaj\u0105c si\u0119 mieszka\u0144com wsi i miasteczek. W efekcie Unia Wolno\u015bci zdoby\u0142a niewiele ponad 3 procent spo\u0142ecznego poparcia i nie wesz\u0142a do Sejmu.<\/p>\r\n<p>PO jako partia populistyczna, a nie \u201einteligencka\u201d, mo\u017ce liczy\u0107 na wi\u0119ksze poparcie. W praktyce politycznej jest jednak tak samo oderwana od rzeczywisto\u015bci jak jej partia-matka. Z bliska, bez medialnego filtra, lepiej wida\u0107, komu naprawd\u0119 zale\u017cy na Polsce, a kto tylko po niej si\u0119 wozi. Na swoim \u201eTuskobusie\u201d premier mo\u017ce si\u0119 nie\u017ale przejecha\u0107. Dos\u0142ownie, ale i w przeno\u015bni.<\/p>\r\n<p><strong><em>Wojciech Wencel<\/em><\/strong><\/p>","protected":false},"excerpt":{"rendered":"Przed wyborami w 2001 roku te\u017c je\u017adzi\u0142 po Polsce wyborczy autobus. Nazywa\u0142 si\u0119 Express Wolno\u015bci. Podobnie jak w przypadku \u201eTuskobusa\u201d, mia\u0142o by\u0107 \u201ebli\u017cej ludzi\u201d W ci\u0105gu czterech lat swojego premierostwa Donald Tusk odjecha\u0142. Odjecha\u0142 na szczyty Machu Picchu i w Dolomity. Na salony, w kt\u00f3rych klakierzy bij\u0105 mu brawo. I na stadiony (zamkni\u0119te dla kibic\u00f3w), [&hellip;]","protected":false},"author":1,"featured_media":0,"comment_status":"closed","ping_status":"closed","sticky":false,"template":"","format":"standard","meta":{"_acf_changed":false,"_monsterinsights_skip_tracking":false,"_monsterinsights_sitenote_active":false,"_monsterinsights_sitenote_note":"","_monsterinsights_sitenote_category":0,"ngg_post_thumbnail":0,"footnotes":"","_wp_rev_ctl_limit":""},"categories":[9],"tags":[98,20],"acf":[],"_links":{"self":[{"href":"https:\/\/www.bibula.com\/index.php?rest_route=\/wp\/v2\/posts\/44378"}],"collection":[{"href":"https:\/\/www.bibula.com\/index.php?rest_route=\/wp\/v2\/posts"}],"about":[{"href":"https:\/\/www.bibula.com\/index.php?rest_route=\/wp\/v2\/types\/post"}],"author":[{"embeddable":true,"href":"https:\/\/www.bibula.com\/index.php?rest_route=\/wp\/v2\/users\/1"}],"replies":[{"embeddable":true,"href":"https:\/\/www.bibula.com\/index.php?rest_route=%2Fwp%2Fv2%2Fcomments&post=44378"}],"version-history":[{"count":0,"href":"https:\/\/www.bibula.com\/index.php?rest_route=\/wp\/v2\/posts\/44378\/revisions"}],"wp:attachment":[{"href":"https:\/\/www.bibula.com\/index.php?rest_route=%2Fwp%2Fv2%2Fmedia&parent=44378"}],"wp:term":[{"taxonomy":"category","embeddable":true,"href":"https:\/\/www.bibula.com\/index.php?rest_route=%2Fwp%2Fv2%2Fcategories&post=44378"},{"taxonomy":"post_tag","embeddable":true,"href":"https:\/\/www.bibula.com\/index.php?rest_route=%2Fwp%2Fv2%2Ftags&post=44378"}],"curies":[{"name":"wp","href":"https:\/\/api.w.org\/{rel}","templated":true}]}}