{"id":43972,"date":"2011-09-20T20:20:35","date_gmt":"2011-09-21T01:20:35","guid":{"rendered":"http:\/\/www.bibula.com\/?p=43972"},"modified":"2011-09-20T20:21:05","modified_gmt":"2011-09-21T01:21:05","slug":"rzetelnosc-calej-procedury-identyfikacyjnej-ofiar-podwazona","status":"publish","type":"post","link":"https:\/\/www.bibula.com\/?p=43972","title":{"rendered":"Podwa\u017cona rzetelno\u015b\u0107 ca\u0142ej procedury identyfikacyjnej ofiar katastrofy smole\u0144skiej"},"content":{"rendered":"<p><strong><em>Dane w protokole z sekcji zw\u0142ok oraz identyfikacji cia\u0142a Wojciecha Seweryna, kt\u00f3ry zgin\u0105\u0142 w katastrofie na Siewiernym, s\u0105 nieprawdziwe<\/em><\/strong><\/p>\r\n<p>Urz\u0119dnicy ambasady polskiej w Moskwie mogli pope\u0142ni\u0107 b\u0142\u0119dy przy identyfikacji cia\u0142 ofiar katastrofy smole\u0144skiej. Ich przes\u0142uchania domaga si\u0119 mec. Bartosz Kownacki. Wnioski w tej sprawie trafi\u0142y do prokuratury w poniedzia\u0142ek.<\/p>\r\n<p>Kownacki chce przes\u0142uchania dwojga urz\u0119dnik\u00f3w polskiej ambasady w Moskwie, kt\u00f3rzy uczestniczyli w identyfikacji cia\u0142a plastyka Wojciecha Seweryna i wiceministra kultury Tomasza Merty. Podkre\u015bla, \u017ce zachodz\u0105 uzasadnione w\u0105tpliwo\u015bci co do rzetelno\u015bci dokonywanych przez nich ustale\u0144. &#8211; Mo\u017cna m\u00f3wi\u0107 o nieprawid\u0142owo\u015bciach w pracy urz\u0119dnik\u00f3w polskiej ambasady, kt\u00f3rzy nierzetelnie wykonywali swoje zadania &#8211; m\u00f3wi adwokat. Dodaje, \u017ce mog\u0142o to wynika\u0107 z nacisk\u00f3w na szybkie przeprowadzenie czynno\u015bci identyfikacyjnych albo te\u017c to zadanie przeros\u0142o mo\u017cliwo\u015bci urz\u0119dnik\u00f3w.<\/p>\r\n<p>&#8211; By\u0142o takie oczekiwanie, \u017ceby jak najszybciej sprowadzi\u0107 cia\u0142a ofiar do Polski &#8211; wskazuje Kownacki. Podkre\u015bla, \u017ce strona polska, w sytuacji kiedy nie by\u0142o wystarczaj\u0105cej liczby kompetentnych urz\u0119dnik\u00f3w ambasady, powinna poinformowa\u0107 Rosjan, \u017ce potrzeba wi\u0119cej czasu, i \u015bci\u0105gn\u0105\u0107 specjalist\u00f3w z kraju. Tymczasem nadzoruj\u0105ca ze strony polskiej proces identyfikacji minister zdrowia Ewa Kopacz zapewnia\u0142a, \u017ce prace id\u0105 wspaniale.<\/p>\r\n<p>Jak ustali\u0142 &#8222;Nasz Dziennik&#8221;, urz\u0119dnik identyfikuj\u0105cy Wojciecha Seweryna okre\u015bli\u0142 go w dokumentach jako maj\u0105cego kr\u00f3tkie blond w\u0142osy. W rzeczywisto\u015bci, jak twierdzi rodzina, by\u0142 brunetem z elementami siwizny o d\u0142u\u017cszych w\u0142osach. W\u0105tpliwo\u015bci budz\u0105 r\u00f3wnie\u017c wymienione w protokole znaki szczeg\u00f3lne na lewym przedramieniu, kt\u00f3rych Seweryn nie posiada\u0142.<\/p>\r\n<p>W przypadku Tomasza Merty jeden dokument stwierdza, \u017ce w identyfikacji wiceministra kultury nikt nie uczestniczy\u0142. A kolejny wymienia urz\u0119dnika z ambasady, kt\u00f3ry mia\u0142 go zidentyfikowa\u0107. Jednak, jak si\u0119 okaza\u0142o, ten urz\u0119dnik widzia\u0142 Tomasza Mert\u0119 jedynie raz w \u017cyciu. A mia\u0142 go zidentyfikowa\u0107 na podstawie og\u00f3lnych cech, a p\u00f3\u017aniej nie potrafi\u0142 poda\u0107 charakterystycznych cech jego wygl\u0105du. <br \/>W zwi\u0105zku z tym powstaj\u0105 uzasadnione w\u0105tpliwo\u015bci, czy w og\u00f3le te osoby rozpozna\u0142y zw\u0142oki w oparciu o cechy fizyczne. Rzutuje to na rzetelno\u015b\u0107 ca\u0142ej procedury identyfikacyjnej.<\/p>\r\n<p>Jednak wed\u0142ug prowadz\u0105cej \u015bledztwo smole\u0144skie prokuratury wojskowej, urz\u0119dnicy ambasady nie pope\u0142niali b\u0142\u0119d\u00f3w. &#8211; Z materia\u0142\u00f3w \u015bledztwa dotycz\u0105cego katastrofy smole\u0144skiej, prowadzonego przez Wojskow\u0105 Prokuratur\u0119 Okr\u0119gow\u0105 w Warszawie, nie wynika, aby pracownicy Ambasady RP w Moskwie dokonywali b\u0142\u0119dnych identyfikacji cia\u0142 ofiar katastrofy w maju 2010 roku &#8211; stwierdza kpt. Marcin Maksjan w zast\u0119pstwie rzecznika prasowego Naczelnej Prokuratury Wojskowej.<\/p>\r\n<p>Pytane o prac\u0119 urz\u0119dnik\u00f3w ambasady Ministerstwo Spraw Zagranicznych nabiera wody w usta. &#8211; Chcieliby\u015bmy zaznaczy\u0107, \u017ce wszystkie informacje, kt\u00f3re MSZ posiada w sprawie wyja\u015bnienia katastrofy rz\u0105dowego samolotu w Smole\u0144sku, zosta\u0142y przez ministerstwo przekazane w\u0142a\u015bciwej prokuraturze &#8211; odpowiada nam Biuro Rzecznika Prasowego MSZ. &#8211; Tym samym z uwagi na dobro prowadzonego \u015bledztwa Ministerstwo Spraw Zagranicznych nie b\u0119dzie udziela\u0142o dodatkowych komentarzy w sprawie &#8211; dodaje.<\/p>\r\n<p>Jaka odpowiedzialno\u015b\u0107 grozi urz\u0119dnikom w przypadku stwierdzenia, \u017ce dopu\u015bcili si\u0119 b\u0142\u0119d\u00f3w przy identyfikacji?<\/p>\r\n<p>&#8211; Jak najbardziej grozi im odpowiedzialno\u015b\u0107 karna za podanie nieprawdy &#8211; uwa\u017ca Kownacki. Jednak dotyczy to terytorium Rosji, a nie Polski, poniewa\u017c realizowane przez nich czynno\u015bci dokonywane by\u0142y na potrzeby post\u0119powania rosyjskiego. &#8211; Oni sk\u0142adali stosowne o\u015bwiadczenia przed urz\u0119dnikami rosyjskimi i z tej racji ewentualna odpowiedzialno\u015b\u0107 karna za podanie nieprawdy grozi\u0142aby na terenie Federacji Rosyjskiej &#8211; podkre\u015bla adwokat.<\/p>\r\n<p>W ocenie Kownackiego, mimo \u017ce zaniedbania urz\u0119dnik\u00f3w ambasady maj\u0105 wp\u0142yw tak\u017ce na polskie \u015bledztwo, \u015bciganie na terenie naszego kraju by\u0142oby trudne. &#8211; Takie post\u0119powanie najpewniej zosta\u0142oby umorzone, poniewa\u017c dokumenty po\u015bwiadczane przez urz\u0119dnik\u00f3w zosta\u0142y wytworzone poza granicami kraju &#8211; wskazuje Kownacki.<\/p>\r\n<p><strong><em>Zenon Baranowski<\/em><\/strong><\/p>","protected":false},"excerpt":{"rendered":"Dane w protokole z sekcji zw\u0142ok oraz identyfikacji cia\u0142a Wojciecha Seweryna, kt\u00f3ry zgin\u0105\u0142 w katastrofie na Siewiernym, s\u0105 nieprawdziwe Urz\u0119dnicy ambasady polskiej w Moskwie mogli pope\u0142ni\u0107 b\u0142\u0119dy przy identyfikacji cia\u0142 ofiar katastrofy smole\u0144skiej. Ich przes\u0142uchania domaga si\u0119 mec. Bartosz Kownacki. Wnioski w tej sprawie trafi\u0142y do prokuratury w poniedzia\u0142ek. Kownacki chce przes\u0142uchania dwojga urz\u0119dnik\u00f3w polskiej [&hellip;]","protected":false},"author":1,"featured_media":0,"comment_status":"closed","ping_status":"closed","sticky":false,"template":"","format":"standard","meta":{"_acf_changed":false,"_monsterinsights_skip_tracking":false,"_monsterinsights_sitenote_active":false,"_monsterinsights_sitenote_note":"","_monsterinsights_sitenote_category":0,"ngg_post_thumbnail":0,"footnotes":"","_wp_rev_ctl_limit":""},"categories":[139],"tags":[137],"acf":[],"_links":{"self":[{"href":"https:\/\/www.bibula.com\/index.php?rest_route=\/wp\/v2\/posts\/43972"}],"collection":[{"href":"https:\/\/www.bibula.com\/index.php?rest_route=\/wp\/v2\/posts"}],"about":[{"href":"https:\/\/www.bibula.com\/index.php?rest_route=\/wp\/v2\/types\/post"}],"author":[{"embeddable":true,"href":"https:\/\/www.bibula.com\/index.php?rest_route=\/wp\/v2\/users\/1"}],"replies":[{"embeddable":true,"href":"https:\/\/www.bibula.com\/index.php?rest_route=%2Fwp%2Fv2%2Fcomments&post=43972"}],"version-history":[{"count":0,"href":"https:\/\/www.bibula.com\/index.php?rest_route=\/wp\/v2\/posts\/43972\/revisions"}],"wp:attachment":[{"href":"https:\/\/www.bibula.com\/index.php?rest_route=%2Fwp%2Fv2%2Fmedia&parent=43972"}],"wp:term":[{"taxonomy":"category","embeddable":true,"href":"https:\/\/www.bibula.com\/index.php?rest_route=%2Fwp%2Fv2%2Fcategories&post=43972"},{"taxonomy":"post_tag","embeddable":true,"href":"https:\/\/www.bibula.com\/index.php?rest_route=%2Fwp%2Fv2%2Ftags&post=43972"}],"curies":[{"name":"wp","href":"https:\/\/api.w.org\/{rel}","templated":true}]}}