{"id":43898,"date":"2011-09-19T21:27:14","date_gmt":"2011-09-20T02:27:14","guid":{"rendered":"http:\/\/www.bibula.com\/?p=43898"},"modified":"2011-12-12T14:27:18","modified_gmt":"2011-12-12T19:27:18","slug":"o-encyklice-%e2%80%9emortalium-animos%e2%80%9d-adam-watroba","status":"publish","type":"post","link":"https:\/\/www.bibula.com\/?p=43898","title":{"rendered":"O encyklice \u201eMortalium animos&#8221; &#8211; <em>Adam W\u0105troba<\/em>"},"content":{"rendered":"<p><strong>Wydana w 1928 roku przez papie\u017ca Piusa XI encyklika <a href=\"http:\/\/www.ultramontes.pl\/Mortalium_animos.htm\">\u201eMortalium animos\u201d<\/a> jest jednym z tych dokument\u00f3w, o kt\u00f3rych z pewno\u015bci\u0105 rzesze wsp\u00f3\u0142czesnych katolik\u00f3w \u201d\u201d zar\u00f3wno duchownych, jak i \u015bwieckich \u201d\u201d nigdy nawet nie s\u0142ysza\u0142y. Tymczasem zawiera ona liczne prawdy zwi\u0105zane z relacjami pomi\u0119dzy Ko\u015bcio\u0142em a heretyckimi i schizmatyckimi sektami.<\/strong><\/p>\r\n<p>Zauwa\u017caj\u0105c \u00f3wczesne globalne d\u0105\u017cenia do jedno\u015bci politycznej, papie\u017c przestrzega przed fa\u0142szywie rozumianym zjednoczeniem religijnym, kt\u00f3re mia\u0142oby zaistnie\u0107 pomi\u0119dzy katolikami i lud\u017ami nieprzyjmuj\u0105cymi wszystkich prawd podanych do wierzenia przez Ko\u015bci\u00f3\u0142 katolicki:<\/p>\r\n<p style=\"padding-left: 30px;\"><em>W tym celu urz\u0105dzaj\u0105 zjazdy, zebrania i odczyty z nieprzeci\u0119tnym udzia\u0142em s\u0142uchaczy i zapraszaj\u0105 na nie dla om\u00f3wienia tej sprawy wszystkich, bez r\u00f3\u017cnicy, pogan wszystkich odcieni, jak i chrze\u015bcijan, ba, nawet tych, kt\u00f3rzy \u201d\u201d niestety \u201d\u201d odpadli od Chrystusa, lub te\u017c uporczywie przeciwstawiaj\u0105 si\u0119 Jego Boskiej naturze i pos\u0142annictwu. Katolicy nie mog\u0105 \u017cadnym paktowaniem pochwali\u0107 takich usi\u0142owa\u0144, poniewa\u017c one polegaj\u0105 na b\u0142\u0119dnym zapatrywaniu, \u017ce wszystkie religie s\u0105 mniej lub wi\u0119cej dobre i chwalebne, o ile, \u017ce one w r\u00f3wny spos\u00f3b, chocia\u017c w r\u00f3\u017cnej formie, ujawniaj\u0105 i wyra\u017caj\u0105 nasz przyrodzony zmys\u0142, kt\u00f3ry nas poci\u0105ga do Boga i do wiernego uznania Jego panowania. Wyznawcy tej idei nie tylko s\u0105 w b\u0142\u0119dzie i \u0142udz\u0105 si\u0119, lecz odst\u0119puj\u0105 r\u00f3wnie\u017c od prawdziwej wiary, wypaczaj\u0105c jej poj\u0119cie i wpadaj\u0105c krok po kroku w naturalizm i ateizm. Z tego jasno wynika, \u017ce od religii przez Boga nam objawionej, odst\u0119puje zupe\u0142nie ten, ktokolwiek podobne idee i usi\u0142owania popiera<\/em><sup><a name=\"odeslanie_1\" href=\"http:\/\/www.legitymizm.org\/o-encyklice-mortalium-animos#przypis_1\"><\/a>1<\/sup>.<\/p>\r\n<p>Niestety, ale czytaj\u0105c powy\u017cszy fragment encykliki, przychodz\u0105 mi na my\u015bl mi\u0119dzywyznaniowe spotkania w Asy\u017cu, zaaran\u017cowane w 1986 roku przez Jana Paw\u0142a II. Czy\u017c nie s\u0105 one smutnym przyk\u0142adem tego, o czym pisze Pius XI? Co gorsza, nast\u0119pca papie\u017ca z Polski, Benedykt XVI, zapowiedzia\u0142, \u017ce w pa\u017adzierniku 2011 r. odb\u0119dzie si\u0119 w Asy\u017cu kolejne spotkanie mi\u0119dzyreligijne z jego udzia\u0142em.<\/p>\r\n<p>W dalszej cz\u0119\u015bci \u201eMortalium animos\u201d papie\u017c przypomina, \u017ce Ko\u015bci\u00f3\u0142 Chrystusowy by\u0142, jest i zawsze b\u0119dzie tylko jeden \u201d\u201d jedyny \u201d\u201d a jest nim oczywi\u015bcie Ko\u015bci\u00f3\u0142 katolicki. Przytacza tak\u017ce s\u0142owa Laktancjusza: <em>Tylko\u2026 katolicki Ko\u015bci\u00f3\u0142 przestrzega prawdziwej wiary. On jest \u015bwi\u0105tyni\u0105 Boga. Kto do niego nie wst\u0105pi, lub go opuszcza, ten\u00a0z dala od nadziei \u017cycia i zbawienia<\/em>.<\/p>\r\n<p>Natomiast o w\u0142a\u015bciwym d\u0105\u017ceniu do zjednoczenia chrze\u015bcijan pisze Pius XI:<\/p>\r\n<p style=\"padding-left: 30px;\"><em>Pracy nad jedno\u015bci\u0105 chrze\u015bcijan nie wolno popiera\u0107 inaczej, jak tylko dzia\u0142aniem w tym duchu, by odszczepie\u0144cy powr\u00f3cili na \u0142ono jedynego, prawdziwego Ko\u015bcio\u0142a Chrystusowego, od kt\u00f3rego kiedy\u015b, niestety, odpadli. Powtarzamy, by powr\u00f3cili do jednego Ko\u015bcio\u0142a Chrystusa, kt\u00f3ry jest wszystkim widomy i po wsze czasy, z woli Swego Za\u0142o\u017cyciela, pozostanie takim, jakim go On dla zbawienia wszystkich ludzi ustanowi\u0142<\/em>.<\/p>\r\n<p>Jak wida\u0107, prawdziwy \u201eekumenizm\u201d nie ma wiele wsp\u00f3lnego z tym, jaki uprawiaj\u0105 posoborowi \u201eodnowiciele\u201d. Patrz\u0105c na odej\u015bcie wielu s\u0142ug Ko\u015bcio\u0142a od tradycyjnej katolickiej doktryny, pozostaje mi jeszcze na koniec przytoczy\u0107 wezwanie papie\u017ca Piusa XI:<\/p>\r\n<p style=\"padding-left: 30px;\"><em>W tej wa\u017cnej i donios\u0142ej sprawie prosimy o wstawiennictwo Naj\u015bwi\u0119tszej Dziewicy Maryi, Matki \u0141aski Bo\u017cej, Zwyci\u0119\u017cczyni wszystkich herezji i Wspomo\u017cenia Wiernych i wzywamy wszystkich chrze\u015bcijan, by si\u0119 do Niej modlili, aby Ona przez swe wstawiennictwo da\u0142a Nam doczeka\u0107 si\u0119 jak najpr\u0119dzej tego upragnionego dnia, w kt\u00f3rym ludzie p\u00f3jd\u0105 za g\u0142osem Jej Boskiego Syna i \u201ezachowaj\u0105 jedno\u015b\u0107 ducha w\u0119z\u0142em pokoju\u201d<\/em>.<\/p>\r\n<p><strong><em>Adam W\u0105troba<\/em><\/strong><\/p>\r\n<hr \/>\r\n<p><sup><a name=\"przypis_1\" href=\"http:\/\/www.legitymizm.org\/o-encyklice-mortalium-animos#odeslanie_1\"><\/a>1<\/sup>\u00a0Wszystkie cytaty za: Pius XI, <em>Mortalium animos<\/em>, wyd. Te Deum, Warszawa 2001.<\/p>\r\n<blockquote>\r\n<p>Poni\u017cej zamieszczamy &#8211; na wyra\u017an\u0105 pro\u015bb\u0119 Autora &#8211; przes\u0142ane w dniu 12 grudnia 2011 roku o\u015bwiadczenie:<\/p>\r\n<div class=\"zrodlo\">\r\n<p><strong>O\u015bwiadczenie<\/strong><\/p>\r\n<p>Z ca\u0142\u0105 pokor\u0105 i uni\u017ceniem, ze \u015bwiadomo\u015bci\u0105 swojej grzeszno\u015bci i omylno\u015bci\u00a0<strong>odwo\u0142uj\u0119<\/strong>\u00a0wszystkie s\u0142owa z moich artyku\u0142\u00f3w (g\u0142\u00f3wnie z: \u201eKatolik w posoborowiu\u201d i \u201eO encyklice Mortalium animos\u201d), kt\u00f3re zawiera\u0142y twierdzenia jakoby Sob\u00f3r Watyka\u0144ski II naucza\u0142 herezji czy b\u0142\u0119d\u00f3w, a dzia\u0142ania papie\u017cy (zw\u0142aszcza w dziedzinie ekumenizmu) \u201epontyfikuj\u0105cych\u201d po Piusie XII by\u0142y niezgodne z Tradycj\u0105 Ko\u015bcio\u0142a. Moje stanowisko wyra\u017cone w tych artyku\u0142ach uleg\u0142o zmianie, na skutek wi\u0119kszego zag\u0142\u0119bienia si\u0119 w sprawy zwi\u0105zane z SWII.\u00a0<\/p>\r\n<p>Obecnie niestety nie jestem w stanie jednoznacznie okre\u015bli\u0107 swojego stanowiska w tych sprawach &#8211; ca\u0142y czas poszukuj\u0119 odpowiedzi na zapalne problemy (takie jak: kwestia wolno\u015bci religijnej &#8211; pot\u0119pianej przez przedsoborowych papie\u017cy, a przez Sob\u00f3r Watyka\u0144ski II afirmowanej; kwestia ekumenizmu, spotka\u0144 mi\u0119dzywyznaniowych w Asy\u017cu).<\/p>\r\n<p>Jako wierny s\u0142uga Ko\u015bcio\u0142a, nie chc\u0119 zabiera\u0107 g\u0142osu w sprawach, co do kt\u00f3rych nie mam pewno\u015bci lub w kt\u00f3rych po prostu brakuje mi wiedzy, \u017ceby przypadkiem nie zaszkodzi\u0107 Ko\u015bcio\u0142owi katolickiemu, mojemu Nauczycielowi i Matce.<\/p>\r\n<p>Wspomniane artyku\u0142y pozostan\u0105 niestety na niekt\u00f3rych portalach internetowych, pomimo moich pr\u00f3\u015bb o ich usuni\u0119cie.\u00a0<\/p>\r\n<p><em>Adam W\u0105troba<\/em><\/p>\r\n<\/div>\r\n<\/blockquote>","protected":false},"excerpt":{"rendered":"Wydana w 1928 roku przez papie\u017ca Piusa XI encyklika \u201eMortalium animos\u201d jest jednym z tych dokument\u00f3w, o kt\u00f3rych z pewno\u015bci\u0105 rzesze wsp\u00f3\u0142czesnych katolik\u00f3w \u201d\u201d zar\u00f3wno duchownych, jak i \u015bwieckich \u201d\u201d nigdy nawet nie s\u0142ysza\u0142y. Tymczasem zawiera ona liczne prawdy zwi\u0105zane z relacjami pomi\u0119dzy Ko\u015bcio\u0142em a heretyckimi i schizmatyckimi sektami. Zauwa\u017caj\u0105c \u00f3wczesne globalne d\u0105\u017cenia do jedno\u015bci [&hellip;]","protected":false},"author":1,"featured_media":0,"comment_status":"closed","ping_status":"closed","sticky":false,"template":"","format":"standard","meta":{"_acf_changed":false,"_monsterinsights_skip_tracking":false,"_monsterinsights_sitenote_active":false,"_monsterinsights_sitenote_note":"","_monsterinsights_sitenote_category":0,"ngg_post_thumbnail":0,"footnotes":"","_wp_rev_ctl_limit":""},"categories":[135],"tags":[119],"acf":[],"_links":{"self":[{"href":"https:\/\/www.bibula.com\/index.php?rest_route=\/wp\/v2\/posts\/43898"}],"collection":[{"href":"https:\/\/www.bibula.com\/index.php?rest_route=\/wp\/v2\/posts"}],"about":[{"href":"https:\/\/www.bibula.com\/index.php?rest_route=\/wp\/v2\/types\/post"}],"author":[{"embeddable":true,"href":"https:\/\/www.bibula.com\/index.php?rest_route=\/wp\/v2\/users\/1"}],"replies":[{"embeddable":true,"href":"https:\/\/www.bibula.com\/index.php?rest_route=%2Fwp%2Fv2%2Fcomments&post=43898"}],"version-history":[{"count":0,"href":"https:\/\/www.bibula.com\/index.php?rest_route=\/wp\/v2\/posts\/43898\/revisions"}],"wp:attachment":[{"href":"https:\/\/www.bibula.com\/index.php?rest_route=%2Fwp%2Fv2%2Fmedia&parent=43898"}],"wp:term":[{"taxonomy":"category","embeddable":true,"href":"https:\/\/www.bibula.com\/index.php?rest_route=%2Fwp%2Fv2%2Fcategories&post=43898"},{"taxonomy":"post_tag","embeddable":true,"href":"https:\/\/www.bibula.com\/index.php?rest_route=%2Fwp%2Fv2%2Ftags&post=43898"}],"curies":[{"name":"wp","href":"https:\/\/api.w.org\/{rel}","templated":true}]}}