{"id":43852,"date":"2011-09-19T09:15:17","date_gmt":"2011-09-19T14:15:17","guid":{"rendered":"http:\/\/www.bibula.com\/?p=43852"},"modified":"2011-09-19T13:41:59","modified_gmt":"2011-09-19T18:41:59","slug":"zygmunt-bauman-zydowski-komunista-chce-30-milionow-nowych-imigrantow-w-europie","status":"publish","type":"post","link":"https:\/\/www.bibula.com\/?p=43852","title":{"rendered":"Zygmunt Bauman, \u017cydowski komunista, chce 30 milion\u00f3w nowych imigrant\u00f3w w Europie"},"content":{"rendered":"<p><strong>Socjolog Zygmunt Bauman powiedzia\u0142 w niedziel\u0119 w Pordenone na p\u00f3\u0142nocy W\u0142och, \u017ce je\u015bli Europa w ci\u0105gu nast\u0119pnych 30 lat nie przyjmie co najmniej 30 milion\u00f3w imigrant\u00f3w, \u201estanie w obliczu upadku demograficznego, kt\u00f3ry spowoduje upadek cywilizacji europejskiej\u201d.<\/strong><\/p>\r\n<p>Mieszkaj\u0105cy w Wielkiej Brytanii znany polski socjolog w wyst\u0105pieniu podczas festiwalu nauki we w\u0142oskim mie\u015bcie m\u00f3wi\u0142 o strachu, jaki wywo\u0142uje imigracja w spo\u0142ecze\u0144stwach zachodnich, g\u0142\u00f3wnie &#8211; jego zdaniem &#8211; za spraw\u0105 polityk\u00f3w.<\/p>\r\n<p>\u201ePolityka prawicy i centrum podsyca iluzj\u0119, \u017ce mo\u017cna powr\u00f3ci\u0107 do dawnej sytuacji, eliminuj\u0105c imigracj\u0119. Z takimi obietnicami wygrywa si\u0119 wybory, ale tak\u017ce politycy wiedz\u0105, \u017ce to puste obietnice, gdy\u017c kapita\u0142 przemys\u0142owy potrzebuje coraz wi\u0119cej imigracji\u201d &#8211; powiedzia\u0142 Bauman.<\/p>\r\n<p>(Wi\u0119cej na <a href=\"http:\/\/fakty.interia.pl\/swiat\/news\/znany-socjolog-o-realnej-grozbie-upadku-cywilizacji,1696484\" target=\"_blank\">fakty.interia.pl<\/a>)<\/p>\r\n<p class=\"zrodlo\">Za: <a href=\"http:\/\/www.euroislam.pl\/index.php\/2011\/09\/bauman-chce-30-milionow-nowych-imigrantow-w-europie\/%20\">EuroIslam.pl (19 wrze\u015bnia 2011) &#8211; &#8222;Bauman chce 30 milion\u00f3w nowych imigrant\u00f3w w Europie&#8221;<\/a><\/p>\r\n<blockquote>\r\n<p><strong>KOMENTARZ <em>BIBU\u0141Y<\/em><\/strong>: Informacje podawane przez g\u0142\u00f3wne media w Polsce manipuluj\u0105 odbiorc\u0105 stosuj\u0105c znan\u0105 socjotechniczn\u0105 metod\u0119 polegaj\u0105c\u0105 na przemilczaniu wielu, w tym i tych kluczowych informacji. W przypadku powy\u017cszej informacji nie podaje si\u0119 np. pochodzenia i przekona\u0144 osobnika okre\u015blanego mianem &#8222;znanego polskiego socjologa&#8221;. Przypomnijmy zatem, \u017ce pan Zygmunt Bauman pochodzi z rodziny \u017cydowskiej, jest &#8211; nawet do dnia dzisiejszego, co powinno by\u0107 dowodem swoistej aberracji umys\u0142owej &#8211; przekonanym i oddanym marksist\u0105, przyczyni\u0142 si\u0119 w ci\u0105gu swego \u017cycia znacznie do wielu antypolskich akcji, np. wiernie\u00a0 s\u0142u\u017c\u0105c w milicji radzieckiej, potem w tzw. Ludowym Wojsku Polskim jako sowiecki politruk, by w pe\u0142ni wykaza\u0107 si\u0119 w antypolskich oddzia\u0142ach Korpusu Bezpiecze\u0144stwa Wewn\u0119trznego &#8211; stworzonej przez wywiad sowiecki wojskowej formacji maj\u0105cej za cel zwalczanie polskiego podziemia i ka\u017cdego kto marzy\u0142 o wolnej Polsce.<br \/>Oczywi\u015bcie, w czasach gdy honoruje si\u0119 \u017cydowskich komunist\u00f3w, otrzyma\u0142 on w listopadzie 2010, w dniu swoich 85-tych urodzin, Z\u0142oty Medal 'Zas\u0142u\u017cony Kulturze Gloria Artis&#8217;, kt\u00f3ry wr\u0119czy\u0142 mu minister &#8222;Kultury i Dziedzictwa Narodowego&#8221;, Bogdan Zdrojewski.<\/p>\r\n<p>Przypomnijmy r\u00f3wnie\u017c, \u017ce najbardziej zainteresowan\u0105 grup\u0105 etniczn\u0105 w dywersyfikacji narodowo\u015bciowo-etniczno-religijno-kulturowej, s\u0105 w\u0142a\u015bnie \u017bydzi. Jak szczerze przyzna\u0142 to swego czasu Leonard S. Glickman, prezydent <em>Hebrew Immigrant Aid Society<\/em>, opisuj\u0105c sytuacj\u0119 w USA: &#8222;Im bardziej ameryka\u0144skie spo\u0142ecze\u0144stwo jest zdywersyfikowane, tym bezpieczniej dla \u017byd\u00f3w.\u201d \u015arodowiska i lobby \u017cydowskie d\u0105\u017c\u0105 &#8211; dla swojego bezpiecze\u0144stwa i dla u\u0142atwienia kontroli nad spo\u0142ecze\u0144stwami &#8211; do promowania imigracji, szczeg\u00f3lnie zwracaj\u0105c uwag\u0119 na mieszanie kultur i ras.<\/p>\r\n<\/blockquote>\r\n<p>&nbsp;<\/p>\r\n<blockquote>\r\n<p>Przytaczamy r\u00f3wnie\u017c wpis blogerki <em>Eska<\/em>:<\/p>\r\n<h2>Ja wszystko rozumiem<\/h2>\r\n<p>Ja rozumiem, \u017ce Szymborska pisz\u0105c wiersze pochwalne dla Stalina by\u0142a m\u0142od\u0105 siks\u0105, kt\u00f3ra chcia\u0142a zrobi\u0107 karier\u0119. Ja rozumiem \u201epryszczatych\u201d, kt\u00f3rych uwi\u00f3d\u0142 socrealizm itd. Ja rozumiem Broniewskiego i Tuwima, tudzie\u017c ich alkoholizm.<\/p>\r\n<p>Ja natomiast zupe\u0142nie nie rozumiem, dlaczego g\u0142\u00f3wnym ideologiem , postaci\u0105 czczon\u0105 i zaproszon\u0105 na Kongres Kultury Europejskiej we Wroc\u0142awiu jest niejaki Bauman, oficer KBW i donosiciel Informacji Wojskowej w czasach, gdy mordowano resztki polskiej elity i zarzynano \u201e\u017co\u0142nierzy wykl\u0119tych\u201d.<\/p>\r\n<hr \/>\r\n<p>\u201eStudia rozpocz\u0105\u0142 jeszcze w 1943 w Zwi\u0105zku Sowieckim, nast\u0119pnie studiowa\u0142 podczas s\u0142u\u017cby w wojsku, w Akademii Nauk Spo\u0142ecznych i Politycznych. P\u00f3\u017aniej studiowa\u0142 filozofi\u0119 na Uniwersytecie Warszawskim, gdzie zosta\u0142 asystentem Juliana Hochfelda. By\u0142 pierwszym redaktorem naczelnym Studi\u00f3w Socjologicznych. W wyniku wydarze\u0144 marcowych zosta\u0142 w 1968 usuni\u0119ty z Uniwersytetu Warszawskiego, gdzie by\u0142 doktorem habilitowanym socjologii i kierownikiem Katedry Socjologii Og\u00f3lnej. W atmosferze antysemickiej nagonki opu\u015bci\u0142 Polsk\u0119.\u201d \/za Wiki\/<\/p>\r\n<hr \/>\r\n<p>No i prosz\u0119 -antysemicka nagonka. Biedny \u017byd wyrzucony przez faszyst\u00f3w.\u00a0Oczywi\u015bcie o tym, \u017ce to \u201ewyrzucenie\u201d, podobnie jak wyrzucenie \u00a0z pracy w UB rodzic\u00f3w pani prezydentowej nast\u0105pi\u0142o w wyniku wewn\u0119trznych rozgrywek \u201eCham\u00f3w\u201d z\u00a0\u201e\u017bydami\u201d w PZPR &#8211; ani s\u0142owa.<\/p>\r\n<p>Biedny \u017byd patrzy na faszystowsk\u0105 Polsk\u0119, postnowoczesny \u015bwiat \u00a0i udziela rad &#8211; a ca\u0142a masa durni\u00f3w \u015blini si\u0119 ze szcz\u0119\u015bcia. Z niejakim Lup\u0105 na czele. Nota bene &#8211; cho\u0107bym p\u0119k\u0142a, nie zrozumiem, co ludzie w tym Lupie widz\u0105.<\/p>\r\n<p>Nergal, szanowni pa\u0144stwo, to jest prostacki pajac, kt\u00f3ry usi\u0142uje przebi\u0107 si\u0119 do kasy. Ludzie , kt\u00f3rzy go promuj\u0105 &#8211; to ju\u017c inna bajka. Oni \u015bwiadomie kszta\u0142tuj\u0105 przekaz.<\/p>\r\n<p>Bauman to stary dziadek, kt\u00f3ry powinien siedzie\u0107 cicho i by\u0107 szcz\u0119\u015bliwy, \u017ce go nikt przed s\u0105dy nie w\u0142\u00f3czy za to, co robi\u0142 w latach 40\/50. Ludzie, kt\u00f3rzy go promuj\u0105, te\u017c czyni\u0105 to \u015bwiadomie.<\/p>\r\n<p><strong><em>Eska<\/em><\/strong><\/p>\r\n<p class=\"zrodlo\">Za: <a href=\"http:\/\/eska.salon24.pl\/344399,niejaki-bauman\">Eska blog (19.09.2011) <\/a><\/p>\r\n<\/blockquote>","protected":false},"excerpt":{"rendered":"Socjolog Zygmunt Bauman powiedzia\u0142 w niedziel\u0119 w Pordenone na p\u00f3\u0142nocy W\u0142och, \u017ce je\u015bli Europa w ci\u0105gu nast\u0119pnych 30 lat nie przyjmie co najmniej 30 milion\u00f3w imigrant\u00f3w, \u201estanie w obliczu upadku demograficznego, kt\u00f3ry spowoduje upadek cywilizacji europejskiej\u201d. Mieszkaj\u0105cy w Wielkiej Brytanii znany polski socjolog w wyst\u0105pieniu podczas festiwalu nauki we w\u0142oskim mie\u015bcie m\u00f3wi\u0142 o strachu, jaki [&hellip;]","protected":false},"author":1,"featured_media":0,"comment_status":"closed","ping_status":"closed","sticky":false,"template":"","format":"standard","meta":{"_acf_changed":false,"_monsterinsights_skip_tracking":false,"_monsterinsights_sitenote_active":false,"_monsterinsights_sitenote_note":"","_monsterinsights_sitenote_category":0,"ngg_post_thumbnail":0,"footnotes":"","_wp_rev_ctl_limit":""},"categories":[6],"tags":[23,76,53],"acf":[],"_links":{"self":[{"href":"https:\/\/www.bibula.com\/index.php?rest_route=\/wp\/v2\/posts\/43852"}],"collection":[{"href":"https:\/\/www.bibula.com\/index.php?rest_route=\/wp\/v2\/posts"}],"about":[{"href":"https:\/\/www.bibula.com\/index.php?rest_route=\/wp\/v2\/types\/post"}],"author":[{"embeddable":true,"href":"https:\/\/www.bibula.com\/index.php?rest_route=\/wp\/v2\/users\/1"}],"replies":[{"embeddable":true,"href":"https:\/\/www.bibula.com\/index.php?rest_route=%2Fwp%2Fv2%2Fcomments&post=43852"}],"version-history":[{"count":0,"href":"https:\/\/www.bibula.com\/index.php?rest_route=\/wp\/v2\/posts\/43852\/revisions"}],"wp:attachment":[{"href":"https:\/\/www.bibula.com\/index.php?rest_route=%2Fwp%2Fv2%2Fmedia&parent=43852"}],"wp:term":[{"taxonomy":"category","embeddable":true,"href":"https:\/\/www.bibula.com\/index.php?rest_route=%2Fwp%2Fv2%2Fcategories&post=43852"},{"taxonomy":"post_tag","embeddable":true,"href":"https:\/\/www.bibula.com\/index.php?rest_route=%2Fwp%2Fv2%2Ftags&post=43852"}],"curies":[{"name":"wp","href":"https:\/\/api.w.org\/{rel}","templated":true}]}}