{"id":43778,"date":"2011-09-18T10:35:14","date_gmt":"2011-09-18T15:35:14","guid":{"rendered":"http:\/\/www.bibula.com\/?p=43778"},"modified":"2011-09-18T10:35:14","modified_gmt":"2011-09-18T15:35:14","slug":"rosja-znicze-na-mogilach-polskich-zolnierzy","status":"publish","type":"post","link":"https:\/\/www.bibula.com\/?p=43778","title":{"rendered":"Rosja: Znicze na mogi\u0142ach polskich \u017co\u0142nierzy"},"content":{"rendered":"<p><strong>Na rozsianych po ca\u0142ej Rosji mogi\u0142ach polskich \u017co\u0142nierzy zap\u0142on\u0119\u0142y dzi\u015b znicze. Tamtejsi Polacy oddali w ten spos\u00f3b ho\u0142d tym wszystkim, kt\u00f3rzy zgin\u0119li walcz\u0105c o Polsk\u0119 i polsko\u015b\u0107.<\/strong><\/p>\r\n<p>Jednocze\u015bnie przypomniano o tragicznych wydarzeniach z 17 wrze\u015bnia 1939 roku, kiedy na walcz\u0105c\u0105 z hitlerowskimi Niemcami Polsk\u0119 napad\u0142a armia Zwi\u0105zku Radzieckiego.<br \/><br \/>Rosyjskie media nie przywi\u0105zuj\u0105 wagi do wydarze\u0144 sprzed 72 lat. Rosjanie wykszta\u0142ceni w czasach Zwi\u0105zku Radzieckiego uwa\u017caj\u0105, \u017ce Armia Czerwona zaj\u0119\u0142a cz\u0119\u015b\u0107 wschodnich terytori\u00f3w Rzeczpospolitej, aby broni\u0107 przez niemieck\u0105 agresj\u0105 mieszkaj\u0105cych tam rodak\u00f3w oraz \u201ebraci Bia\u0142orusin\u00f3w i Ukrai\u0144c\u00f3w\u201d. <br \/><br \/>\u201eRosjanie bardzo ma\u0142o wiedz\u0105 na temat Katynia i innych tragedii, kt\u00f3re si\u0119 wtedy dokona\u0142y\u201d &#8211; uwa\u017ca t\u0142umacz j\u0119zyka polskiego Helena Szyma\u0144ska. Natomiast pami\u0119\u0107 o tragicznych wydarzeniach z 17 wrze\u015bnia 1939 roku by\u0142a kultywowana w rodzinach o polskich korzeniach. \u201eRozmawiali\u015bmy na ten temat w domu, ale w tajemnicy\u201d &#8211; opowiadaj\u0105 nasi rodacy mieszkaj\u0105cy w Rosji. <br \/><br \/>Tragiczne losy Polak\u00f3w rozstrzeliwanych i wi\u0119zionych w rosyjskich \u0142agrach s\u0105 jednym z element\u00f3w edukacji historycznej prowadzonej przez stowarzyszenie obrony praw cz\u0142owieka \u201eMemoria\u0142\u201d. Jego dzia\u0142acze uwa\u017caj\u0105, \u017ce poprzez odk\u0142amywanie tych fragment\u00f3w historii uda si\u0119 odk\u0142ama\u0107 ca\u0142\u0105 histori\u0119 Zwi\u0105zku Radzieckiego i przeprowadzi\u0107 proces destalinizacji.<br \/><br \/>IAR\/Kresy.pl <\/p>","protected":false},"excerpt":{"rendered":"Na rozsianych po ca\u0142ej Rosji mogi\u0142ach polskich \u017co\u0142nierzy zap\u0142on\u0119\u0142y dzi\u015b znicze. Tamtejsi Polacy oddali w ten spos\u00f3b ho\u0142d tym wszystkim, kt\u00f3rzy zgin\u0119li walcz\u0105c o Polsk\u0119 i polsko\u015b\u0107. Jednocze\u015bnie przypomniano o tragicznych wydarzeniach z 17 wrze\u015bnia 1939 roku, kiedy na walcz\u0105c\u0105 z hitlerowskimi Niemcami Polsk\u0119 napad\u0142a armia Zwi\u0105zku Radzieckiego.Rosyjskie media nie przywi\u0105zuj\u0105 wagi do wydarze\u0144 sprzed [&hellip;]","protected":false},"author":1,"featured_media":0,"comment_status":"closed","ping_status":"closed","sticky":false,"template":"","format":"standard","meta":{"_acf_changed":false,"_monsterinsights_skip_tracking":false,"_monsterinsights_sitenote_active":false,"_monsterinsights_sitenote_note":"","_monsterinsights_sitenote_category":0,"ngg_post_thumbnail":0,"footnotes":"","_wp_rev_ctl_limit":""},"categories":[6],"tags":[50,141,59],"acf":[],"_links":{"self":[{"href":"https:\/\/www.bibula.com\/index.php?rest_route=\/wp\/v2\/posts\/43778"}],"collection":[{"href":"https:\/\/www.bibula.com\/index.php?rest_route=\/wp\/v2\/posts"}],"about":[{"href":"https:\/\/www.bibula.com\/index.php?rest_route=\/wp\/v2\/types\/post"}],"author":[{"embeddable":true,"href":"https:\/\/www.bibula.com\/index.php?rest_route=\/wp\/v2\/users\/1"}],"replies":[{"embeddable":true,"href":"https:\/\/www.bibula.com\/index.php?rest_route=%2Fwp%2Fv2%2Fcomments&post=43778"}],"version-history":[{"count":0,"href":"https:\/\/www.bibula.com\/index.php?rest_route=\/wp\/v2\/posts\/43778\/revisions"}],"wp:attachment":[{"href":"https:\/\/www.bibula.com\/index.php?rest_route=%2Fwp%2Fv2%2Fmedia&parent=43778"}],"wp:term":[{"taxonomy":"category","embeddable":true,"href":"https:\/\/www.bibula.com\/index.php?rest_route=%2Fwp%2Fv2%2Fcategories&post=43778"},{"taxonomy":"post_tag","embeddable":true,"href":"https:\/\/www.bibula.com\/index.php?rest_route=%2Fwp%2Fv2%2Ftags&post=43778"}],"curies":[{"name":"wp","href":"https:\/\/api.w.org\/{rel}","templated":true}]}}