{"id":4332,"date":"2008-12-13T11:12:58","date_gmt":"2008-12-13T16:12:58","guid":{"rendered":"http:\/\/www.bibula.com\/?p=4332"},"modified":"2008-12-30T13:04:16","modified_gmt":"2008-12-30T18:04:16","slug":"iran-wielka-brytania-i-usa-wspieraja-grupy-terrorystyczne","status":"publish","type":"post","link":"https:\/\/www.bibula.com\/?p=4332","title":{"rendered":"Iran: Wielka Brytania i USA wspieraj\u0105 grupy terrorystyczne"},"content":{"rendered":"<p>Ira\u0144skie w\u0142adze stwierdzi\u0142y, \u017ce Wielka Brytania i Stany Zjednoczone wspieraj\u0105 grupy terrorystyczne &#8211; podaje izraelski dziennika <a href=\"http:\/\/www.haaretz.com\/hasen\/spages\/1046171.html\" target=\"_blank\"><em>Haaretz<\/em><\/a>.<\/p>\r\n\r\n<p>&#8222;Jeste\u015bmy w posiadaniu dokument\u00f3w pokazuj\u0105cych, i\u017c Wielka Brytania i Ameryka wspieraj\u0105 grup\u0119 terrorystyczn\u0105 kierowan\u0105 przez [Abdolmalek] Rigi, dostarczaj\u0105c jej bro\u0144 i zaplecze wywiadowcze&#8221; &#8211; brzmia\u0142a zacytowana w ira\u0144skim radio wypowied\u017a Ebrahim Raisi, szefa wymiaru sprawiedliwo\u015bci.<\/p>\r\n\r\n<p><span class=\"t13\">Wypowied\u017a dotyczy szyickiej<\/span> grupy <em>Jundollah<\/em> (Bojownicy Boga), kt\u00f3ra w czerwcu br. zabi\u0142a 16 policjant\u00f3w ira\u0144skich, nale\u017c\u0105cej wed\u0142ug \u017ar\u00f3de\u0142 ira\u0144skich do sunnickiej siatki terrorystycznej al Qaida. Grupa <em>Jundollah<\/em> wskazywana jest jako odpowiedzialna za atak na autobus w 2007 roku, zabijaj\u0105c 11 ira\u0144skich \u017co\u0142nie<\/p>","protected":false},"excerpt":{"rendered":"Ira\u0144skie w\u0142adze stwierdzi\u0142y, \u017ce Wielka Brytania i Stany Zjednoczone wspieraj\u0105 grupy terrorystyczne &#8211; podaje izraelski dziennika Haaretz. &#8222;Jeste\u015bmy w posiadaniu dokument\u00f3w pokazuj\u0105cych, i\u017c Wielka Brytania i Ameryka wspieraj\u0105 grup\u0119 terrorystyczn\u0105 kierowan\u0105 przez [Abdolmalek] Rigi, dostarczaj\u0105c jej bro\u0144 i zaplecze wywiadowcze&#8221; &#8211; brzmia\u0142a zacytowana w ira\u0144skim radio wypowied\u017a Ebrahim Raisi, szefa wymiaru sprawiedliwo\u015bci. Wypowied\u017a dotyczy szyickiej [&hellip;]","protected":false},"author":1,"featured_media":0,"comment_status":"closed","ping_status":"closed","sticky":false,"template":"","format":"standard","meta":{"_acf_changed":false,"_monsterinsights_skip_tracking":false,"ngg_post_thumbnail":0,"footnotes":"","_wp_rev_ctl_limit":""},"categories":[6],"tags":[88],"acf":[],"_links":{"self":[{"href":"https:\/\/www.bibula.com\/index.php?rest_route=\/wp\/v2\/posts\/4332"}],"collection":[{"href":"https:\/\/www.bibula.com\/index.php?rest_route=\/wp\/v2\/posts"}],"about":[{"href":"https:\/\/www.bibula.com\/index.php?rest_route=\/wp\/v2\/types\/post"}],"author":[{"embeddable":true,"href":"https:\/\/www.bibula.com\/index.php?rest_route=\/wp\/v2\/users\/1"}],"replies":[{"embeddable":true,"href":"https:\/\/www.bibula.com\/index.php?rest_route=%2Fwp%2Fv2%2Fcomments&post=4332"}],"version-history":[{"count":0,"href":"https:\/\/www.bibula.com\/index.php?rest_route=\/wp\/v2\/posts\/4332\/revisions"}],"wp:attachment":[{"href":"https:\/\/www.bibula.com\/index.php?rest_route=%2Fwp%2Fv2%2Fmedia&parent=4332"}],"wp:term":[{"taxonomy":"category","embeddable":true,"href":"https:\/\/www.bibula.com\/index.php?rest_route=%2Fwp%2Fv2%2Fcategories&post=4332"},{"taxonomy":"post_tag","embeddable":true,"href":"https:\/\/www.bibula.com\/index.php?rest_route=%2Fwp%2Fv2%2Ftags&post=4332"}],"curies":[{"name":"wp","href":"https:\/\/api.w.org\/{rel}","templated":true}]}}