{"id":42949,"date":"2011-09-02T21:31:06","date_gmt":"2011-09-03T02:31:06","guid":{"rendered":"http:\/\/www.bibula.com\/?p=42949"},"modified":"2011-09-02T21:33:41","modified_gmt":"2011-09-03T02:33:41","slug":"turcja-wydala-ambasadora-izraela","status":"publish","type":"post","link":"https:\/\/www.bibula.com\/?p=42949","title":{"rendered":"Turcja wydala ambasadora Izraela"},"content":{"rendered":"<p><strong>Turcja wydala ambasadora Izraela i zawiesza wsp\u00f3\u0142prac\u0119 wojskow\u0105 z tym krajem w reakcji na izraelsk\u0105 odmow\u0119 przeproszenia za ubieg\u0142oroczny atak na Flotyll\u0119 Wolno\u015bci, kt\u00f3ra chcia\u0142a przerwa\u0107 izraelsk\u0105 blokad\u0119 Strefy Gazy.<\/strong><\/p>\r\n<p>Poinformowa\u0142 o tym szef tureckiej dyplomacji Ahmet Davutoglu, zapowiadaj\u0105c tak\u017ce redukcj\u0119 dyplomatycznego przedstawicielstwa Turcji w Izraelu do szczebla drugiego sekretarza. Swego ambasadora Turcja odwo\u0142a\u0142a z Izraela ju\u017c wcze\u015bniej.<\/p>\r\n<p>Davutoglu podkre\u015bli\u0142, \u017ce Ankara nie uznaje legalno\u015bci izraelskiej blokady Strefy Gazy. Ca\u0142\u0105 odpowiedzialno\u015bci\u0105 za obecn\u0105 sytuacj\u0119 w stosunkach dwustronnych obci\u0105\u017cy\u0142 stron\u0119 izraelsk\u0105.<\/p>\r\n<p>&#8211; Czas ju\u017c, \u017ceby Izrael zap\u0142aci\u0142 &#8211; cytuje Reuters szefa tureckiej dyplomacji.<\/p>\r\n<p>Dziewi\u0119ciu Turk\u00f3w, w\u015br\u00f3d nich jeden z podw\u00f3jnym obywatelstwem &#8211; tureckim i ameryka\u0144skim &#8211; zgin\u0119\u0142o w maju 2010 roku w czasie ataku izraelskich komandos\u00f3w, kt\u00f3rzy ze \u015bmig\u0142owc\u00f3w dokonali na wodach mi\u0119dzynarodowych aborda\u017cu \u201eMavi Marmara\u201d, statku flagowego flotylli, pr\u00f3buj\u0105cej przerwa\u0107 izraelsk\u0105 blokad\u0119 Strefy Gazy.<\/p>\r\n<p>W czwartek opublikowany zosta\u0142 raport ONZ w sprawie tamtego incydentu. Wyra\u017cono w nim opini\u0119, \u017ce izraelska blokada Strefy Gazy jest legalna, ale Izrael u\u017cy\u0142 przeciwko Flotylli Wolno\u015bci nadmiernej si\u0142y.<\/p>\r\n<p>Davutoglu nie zgodzi\u0142 si\u0119 z niekt\u00f3rymi ustaleniami raportu, kt\u00f3ry dziennik \u201eNew York Times\u201d zamie\u015bci\u0142 na swej stronie internetowej.<\/p>\r\n<p>Normalizacj\u0119 stosunk\u00f3w Turcja uzale\u017cnia od izraelskich przeprosin za \u015bmier\u0107 Turk\u00f3w, wyp\u0142acenia odszkodowa\u0144 ich <a id=\"anchorbbtBubble209\">rodzinom<\/a> oraz zako\u0144czenia blokady Strefy Gazy.<\/p>\r\n<p>Izrael zgodzi\u0142 si\u0119 w zasadzie na wyp\u0142acenie odszkodowa\u0144, ale twierdzi, \u017ce jego komandosi <a id=\"anchorbbtBubble228\">dzia\u0142ali<\/a> w obronie w\u0142asnej, gdy zaatakowano ich no\u017cami i pa\u0142kami. Blokad\u0119 Strefy Gazy uzasadnia konieczno\u015bci\u0105 zapobie\u017cenia przemytowi broni dla rz\u0105dz\u0105cego tam radykalnego ugrupowania palesty\u0144skiego Hamas.<\/p>\r\n<blockquote>\r\n<p><strong>ZOB. R\u00d3WNIE\u017b<\/strong>:<\/p>\r\n<ul>\r\n<li><a title=\" Co z zapisami z kamer napadni\u0119tych aktywist\u00f3w <em>Freedom Flotilla<\/em>?&#8221; href=&#8221;..\/..\/?p=22544&#8243; rel=&#8221;bookmark&#8221;>Co z zapisami z kamer napadni\u0119tych aktywist\u00f3w <em>Freedom Flotilla<\/em>?<\/a><\/li>\r\n<li><a title=\" Zdumiewaj\u0105cy \"List gratulacyjny\u201d za morderstwa komandos\u00f3w izraelskich\" href=\"..\/..\/?p=22410\" rel=\"bookmark\">Zdumiewaj\u0105cy &#8222;List gratulacyjny\u201d za morderstwa komandos\u00f3w izraelskich<\/a><\/li>\r\n<li><a title=\" Watykan, Rada Europy krytykuj\u0105 Izrael\" href=\"..\/..\/?p=22329\" rel=\"bookmark\">Watykan, Rada Europy krytykuj\u0105 Izrael<\/a><\/li>\r\n<li><a title=\" Zbrodnicze pa\u0144stwo Izrael dokona\u0142o brutalnego ataku na Flotyll\u0119 Wolno\u015bci - 16 os\u00f3b zabitych, 60-80 rannych\" href=\"..\/..\/?p=22304\" rel=\"bookmark\">Zbrodnicze pa\u0144stwo Izrael dokona\u0142o brutalnego ataku na Flotyll\u0119 Wolno\u015bci &#8211; 16 os\u00f3b zabitych, 60-80 rannych<\/a><\/li>\r\n<\/ul>\r\n<\/blockquote>","protected":false},"excerpt":{"rendered":"Turcja wydala ambasadora Izraela i zawiesza wsp\u00f3\u0142prac\u0119 wojskow\u0105 z tym krajem w reakcji na izraelsk\u0105 odmow\u0119 przeproszenia za ubieg\u0142oroczny atak na Flotyll\u0119 Wolno\u015bci, kt\u00f3ra chcia\u0142a przerwa\u0107 izraelsk\u0105 blokad\u0119 Strefy Gazy. Poinformowa\u0142 o tym szef tureckiej dyplomacji Ahmet Davutoglu, zapowiadaj\u0105c tak\u017ce redukcj\u0119 dyplomatycznego przedstawicielstwa Turcji w Izraelu do szczebla drugiego sekretarza. Swego ambasadora Turcja odwo\u0142a\u0142a z [&hellip;]","protected":false},"author":3,"featured_media":0,"comment_status":"closed","ping_status":"closed","sticky":false,"template":"","format":"standard","meta":{"_acf_changed":false,"_monsterinsights_skip_tracking":false,"_monsterinsights_sitenote_active":false,"_monsterinsights_sitenote_note":"","_monsterinsights_sitenote_category":0,"ngg_post_thumbnail":0,"footnotes":"","_wp_rev_ctl_limit":""},"categories":[6],"tags":[72,61],"acf":[],"_links":{"self":[{"href":"https:\/\/www.bibula.com\/index.php?rest_route=\/wp\/v2\/posts\/42949"}],"collection":[{"href":"https:\/\/www.bibula.com\/index.php?rest_route=\/wp\/v2\/posts"}],"about":[{"href":"https:\/\/www.bibula.com\/index.php?rest_route=\/wp\/v2\/types\/post"}],"author":[{"embeddable":true,"href":"https:\/\/www.bibula.com\/index.php?rest_route=\/wp\/v2\/users\/3"}],"replies":[{"embeddable":true,"href":"https:\/\/www.bibula.com\/index.php?rest_route=%2Fwp%2Fv2%2Fcomments&post=42949"}],"version-history":[{"count":0,"href":"https:\/\/www.bibula.com\/index.php?rest_route=\/wp\/v2\/posts\/42949\/revisions"}],"wp:attachment":[{"href":"https:\/\/www.bibula.com\/index.php?rest_route=%2Fwp%2Fv2%2Fmedia&parent=42949"}],"wp:term":[{"taxonomy":"category","embeddable":true,"href":"https:\/\/www.bibula.com\/index.php?rest_route=%2Fwp%2Fv2%2Fcategories&post=42949"},{"taxonomy":"post_tag","embeddable":true,"href":"https:\/\/www.bibula.com\/index.php?rest_route=%2Fwp%2Fv2%2Ftags&post=42949"}],"curies":[{"name":"wp","href":"https:\/\/api.w.org\/{rel}","templated":true}]}}