{"id":42202,"date":"2011-08-16T21:12:43","date_gmt":"2011-08-17T02:12:43","guid":{"rendered":"http:\/\/www.bibula.com\/?p=42202"},"modified":"2011-08-16T21:12:43","modified_gmt":"2011-08-17T02:12:43","slug":"juz-brakuje-na-emerytury","status":"publish","type":"post","link":"https:\/\/www.bibula.com\/?p=42202","title":{"rendered":"Ju\u017c brakuje na emerytury"},"content":{"rendered":"<p>Rz\u0105d nie ma z czego wyp\u0142aca\u0107 emerytur, wi\u0119c si\u0119ga po rezerwy, kt\u00f3re mia\u0142y by\u0107 gromadzone na rzecz przysz\u0142ych pokole\u0144<\/p>\r\n<p><strong>Wobec gro\u017aby, \u017ce we wrze\u015bniu Fundusz Ubezpiecze\u0144 Spo\u0142ecznych straci p\u0142ynno\u015b\u0107 i nie b\u0119dzie m\u00f3g\u0142 regularnie wyp\u0142aca\u0107 emerytur, Rada Ministr\u00f3w przekaza\u0142a FUS cz\u0119\u015b\u0107 pieni\u0119dzy z Funduszu Rezerwy Demograficznej. A ta rezerwa jest gromadzona po to, \u017ceby za 20 lat, gdy w naszym kraju dojdzie do prawdziwej zapa\u015bci demograficznej, nie zabrak\u0142o pieni\u0119dzy na wyp\u0142at\u0119 tych \u015bwiadcze\u0144.<\/strong><br \/><br \/>Na wczorajszym posiedzeniu rz\u0105d zdecydowa\u0142, \u017ce 1 wrze\u015bnia Fundusz Rezerwy Demograficznej ma przekaza\u0107 ZUS 4 mld z\u0142, tyle bowiem \u015brodk\u00f3w brakuje FUS na wyp\u0142at\u0119 bie\u017c\u0105cych emerytur. Fundusz Ubezpiecze\u0144 Spo\u0142ecznych prawie wyczerpa\u0142 37-miliardow\u0105 dotacj\u0119 bud\u017cetow\u0105, a przychody z bie\u017c\u0105cych sk\u0142adek s\u0105 zbyt szczup\u0142e, aby dalej p\u0142ynnie wyp\u0142aca\u0107 \u015bwiadczenia blisko 5 milionom emeryt\u00f3w. Ca\u0142a armia ludzi pracuj\u0105cych w Polsce po prostu nie wnosi sk\u0142adek na ZUS lub zani\u017ca ich poziom. M\u015bci si\u0119 polityka patrzenia przez palce na powszechn\u0105 praktyk\u0119 zatrudniania pracownik\u00f3w na czarno lub na umowy-zlecenia, ucieczk\u0119 przedsi\u0119biorc\u00f3w pod skrzyd\u0142a KRUS czy tolerowanie tzw. instytucji samozatrudnienia w\u015br\u00f3d znakomicie zarabiaj\u0105cej kadry mened\u017cerskiej.<br \/>Skutki ewentualnego niewyp\u0142acenia czy op\u00f3\u017anienia wyp\u0142aty \u015bwiadcze\u0144 przez ZUS nietrudno sobie wyobrazi\u0107: w nadchodz\u0105cych wyborach pi\u0119ciomilionowa rzesza emeryt\u00f3w zmiot\u0142aby ze sceny premiera, jego gabinet i ca\u0142e zaplecze polityczne. Do tego oczywi\u015bcie rz\u0105d nie chcia\u0142 dopu\u015bci\u0107. Jakie znalaz\u0142 wyj\u015bcie z sytuacji? Najprostsze z mo\u017cliwych. T\u0119 \u015bcie\u017ck\u0119 przetar\u0142 ju\u017c w ubieg\u0142ym roku, gdy &#8211; zas\u0142aniaj\u0105c si\u0119 kryzysem &#8211; zasili\u0142 FUS 7,5 mld z\u0142 z Funduszu Rezerwy Demograficznej. <\/p>\r\n<p>&#8211; Fundusz Rezerwy Demograficznej staje si\u0119 kolejnym \u017ar\u00f3d\u0142em dla pokrycia bie\u017c\u0105cych wydatk\u00f3w w bud\u017cecie. To pozorna metoda obni\u017cania d\u0142ugu sektora finans\u00f3w publicznych, kt\u00f3ra w d\u0142u\u017cszej perspektywie nie rozwi\u0105\u017ce problem\u00f3w FUS, a przedwczesne wydatkowanie pieni\u0119dzy spowoduje, \u017ce zabraknie \u015brodk\u00f3w, gdy b\u0119d\u0105 rzeczywi\u015bcie potrzebne &#8211; ocenia Jerzy Bartnik, prezes Zwi\u0105zku Rzemios\u0142a Polskiego.<\/p>\r\n<p>Rz\u0105d utrzymuje, \u017ce niedob\u00f3r w FUS powsta\u0142 &#8222;z przyczyn demograficznych&#8221;, jednak w uzasadnieniu do rozporz\u0105dzenia pr\u00f3\u017cno szuka\u0107 na to jakichkolwiek dowod\u00f3w. Przeciwnie, sytuacja demograficzna &#8211; na razie &#8211; jest stabilna. &#8211; Z danych GUS wynika, \u017ce od 2005 r. liczba os\u00f3b w wieku emerytalnym zwi\u0119kszy\u0142a si\u0119 o blisko milion, ale relacja mi\u0119dzy liczb\u0105 pracuj\u0105cych a pobieraj\u0105cych \u015bwiadczenia nie uleg\u0142a wyra\u017anemu zachwianiu &#8211; nadal czterech pracuj\u0105cych przypada na jednego emeryta.<\/p>\r\n<p>&#8211; W obecnej sytuacji demograficznej nie powinni\u015bmy jeszcze korzysta\u0107 z rezerwy demograficznej. Rz\u0105d robi to tylko dlatego, \u017ceby zmniejszy\u0107 d\u0142ug publiczny &#8211; ocenia dr Cezary Mech, by\u0142y wiceminister finans\u00f3w. &#8211; Likwidowanie rezerw w sytuacji, gdy narastaj\u0105 zobowi\u0105zania emerytalne, jest decyzj\u0105 strategicznie b\u0142\u0119dn\u0105 &#8211; ostrzega. Przyj\u0119ta w rachunkowo\u015bci zasada nieuwzgl\u0119dniania w deficycie bud\u017cetowym zmian w rezerwie czy po\u017cyczek bankowych zaci\u0105ganych przez ZUS, podobnie jak nieuwzgl\u0119dnianie OFE w ramach sektora finans\u00f3w publicznych dowodzi, wed\u0142ug finansisty, \u017ce polskie i europejskie zasady rachunkowo\u015bci s\u0105 zafa\u0142szowane.<br \/>Je\u015bli dzi\u015b okroimy FRD na bie\u017c\u0105ce potrzeby, co zrobimy, gdy w 2035 r. jednego emeryta b\u0119dzie musia\u0142o utrzyma\u0107 zaledwie dw\u00f3ch pracuj\u0105cych? Dlatego organizacje zasiadaj\u0105ce w Komisji Tr\u00f3jstronnej wyrazi\u0142y sprzeciw wobec przejadania \u015brodk\u00f3w z rezerwy na trudne czasy. Negatywne stanowisko zaj\u0119\u0142y zar\u00f3wno zwi\u0105zki zawodowe &#8222;Solidarno\u015b\u0107&#8221; i OPZZ, jak i Pracodawcy RP, Krajowa Rada Gospodarcza i Zwi\u0105zek Rzemios\u0142a Polskiego.<br \/>&#8211; Zgodnie z ustaw\u0105 o systemie ubezpiecze\u0144 spo\u0142ecznych, gospodarowanie Funduszem Rezerwy Demograficznej powinno by\u0107 prowadzone na podstawie wieloletniej prognozy dochod\u00f3w i wydatk\u00f3w, kt\u00f3ra uwzgl\u0119dnia za\u0142o\u017cenia sytuacji demograficznej i spo\u0142eczno-gospodarczej &#8211; przypomina Henryk Nakonieczny, cz\u0142onek prezydium KK NSZZ &#8222;Solidarno\u015b\u0107&#8221;. &#8211; Prognoza powinna by\u0107 sporz\u0105dzana przez ZUS i przedstawiana Radzie Ministr\u00f3w co trzy lata &#8211; dodaje.<\/p>\r\n<p>Z danych, jakie przekaza\u0142 Zak\u0142ad Ubezpiecze\u0144 Spo\u0142ecznych, wynika, \u017ce na pocz\u0105tku roku FRD mia\u0142 na koncie oko\u0142o 10,2 mld z\u0142, a tegoroczne przychody, g\u0142\u00f3wnie z prywatyzacji, wynios\u0142y 8 mld z\u0142, co \u0142\u0105cznie daje 18,2 mld z\u0142otych. Na koniec roku \u015brodki te stopniej\u0105, za spraw\u0105 decyzji rz\u0105du, do 14,2 mld z\u0142otych. Rz\u0105d zapewnia, \u017ce ju\u017c ostatni raz si\u0119ga po te \u015brodki i &#8211; na otarcie \u0142ez &#8211; obiecuje w przysz\u0142ym roku FRD dotacj\u0119 w wysoko\u015bci 3 mld z\u0142otych.<\/p>\r\n<p>Fundusz Rezerwy Demograficznej, zasilany z prywatyzacji, cz\u0119\u015bci sk\u0142adek emerytalnych i niewykorzystanych \u015brodk\u00f3w FUS, gromadzi kapita\u0142 na czarn\u0105 godzin\u0119, gdy pod ci\u0119\u017carem nadci\u0105gaj\u0105cego kryzysu demograficznego ZUS nie b\u0119dzie w stanie zapewni\u0107 p\u0142ynnej wyp\u0142aty \u015bwiadcze\u0144 przysz\u0142ym emerytom, czyli m\u0142odym, zapracowanym ludziom, kt\u00f3rzy dzisiaj wnosz\u0105 sk\u0142adki. Szacuje si\u0119, \u017ce taka sytuacja wyst\u0105pi oko\u0142o 2030-2035 roku. Rok 2030 to jednak zbyt odleg\u0142a perspektywa dla obecnego rz\u0105du, kt\u00f3rego horyzont my\u015blowy zamyka si\u0119 na dacie wybor\u00f3w 9 pa\u017adziernika. Za 20 lat nikomu nie przyjdzie do g\u0142owy, aby za brak emerytury wini\u0107 w\u0142a\u015bnie premiera Tuska. Mogliby wprawdzie zaprotestowa\u0107 przyszli poszkodowani, ale m\u0142odzi ludzie maj\u0105 teraz inne k\u0142opoty na g\u0142owie i nie my\u015bl\u0105, co b\u0119dzie na emeryturze. Obecnie w Polsce na 24,6 mln os\u00f3b w wieku produkcyjnym przypada 6,4 mln emeryt\u00f3w, ale w 2035 r. proporcje te zmieni\u0105 si\u0119 dramatycznie &#8211; na 20,7 mln pracuj\u0105cych b\u0119dzie przypada\u0142o 9,6 mln emeryt\u00f3w, kt\u00f3rym osoby pracuj\u0105ce b\u0119d\u0105 musia\u0142y sfinansowa\u0107 \u015bwiadczenia.<br \/><br \/><em><strong>Ma\u0142gorzata Goss<\/strong><\/em><\/p>","protected":false},"excerpt":{"rendered":"Rz\u0105d nie ma z czego wyp\u0142aca\u0107 emerytur, wi\u0119c si\u0119ga po rezerwy, kt\u00f3re mia\u0142y by\u0107 gromadzone na rzecz przysz\u0142ych pokole\u0144 Wobec gro\u017aby, \u017ce we wrze\u015bniu Fundusz Ubezpiecze\u0144 Spo\u0142ecznych straci p\u0142ynno\u015b\u0107 i nie b\u0119dzie m\u00f3g\u0142 regularnie wyp\u0142aca\u0107 emerytur, Rada Ministr\u00f3w przekaza\u0142a FUS cz\u0119\u015b\u0107 pieni\u0119dzy z Funduszu Rezerwy Demograficznej. A ta rezerwa jest gromadzona po to, \u017ceby za [&hellip;]","protected":false},"author":1,"featured_media":0,"comment_status":"closed","ping_status":"closed","sticky":false,"template":"","format":"standard","meta":{"_acf_changed":false,"_monsterinsights_skip_tracking":false,"_monsterinsights_sitenote_active":false,"_monsterinsights_sitenote_note":"","_monsterinsights_sitenote_category":0,"ngg_post_thumbnail":0,"footnotes":"","_wp_rev_ctl_limit":""},"categories":[8],"tags":[98,52],"acf":[],"_links":{"self":[{"href":"https:\/\/www.bibula.com\/index.php?rest_route=\/wp\/v2\/posts\/42202"}],"collection":[{"href":"https:\/\/www.bibula.com\/index.php?rest_route=\/wp\/v2\/posts"}],"about":[{"href":"https:\/\/www.bibula.com\/index.php?rest_route=\/wp\/v2\/types\/post"}],"author":[{"embeddable":true,"href":"https:\/\/www.bibula.com\/index.php?rest_route=\/wp\/v2\/users\/1"}],"replies":[{"embeddable":true,"href":"https:\/\/www.bibula.com\/index.php?rest_route=%2Fwp%2Fv2%2Fcomments&post=42202"}],"version-history":[{"count":0,"href":"https:\/\/www.bibula.com\/index.php?rest_route=\/wp\/v2\/posts\/42202\/revisions"}],"wp:attachment":[{"href":"https:\/\/www.bibula.com\/index.php?rest_route=%2Fwp%2Fv2%2Fmedia&parent=42202"}],"wp:term":[{"taxonomy":"category","embeddable":true,"href":"https:\/\/www.bibula.com\/index.php?rest_route=%2Fwp%2Fv2%2Fcategories&post=42202"},{"taxonomy":"post_tag","embeddable":true,"href":"https:\/\/www.bibula.com\/index.php?rest_route=%2Fwp%2Fv2%2Ftags&post=42202"}],"curies":[{"name":"wp","href":"https:\/\/api.w.org\/{rel}","templated":true}]}}