{"id":42058,"date":"2011-08-12T21:01:16","date_gmt":"2011-08-13T02:01:16","guid":{"rendered":"http:\/\/www.bibula.com\/?p=42058"},"modified":"2011-08-12T16:02:29","modified_gmt":"2011-08-12T21:02:29","slug":"madryt-zezwolenie-na-antypapieski-marsz","status":"publish","type":"post","link":"https:\/\/www.bibula.com\/?p=42058","title":{"rendered":"Madryt: zezwolenie na antypapieski marsz"},"content":{"rendered":"<p><strong>Antypapieska manifestacja, zwo\u0142ana przez Europ\u0119 Laick\u0105, Sieci Chrze\u015bcija\u0144skie i Madryckie Stowarzyszenie Ateist\u00f3w i Wolnomy\u015blicieli AMAL, odb\u0119dzie si\u0119 ostatecznie w centrum Madrytu. Zgod\u0119 na przemarsz wyrazi\u0142a delegatura rz\u0105du na stolic\u0119 Hiszpanii. \u201eZwyci\u0119\u017cy\u0142 interes wyborczy nad zdrowym rozs\u0105dkiem\u201d &#8211; zauwa\u017ca wielu komentator\u00f3w.<\/strong><\/p>\r\n<p>Pierwsza propozycja, aby manifestacja odby\u0142a si\u0119 w jednej z dzielnic Madrytu (Lavapi\u00c3\u00a9s) spotka\u0142a si\u0119 ze stanowczym sprzeciwem organizator\u00f3w. W imi\u0119 \u201ebezpiecze\u0144stwa\u201d i \u201ewidzialno\u015bci\u201d domagali si\u0119 oni przej\u015bcia ulicami centrum stolicy. Ostatecznie przedstawiciele rz\u0105du wyrazili dzisiaj zgod\u0119, aby manifestacja odby\u0142a si\u0119 na placu Tirso de Molina i przesz\u0142a przez s\u0142ynny plac Sol.<\/p>\r\n<p>Marsz odb\u0119dzie si\u0119 17 sierpnia pod has\u0142em \u201eZ moich podatk\u00f3w dla papie\u017ca nic\u201d w prote\u015bcie przeciwko u\u017cyciu \u015brodk\u00f3w publicznych na pokrycie koszt\u00f3w papieskiej wizyty. Ponadto organizatorzy wys\u0142ali list do prokuratora generalnego, aby \u201e\u015bledzi\u0142 wypowiedzi Benedykta XVI, poniewa\u017c mog\u0105 sta\u0107 si\u0119 przedmiotem wykroczenia\u201d. Manifestacj\u0119 popar\u0142y stowarzyszenia lewicowe, feministyczne, homoseksualne i ekologiczne, w tym tak\u017ce komuni\u015bci z partii Izquierda Unida. Dzie\u0144 wcze\u015bniej, 16 sierpnia, z inicjatywy <em>Ruchu 15 Maja<\/em> odb\u0119dzie si\u0119 manifestacja przed siedzib\u0105 kurii w Madrycie, podczas kt\u00f3rej planowane jest dokonanie masowego aktu apostazji.<\/p>\r\n<p>Zdaniem obserwator\u00f3w decyzja rz\u0105du ukazuje jego s\u0142abo\u015b\u0107 oraz jawny interes wyborczy i propagandowy. Na 20 listopada przewidziane s\u0105 wybory powszechne, kt\u00f3re najprawdopodobniej wygra obecna prawicowa opozycja. Ka\u017cdy g\u0142os jest wi\u0119c na wag\u0119 z\u0142ota.<\/p>\r\n<p>M. Raczkiewicz CSsR, Madryt<\/p>","protected":false},"excerpt":{"rendered":"Antypapieska manifestacja, zwo\u0142ana przez Europ\u0119 Laick\u0105, Sieci Chrze\u015bcija\u0144skie i Madryckie Stowarzyszenie Ateist\u00f3w i Wolnomy\u015blicieli AMAL, odb\u0119dzie si\u0119 ostatecznie w centrum Madrytu. Zgod\u0119 na przemarsz wyrazi\u0142a delegatura rz\u0105du na stolic\u0119 Hiszpanii. \u201eZwyci\u0119\u017cy\u0142 interes wyborczy nad zdrowym rozs\u0105dkiem\u201d &#8211; zauwa\u017ca wielu komentator\u00f3w. Pierwsza propozycja, aby manifestacja odby\u0142a si\u0119 w jednej z dzielnic Madrytu (Lavapi\u00c3\u00a9s) spotka\u0142a si\u0119 ze [&hellip;]","protected":false},"author":3,"featured_media":0,"comment_status":"closed","ping_status":"closed","sticky":false,"template":"","format":"standard","meta":{"_acf_changed":false,"_monsterinsights_skip_tracking":false,"_monsterinsights_sitenote_active":false,"_monsterinsights_sitenote_note":"","_monsterinsights_sitenote_category":0,"ngg_post_thumbnail":0,"footnotes":"","_wp_rev_ctl_limit":""},"categories":[6],"tags":[132,189],"acf":[],"_links":{"self":[{"href":"https:\/\/www.bibula.com\/index.php?rest_route=\/wp\/v2\/posts\/42058"}],"collection":[{"href":"https:\/\/www.bibula.com\/index.php?rest_route=\/wp\/v2\/posts"}],"about":[{"href":"https:\/\/www.bibula.com\/index.php?rest_route=\/wp\/v2\/types\/post"}],"author":[{"embeddable":true,"href":"https:\/\/www.bibula.com\/index.php?rest_route=\/wp\/v2\/users\/3"}],"replies":[{"embeddable":true,"href":"https:\/\/www.bibula.com\/index.php?rest_route=%2Fwp%2Fv2%2Fcomments&post=42058"}],"version-history":[{"count":0,"href":"https:\/\/www.bibula.com\/index.php?rest_route=\/wp\/v2\/posts\/42058\/revisions"}],"wp:attachment":[{"href":"https:\/\/www.bibula.com\/index.php?rest_route=%2Fwp%2Fv2%2Fmedia&parent=42058"}],"wp:term":[{"taxonomy":"category","embeddable":true,"href":"https:\/\/www.bibula.com\/index.php?rest_route=%2Fwp%2Fv2%2Fcategories&post=42058"},{"taxonomy":"post_tag","embeddable":true,"href":"https:\/\/www.bibula.com\/index.php?rest_route=%2Fwp%2Fv2%2Ftags&post=42058"}],"curies":[{"name":"wp","href":"https:\/\/api.w.org\/{rel}","templated":true}]}}