{"id":41843,"date":"2011-08-07T21:14:29","date_gmt":"2011-08-08T02:14:29","guid":{"rendered":"http:\/\/www.bibula.com\/?p=41843"},"modified":"2011-08-07T21:14:29","modified_gmt":"2011-08-08T02:14:29","slug":"cyfrowa-telewizja-nie-dla-katolikow","status":"publish","type":"post","link":"https:\/\/www.bibula.com\/?p=41843","title":{"rendered":"Cyfrowa telewizja nie dla katolik\u00f3w?"},"content":{"rendered":"<h4><em>Telewizja Trwam dot\u0105d nie dosta\u0142a od KRRiT miejsca na cyfrowej platformie<\/em><\/h4>\r\n<p><strong>Jan Dworak, szef Krajowej Rady Radiofonii i Telewizji, \u017c\u0105da od Radia Maryja cotygodniowych nagra\u0144 z wybranych audycji. Telewizja Trwam r\u00f3wnie\u017c nie ma \u0142atwego \u017cycia. Do tej pory, mimo wniosk\u00f3w sk\u0142adanych do Rady, nie przyznano jej miejsca na multipleksie w zwi\u0105zku z przewidywan\u0105 cyfryzacj\u0105 naziemnego odbioru stacji telewizyjnych.<\/strong><br \/><br \/>&#8211; Widzimy, co dzieje si\u0119 w ostatnich latach z wolno\u015bci\u0105 w naszej Ojczy\u017anie. Dostrzegamy dzia\u0142ania prowadz\u0105ce do zamkni\u0119cia Radia Maryja. Ka\u017cdego niemal tygodnia otrzymujemy z Krajowej Rady Radiofonii i Telewizji polecenia, by przes\u0142a\u0107 nagrania z r\u00f3\u017cnych audycji, z r\u00f3\u017cnych wyst\u0105pie\u0144 naszych go\u015bci. Otrzymujemy przer\u00f3\u017cne listy, z kt\u00f3rych nie wynika dla naszego dzia\u0142ania nic dobrego. Oczywi\u015bcie s\u0105 to listy urz\u0119dowe &#8211; informuje o. dr Tadeusz Rydzyk CSsR na antenie tej stacji.<\/p>\r\n<p>Dyrektor Radia Maryja wskazuje te\u017c na kolejny problem z dyskryminacj\u0105 medi\u00f3w. Dotyczy on planowanej cyfryzacji telewizji naziemnej w Polsce. Nowoczesna technika cyfrowa ma zast\u0105pi\u0107 tradycyjny spos\u00f3b nadawania analogowego. Jak podaje KRRiT na swoich stronach internetowych, zalet\u0105 takiego rozwi\u0105zania b\u0119dzie: nadawanie wi\u0119kszej liczby program\u00f3w telewizyjnych, poprawa jako\u015bci obrazu i d\u017awi\u0119ku, wprowadzenie telewizji wysokiej rozdzielczo\u015bci HDTV (High Definition Television), r\u00f3wnoleg\u0142e nadawanie kilku \u015bcie\u017cek d\u017awi\u0119kowych, np. w kilku j\u0119zykach, oraz d\u017awi\u0119ku przestrzennego. Sygna\u0142 analogowy ma by\u0107 ca\u0142kowicie zast\u0105piony przez cyfrowy nie p\u00f3\u017aniej ni\u017c 31 lipca 2013 roku. Je\u017celi dana stacja chce nadawa\u0107 w tym systemie, musi ubiega\u0107 si\u0119 w KRRiT o miejsce na multipleksie naziemnym. Jak si\u0119 okazuje, nadawcom katolickim nie jest \u0142atwo je uzyska\u0107. &#8211; Zwr\u00f3cili\u015bmy si\u0119 3 marca br. z pro\u015bb\u0105 o miejsce na takim transponderze. Niestety, do dzi\u015b nie mamy \u017cadnej odpowiedzi. Wiemy sk\u0105din\u0105d, \u017ce miejsca zosta\u0142y rozdane. Niekt\u00f3rym ju\u017c drugie miejsce &#8211; zaznacza o. Tadeusz Rydzyk w Radiu Maryja.<\/p>\r\n<p>Jak potwierdza o. Jan Kr\u00f3l CSsR z Fundacji Lux Veritatis, do tej pory Telewizja Trwam nie otrzyma\u0142a \u017cadnej odpowiedzi od KRRiT. &#8211; Za dwa lata nie b\u0119dzie mo\u017cna w Polsce nadawa\u0107 telewizji w systemie analogowym. W zwi\u0105zku z tym wyst\u0105pili\u015bmy o miejsce na transponderze dla Telewizji Trwam. Oczywi\u015bcie nawet nam nie odpowiedziano. W mi\u0119dzyczasie rozdzielono ju\u017c miejsca wed\u0142ug pewnego klucza &#8211; podkre\u015bla o. Kr\u00f3l.<br \/>Telewizja Trwam nadaje systemem cyfrowym, ale za po\u015brednictwem satelity. &#8211; \u0179eby j\u0105 odbiera\u0107, wystarczy mie\u0107 anten\u0119 satelitarn\u0105 lub telewizj\u0119 kablow\u0105 &#8211; m\u00f3wi o. Jan Kr\u00f3l. Zwraca jednak uwag\u0119, \u017ce gdyby Telewizji Trwam przyznano miejsce na transponderze, w przysz\u0142o\u015bci &#8222;mog\u0142aby by\u0107 odbierana na cyfrowym multipleksie naziemnym, podobnie jak np. TVP1, TVP2&#8221;. &#8211; Oczywi\u015bcie telewizor musi by\u0107 wtedy nowszej generacji, ale taki system maj\u0105 ju\u017c tak\u017ce nasze odbiorniki do odbioru sygna\u0142u satelitarnego Telewizji Trwam &#8211; dodaje. <br \/>Katarzyna Twardowska, rzecznik Krajowej Rady Radiofonii i Telewizji, twierdzi, \u017ce przesy\u0142anie cotygodniowych nagra\u0144 Radia Maryja wynika ze wzgl\u0119d\u00f3w proceduralnych. &#8211; Je\u017celi wp\u0142ywa do nas jaka\u015b skarga i dotyczy tre\u015bci danego programu, to procedura jest taka, \u017ce zwracamy si\u0119 do nadawcy o jego stanowisko i opini\u0119 oraz przes\u0142anie nagra\u0144 &#8211; twierdzi Twardowska. Wed\u0142ug niej, w ten spos\u00f3b KRRiT mo\u017ce zbada\u0107 spraw\u0119. Do tej pory nie otrzymali\u015bmy natomiast odpowiedzi na pytanie dotycz\u0105ce przydzielenia Telewizji Trwam miejsca na multipleksie.<br \/><br \/><em><strong>Jacek Dytkowski<\/strong><\/em><\/p>","protected":false},"excerpt":{"rendered":"Telewizja Trwam dot\u0105d nie dosta\u0142a od KRRiT miejsca na cyfrowej platformie Jan Dworak, szef Krajowej Rady Radiofonii i Telewizji, \u017c\u0105da od Radia Maryja cotygodniowych nagra\u0144 z wybranych audycji. Telewizja Trwam r\u00f3wnie\u017c nie ma \u0142atwego \u017cycia. Do tej pory, mimo wniosk\u00f3w sk\u0142adanych do Rady, nie przyznano jej miejsca na multipleksie w zwi\u0105zku z przewidywan\u0105 cyfryzacj\u0105 naziemnego [&hellip;]","protected":false},"author":1,"featured_media":0,"comment_status":"closed","ping_status":"closed","sticky":false,"template":"","format":"standard","meta":{"_acf_changed":false,"_monsterinsights_skip_tracking":false,"_monsterinsights_sitenote_active":false,"_monsterinsights_sitenote_note":"","_monsterinsights_sitenote_category":0,"ngg_post_thumbnail":0,"footnotes":"","_wp_rev_ctl_limit":""},"categories":[8],"tags":[132,16,98,83],"acf":[],"_links":{"self":[{"href":"https:\/\/www.bibula.com\/index.php?rest_route=\/wp\/v2\/posts\/41843"}],"collection":[{"href":"https:\/\/www.bibula.com\/index.php?rest_route=\/wp\/v2\/posts"}],"about":[{"href":"https:\/\/www.bibula.com\/index.php?rest_route=\/wp\/v2\/types\/post"}],"author":[{"embeddable":true,"href":"https:\/\/www.bibula.com\/index.php?rest_route=\/wp\/v2\/users\/1"}],"replies":[{"embeddable":true,"href":"https:\/\/www.bibula.com\/index.php?rest_route=%2Fwp%2Fv2%2Fcomments&post=41843"}],"version-history":[{"count":0,"href":"https:\/\/www.bibula.com\/index.php?rest_route=\/wp\/v2\/posts\/41843\/revisions"}],"wp:attachment":[{"href":"https:\/\/www.bibula.com\/index.php?rest_route=%2Fwp%2Fv2%2Fmedia&parent=41843"}],"wp:term":[{"taxonomy":"category","embeddable":true,"href":"https:\/\/www.bibula.com\/index.php?rest_route=%2Fwp%2Fv2%2Fcategories&post=41843"},{"taxonomy":"post_tag","embeddable":true,"href":"https:\/\/www.bibula.com\/index.php?rest_route=%2Fwp%2Fv2%2Ftags&post=41843"}],"curies":[{"name":"wp","href":"https:\/\/api.w.org\/{rel}","templated":true}]}}