{"id":41782,"date":"2011-08-07T10:02:32","date_gmt":"2011-08-07T15:02:32","guid":{"rendered":"http:\/\/www.bibula.com\/?p=41782"},"modified":"2011-08-07T10:02:32","modified_gmt":"2011-08-07T15:02:32","slug":"rok-komorowskiego-rokiem-straconym-zbigniew-kuzmiuk","status":"publish","type":"post","link":"https:\/\/www.bibula.com\/?p=41782","title":{"rendered":"Rok Komorowskiego, rokiem straconym &#8211; <em>Zbigniew Ku\u017amiuk<\/em>"},"content":{"rendered":"<p><strong>Wczoraj min\u0105\u0142 rok od dnia zaprzysi\u0119\u017cenia na Prezydenta RP Bronis\u0142awa Komorowskiego. Funkcj\u0119 Prezydenta sprawuje on jednak ju\u017c blisko 16 miesi\u0119cy, bo zacz\u0105\u0142 j\u0105 wykonywa\u0107 natychmiast po katastrofie smole\u0144skiej.<\/strong><\/p>\r\n<p>Ju\u017c ten pierwszy dzie\u0144 kiedy przej\u0105\u0142 uprawnienia Prezydenta RP, po\u0142o\u017cy\u0142 si\u0119 cieniem na ocenie tej prezydentury. Pospieszne przejmowanie w\u0142adzy, nawet bez oficjalnego potwierdzenia \u015bmierci swojego poprzednika, natychmiastowe mianowanie szefa swojej kancelarii, opanowanie BBN-u aby tylko zabezpieczy\u0107 dost\u0119p do aneksu raportu z likwidacji WSI, a tak\u017ce b\u0142yskawiczne obsadzanie stanowisk opr\u00f3\u017cnionych w wyniku katastrofy smole\u0144skiej, to wszystko by\u0142y zachowania obna\u017caj\u0105ce ma\u0142o\u015b\u0107 wtedy jeszcze kandydata na prezydenta.<\/p>\r\n<p>Tu\u017c przed zaprzysi\u0119\u017ceniem wywiadem dla Gazety Wyborczej Bronis\u0142aw Komorowski wywo\u0142a\u0142 awantur\u0119 o krzy\u017c postawiony na Krakowskim Przedmie\u015bciu przez harcerzy jako pami\u0105tka \u017ca\u0142oby narodowej po katastrofie smole\u0144skiej. Zapowiedzia\u0142 jego usuni\u0119cie bez \u017cadnego innego upami\u0119tnienia tego co si\u0119 sta\u0142o 10 kwietnia 2010 roku i jego urz\u0119dnicy zadanie wykonali.<\/p>\r\n<p>Zapocz\u0105tkowa\u0142o to wielotygodniowe awantury pod Pa\u0142acem Prezydenckim, podczas kt\u00f3rych krzy\u017c by\u0142 powielokro\u0107 profanowany, a w mediach rozpocz\u0119\u0142a si\u0119 nakr\u0119cana przez SLD debata o obecno\u015bci krzy\u017ca w przestrzeni publicznej z fatalnymi skutkami dla przysz\u0142o\u015bci ko\u015bcio\u0142a katolickiego w Polsce.<\/p>\r\n<p>Dwa najwa\u017cniejsze obszary w kt\u00f3rych prezydent w Polsce ma najwi\u0119ksze kompetencje to polityka zagraniczna i zwierzchnictwo nad armi\u0105.<\/p>\r\n<p>Polityka zagraniczna to przede wszystkim wizyty Prezydenta za granic\u0105 i przyjmowanie g\u0142\u00f3w pa\u0144stw w Polsce. Jednych i drugich by\u0142o w ci\u0105gu tego roku sporo w tym tak\u017ce z tych najwa\u017cniejszych kraj\u00f3w, tyle tylko, \u017ce nie wida\u0107 by\u0142o w tym wszystkim jakiej\u015b g\u0142\u00f3wnej my\u015bli przewodniej, tak jakby nasz kraj nie mia\u0142 \u017cadnych swoich interes\u00f3w.<\/p>\r\n<p>Za to w ich trakcie mieli\u015bmy do czynienia z takim wpadkami Komorowskiego, \u017ce tylko przychylno\u015b\u0107 medi\u00f3w pozwala\u0142a unikn\u0105\u0107 skandali. Rozmowa z Obam\u0105 o wierno\u015bci jego \u017cony, czy rozwa\u017cania o \u201ebigosowaniu\u201d kompromitowa\u0142y Komorowskiego na ca\u0142ej linii.<\/p>\r\n<p>Podobnie by\u0142o podczas wpisu kondolencyjnego w ambasadzie Japonii z 3 b\u0142\u0119dami ortograficznymi w jednym zdaniu, czy wcze\u015bniejszym siadaniem ni\u017c zaproszeni go\u015bcie Angela Merkel i Nikolas Sarkozy albo przy zabraniu kieliszka kr\u00f3lowej Norwegii podczas wznoszenia toastu w Pa\u0142acu Prezydenckim.<\/p>\r\n<p>Relacje PrezydentaKomorowskiego z armi\u0105 nadwyr\u0119\u017cy\u0142 brak jego reakcji na bezpodstawny atak Rosjan na \u015b. p. genera\u0142a B\u0142asika. Wojsko zrozumia\u0142o, \u017ce Prezydent Komorowski nie b\u0119dzie jego obro\u0144c\u0105 w \u017cadnej sytuacji.<\/p>\r\n<p>I ostatnia czystka przeprowadzona przez nowego szefa MON to potwierdzi\u0142a. Zdewastowano kadr\u0119 kierownicz\u0105 si\u0142 powietrznych, rozp\u0119dzono 36 pu\u0142k, a zwierzchnik si\u0142 zbrojnych ani s\u0142owa.<\/p>\r\n<p>Tak\u017ce postawa Prezydenta jako \u017cyranta wszystkiego tego co robi rz\u0105dz\u0105ca koalicja, nie napawa optymizmem. Zgoda Komorowskiego na dewastacj\u0119 OFE, kt\u00f3r\u0105 b\u0142yskawicznie przeprowadzi\u0142 rz\u0105dTuska pokaza\u0142a , \u017ce nie b\u0119dzie on mia\u0142 odwagi zastopowa\u0107 rz\u0105du nawet przy najbardziej szkodliwych zmianach ustawowych.<\/p>\r\n<p>Tak\u017ce publiczne wyst\u0105pienia Komorowskiego nie s\u0105 jego mocn\u0105 strona. Nawet te wcze\u015bniej przygotowywane przez doradc\u00f3w, czytane z kartki s\u0105 nijakie i mimo tego, \u017ce prezydent wyg\u0142osi\u0142 ju\u017c ich sporo, trudno by by\u0142o przywo\u0142a\u0107 jakie\u015b znacz\u0105ce w jakiejkolwiek sprawie.<\/p>\r\n<p>Najtrafniej scharakteryzowa\u0142 te publiczne wyst\u0105pienia Komorowskiego ekonomista prof. Ryszard Bugaj, cz\u0142owiek kt\u00f3ry raczej unika ostrej krytyki. Bugaj powiedzia\u0142 w wywiadzie dla Polska theTimes, \u201e\u017ce Komorowskiego cechuj\u0105 gl\u0119dzenie i operowanie bana\u0142ami\u201d.<\/p>\r\n<p>Tylko przychylno\u015b\u0107 medi\u00f3w powoduje, \u017ce wiele tych wpadek Prezydenta Komorowskiego nie dociera do opinii publicznej i st\u0105d wysoki poziom zaufania jakim cieszy si\u0119 on w sonda\u017cach.<\/p>\r\n<p>Je\u017celi kolejne 4 lata b\u0119d\u0105podobne to z tej prezydentury Polska nie b\u0119dzie mia\u0142a du\u017cego po\u017cytku.<\/p>\r\n<p><strong><em>Zbigniew Ku\u017amiuk<\/em><\/strong><\/p>","protected":false},"excerpt":{"rendered":"Wczoraj min\u0105\u0142 rok od dnia zaprzysi\u0119\u017cenia na Prezydenta RP Bronis\u0142awa Komorowskiego. Funkcj\u0119 Prezydenta sprawuje on jednak ju\u017c blisko 16 miesi\u0119cy, bo zacz\u0105\u0142 j\u0105 wykonywa\u0107 natychmiast po katastrofie smole\u0144skiej. Ju\u017c ten pierwszy dzie\u0144 kiedy przej\u0105\u0142 uprawnienia Prezydenta RP, po\u0142o\u017cy\u0142 si\u0119 cieniem na ocenie tej prezydentury. Pospieszne przejmowanie w\u0142adzy, nawet bez oficjalnego potwierdzenia \u015bmierci swojego poprzednika, natychmiastowe [&hellip;]","protected":false},"author":3,"featured_media":0,"comment_status":"closed","ping_status":"closed","sticky":false,"template":"","format":"standard","meta":{"_acf_changed":false,"_monsterinsights_skip_tracking":false,"_monsterinsights_sitenote_active":false,"_monsterinsights_sitenote_note":"","_monsterinsights_sitenote_category":0,"ngg_post_thumbnail":0,"footnotes":"","_wp_rev_ctl_limit":""},"categories":[9],"tags":[98,144],"acf":[],"_links":{"self":[{"href":"https:\/\/www.bibula.com\/index.php?rest_route=\/wp\/v2\/posts\/41782"}],"collection":[{"href":"https:\/\/www.bibula.com\/index.php?rest_route=\/wp\/v2\/posts"}],"about":[{"href":"https:\/\/www.bibula.com\/index.php?rest_route=\/wp\/v2\/types\/post"}],"author":[{"embeddable":true,"href":"https:\/\/www.bibula.com\/index.php?rest_route=\/wp\/v2\/users\/3"}],"replies":[{"embeddable":true,"href":"https:\/\/www.bibula.com\/index.php?rest_route=%2Fwp%2Fv2%2Fcomments&post=41782"}],"version-history":[{"count":0,"href":"https:\/\/www.bibula.com\/index.php?rest_route=\/wp\/v2\/posts\/41782\/revisions"}],"wp:attachment":[{"href":"https:\/\/www.bibula.com\/index.php?rest_route=%2Fwp%2Fv2%2Fmedia&parent=41782"}],"wp:term":[{"taxonomy":"category","embeddable":true,"href":"https:\/\/www.bibula.com\/index.php?rest_route=%2Fwp%2Fv2%2Fcategories&post=41782"},{"taxonomy":"post_tag","embeddable":true,"href":"https:\/\/www.bibula.com\/index.php?rest_route=%2Fwp%2Fv2%2Ftags&post=41782"}],"curies":[{"name":"wp","href":"https:\/\/api.w.org\/{rel}","templated":true}]}}