{"id":41669,"date":"2011-08-04T16:45:37","date_gmt":"2011-08-04T21:45:37","guid":{"rendered":"http:\/\/www.bibula.com\/?p=41669"},"modified":"2011-08-04T16:45:37","modified_gmt":"2011-08-04T21:45:37","slug":"euro-pomoc-tak-ale-za-czesc-suwerennosci-tomasz-myslek","status":"publish","type":"post","link":"https:\/\/www.bibula.com\/?p=41669","title":{"rendered":"Euro-pomoc? Tak ale za cz\u0119\u015b\u0107 suwerenno\u015bci &#8211; <em>Tomasz Myslek<\/em>"},"content":{"rendered":"<p><strong>W wywiadzie udzielonym tygodnikowi \u201eStern\u201d minister finans\u00f3w rz\u0105du RFN Wolfgang Sch\u00c3\u00a4uble domaga\u0142 si\u0119 (26 lipca) przysz\u0142ych ostrzejszych sankcji dla europa\u0144stw b\u0119d\u0105cych\u00a0finansowymi d\u0142u\u017cnikami i \u201egrzesznikami\u201d, czyli tych \u017cyj\u0105cych ponad stan. Zasugerowa\u0142, \u017ce w zamian za\u00a0finansow\u0105 pomoc pa\u0144stw i instytucji UE, pa\u0144stwa te powinny zap\u0142aci\u0107 cz\u0119\u015bci\u0105 swojej suwerenno\u015bci.<\/strong><\/p>\r\n<p>Stwierdzi\u0142 dos\u0142ownie mi\u0119dzy innymi: europejska integracja musi post\u0119powa\u0107 dalej, wi\u0119c pa\u0144stwo z finansowymi problemami, kt\u00f3remu \u015bwiadczy si\u0119 pomoc, w zamian musi odda\u0107 Unii Europejskiej cz\u0119\u015b\u0107 swoich suwerennych praw (<em>muss im Gegenzug einen Teil seiner Hocheitsrechte an die EU abgeben<\/em>). Minister Sch\u00c3\u00a4uble doda\u0142, \u017ce to by\u0142oby \u201ew ka\u017cdym razie lepsze ni\u017c wyrzucenie takiego zad\u0142u\u017conego pa\u0144stwa ze strefy euro\u201d. Projekt \u201eEuropa\u201d\u00a0uda si\u0119 bowiem tylko wtedy, \u201egdy b\u0119dzie jasne, \u017ce poszczeg\u00f3lni cz\u0142onkowie nie b\u0119d\u0105 mogli wypa\u015b\u0107 z systemu euro\u201d. A celem g\u0142\u00f3wnym jest wyj\u015bcie ca\u0142ej strefy euro z permanentnego kryzysu bud\u017cetowego zad\u0142u\u017cenia.<\/p>\r\n<p>Wolfgang Sch\u00c3\u00a4uble &#8211; od co najmniej 13 lat szara eminencja w\u0142adz CDU i RFN &#8211; po\u015brednio zgani\u0142 te\u017c Europejski Bank Centralny. Ten Bank w ubieg\u0142ych miesi\u0105cach kilkakrotnie obarcza\u0142 bowiem win\u0105 za obecny kryzys systemu euro w du\u017cej mierze w\u0142a\u015bnie w\u0142adze Niemiec &#8211; ich kolejne wahania i zwlekania co do zgody na dalsze du\u017ce zakupy greckich, portugalskich czy hiszpa\u0144skich papier\u00f3w d\u0142u\u017cnych przez Euro-Bank i inne instytucje UE czy Niemiec itp. Wiceszef CDU stwierdzi\u0142 w wywiadzie m.in.: \u201eRespektujemy niezale\u017cno\u015b\u0107 Europejskiego Banku\u00a0Centralnego. I to w jak najszerszym zakresie! Anga\u017cujemy si\u0119 mocno! Ale nie krytykujemy Banku ze swej strony. By\u0142oby dobrze, gdyby ten respekt by\u0142 jednak wzajemny\u201d.<\/p>\r\n<p>Zdaje si\u0119, \u017ce owe stanowcze postulaty najwa\u017cniejszego niemieckiego ministra nie wywo\u0142a\u0142y jednak ani w Niemczech, ani w innych eurokrajach jakiego\u015b wi\u0119kszego poruszenia czy fali krytyki. Wpisuj\u0105 si\u0119 one w trwaj\u0105c\u0105 w Niemczech ju\u017c od marca ub. roku coraz ostrzejsz\u0105 debat\u0119 o eurofinansach. Wpisuj\u0105 si\u0119\u00a0te\u017c w ca\u0142\u0105 fal\u0119 dr\u0119cz\u0105cych Niemc\u00f3w od maja ubieg\u0142ego roku w\u0105tpliwo\u015bci: czy warto dalej inwestowa\u0107 w europa\u0144stwo i finansowa\u0107 \u017cyj\u0105cych od lat ponad stan, rozrzutnych i beztroskich Grek\u00f3w oraz innych eurobankrut\u00f3w w imi\u0119 dalszej kontynuacji projektu \u201eEuropa\u201d? Z ka\u017cdym dniem coraz wi\u0119cej zwyk\u0142ych\u00a0Niemc\u00f3w, ale tak\u017ce ekonomist\u00f3w czy prawnik\u00f3w uwa\u017ca, \u017ce mimo licznych dotychczasowych korzy\u015bci jednak ju\u017c nie warto. I coraz mocniej krytykuje rz\u0105d kanclerz Merkel za kontynuowanie tej ryzykownej czy te\u017c wr\u0119cz \u201esamob\u00f3jczej\u201d polityki.<\/p>\r\n<p><strong><em>Tomasz Myslek<\/em><\/strong><\/p>","protected":false},"excerpt":{"rendered":"W wywiadzie udzielonym tygodnikowi \u201eStern\u201d minister finans\u00f3w rz\u0105du RFN Wolfgang Sch\u00c3\u00a4uble domaga\u0142 si\u0119 (26 lipca) przysz\u0142ych ostrzejszych sankcji dla europa\u0144stw b\u0119d\u0105cych\u00a0finansowymi d\u0142u\u017cnikami i \u201egrzesznikami\u201d, czyli tych \u017cyj\u0105cych ponad stan. Zasugerowa\u0142, \u017ce w zamian za\u00a0finansow\u0105 pomoc pa\u0144stw i instytucji UE, pa\u0144stwa te powinny zap\u0142aci\u0107 cz\u0119\u015bci\u0105 swojej suwerenno\u015bci. Stwierdzi\u0142 dos\u0142ownie mi\u0119dzy innymi: europejska integracja musi post\u0119powa\u0107 dalej, [&hellip;]","protected":false},"author":1,"featured_media":0,"comment_status":"closed","ping_status":"closed","sticky":false,"template":"","format":"standard","meta":{"_acf_changed":false,"_monsterinsights_skip_tracking":false,"_monsterinsights_sitenote_active":false,"_monsterinsights_sitenote_note":"","_monsterinsights_sitenote_category":0,"ngg_post_thumbnail":0,"footnotes":"","_wp_rev_ctl_limit":""},"categories":[9],"tags":[166,23,52],"acf":[],"_links":{"self":[{"href":"https:\/\/www.bibula.com\/index.php?rest_route=\/wp\/v2\/posts\/41669"}],"collection":[{"href":"https:\/\/www.bibula.com\/index.php?rest_route=\/wp\/v2\/posts"}],"about":[{"href":"https:\/\/www.bibula.com\/index.php?rest_route=\/wp\/v2\/types\/post"}],"author":[{"embeddable":true,"href":"https:\/\/www.bibula.com\/index.php?rest_route=\/wp\/v2\/users\/1"}],"replies":[{"embeddable":true,"href":"https:\/\/www.bibula.com\/index.php?rest_route=%2Fwp%2Fv2%2Fcomments&post=41669"}],"version-history":[{"count":0,"href":"https:\/\/www.bibula.com\/index.php?rest_route=\/wp\/v2\/posts\/41669\/revisions"}],"wp:attachment":[{"href":"https:\/\/www.bibula.com\/index.php?rest_route=%2Fwp%2Fv2%2Fmedia&parent=41669"}],"wp:term":[{"taxonomy":"category","embeddable":true,"href":"https:\/\/www.bibula.com\/index.php?rest_route=%2Fwp%2Fv2%2Fcategories&post=41669"},{"taxonomy":"post_tag","embeddable":true,"href":"https:\/\/www.bibula.com\/index.php?rest_route=%2Fwp%2Fv2%2Ftags&post=41669"}],"curies":[{"name":"wp","href":"https:\/\/api.w.org\/{rel}","templated":true}]}}