{"id":41664,"date":"2011-08-04T15:54:18","date_gmt":"2011-08-04T20:54:18","guid":{"rendered":"http:\/\/www.bibula.com\/?p=41664"},"modified":"2011-08-04T16:03:30","modified_gmt":"2011-08-04T21:03:30","slug":"o-obrotach-%e2%80%9eprzewagi-medialnej%e2%80%9d-marek-jurek","status":"publish","type":"post","link":"https:\/\/www.bibula.com\/?p=41664","title":{"rendered":"O obrotach \u201eprzewagi medialnej&#8221; &#8211; <em>Marek Jurek<\/em>"},"content":{"rendered":"<p>Wys\u0142ucha\u0142em wczoraj konferencji prasowej <strong>Jaros\u0142awa Kaczy\u0144skiego i Antoniego Macierewicza. Zgadzam si\u0119 z ich stanowiskiem w kwestii odpowiedzialno\u015bci obecnych w\u0142adz za okoliczno\u015bci katastrofy smole\u0144skiej. M\u00f3wi\u0142em o tym wielokrotnie wcze\u015bniej, i zaraz po og\u0142oszeniu raportu Millera. W tej sprawie byli\u015bmy i b\u0119dziemy razem.<\/strong><\/p>\r\n<p>Ale konferencja mia\u0142a i inne elementy. Te, kt\u00f3re odnosz\u0105 si\u0119 do praw polskiej opinii publicznej i kszta\u0142tu polskiej polityki. Jaros\u0142aw Kaczy\u0144ski uzna\u0142 spokojne pytanie dziennikarki o koszty obecnej PiS-owskiej \u201ekampanii informacyjnej\u201d za atak na demokracj\u0119. Co w\u0142a\u015bciwie jest atakiem na demokracj\u0119 &#8211; pytanie dziennikarki czy kwestionowanie potrzeby takich pyta\u0144? Daleko odeszli\u015bmy od czas\u00f3w, gdy wsp\u00f3lnie przed jedenastu laty walczyli\u015bmy o jawno\u015b\u0107 maj\u0105tkow\u0105 polityk\u00f3w.<\/p>\r\n<p>Jaros\u0142aw Kaczy\u0144ski powiedzia\u0142 te\u017c, \u017ce zakaz billboard\u00f3w w obecnych warunkach s\u0142u\u017cy\u0142by w spos\u00f3b oczywisty tym, kt\u00f3rzy maj\u0105 \u201eprzewag\u0119 medialn\u0105\u201d. W porz\u0105dku &#8211; \u201eprzewaga medialna\u201d to socjologiczny fakt. Ale przecie\u017c \u201ebli\u017cej ludzi\u201d \u201ei Sprawiedliwo\u015b\u0107\u201d zobowi\u0105zuj\u0105 by widzie\u0107 ca\u0142\u0105 Polsk\u0119, nie tylko parti\u0119 Donalda Tuska. Stanowisko PiS w sprawie billboard\u00f3w by\u0142oby o wiele bardziej wiarygodne &#8211; gdyby PiS sam nie wykorzystywa\u0142 bez umiaru przewag, kt\u00f3re posiada. Przypomn\u0119, \u017ce w wyborach europejskich na Prawic\u0119 Rzeczypospolitej i Uni\u0119 Polityki Realnej g\u0142osowa\u0142o ponad 10 % prawicowych wyborc\u00f3w (licz\u0105c \u0142\u0105cznie z g\u0142osami na PiS). Czy PiS, podtrzymuj\u0105c obecn\u0105 ordynacj\u0119 wyborcz\u0105, pami\u0119ta o \u201ei Sprawiedliwo\u015bci\u201d oraz konieczno\u015bci niwelowania \u201eprzewagi medialnej\u201d. A mo\u017ce tam, gdzie samemu si\u0119 ma \u201eprzewag\u0119 medialn\u0105\u201d &#8211; \u017cadn\u0105 wiarygodno\u015bci\u0105 przejmowa\u0107 si\u0119 trzeba?<\/p>\r\n<p>I jeszcze jedno. <strong>Zakaz billboard\u00f3w w obecnych warunkach &#8211; jak m\u00f3wi Jaros\u0142aw Kaczy\u0144ski &#8211; s\u0142u\u017cy\u0142by w spos\u00f3b oczywisty tym, kt\u00f3rzy maj\u0105 \u201eprzewag\u0119 medialn\u0105\u201d. A komu s\u0142u\u017cy\u0142oby w warunkach obecnej \u201eprzewagi medialnej\u201d referendum w sprawie wprowadzenia euro?<\/strong> Politycy PiS jeszcze niedawno, zanim wybuch\u0142 kryzys, proponowali ten plebiscyt PO zamiast twardej obrony 227. art. Konstytucji &#8211; do czego w Sejmie posiadali zupe\u0142nie wystarczaj\u0105c\u0105 ilo\u015b\u0107 g\u0142os\u00f3w.<\/p>\r\n<p><strong><em>Marek Jurek<\/em><\/strong><\/p>","protected":false},"excerpt":{"rendered":"Wys\u0142ucha\u0142em wczoraj konferencji prasowej Jaros\u0142awa Kaczy\u0144skiego i Antoniego Macierewicza. Zgadzam si\u0119 z ich stanowiskiem w kwestii odpowiedzialno\u015bci obecnych w\u0142adz za okoliczno\u015bci katastrofy smole\u0144skiej. M\u00f3wi\u0142em o tym wielokrotnie wcze\u015bniej, i zaraz po og\u0142oszeniu raportu Millera. W tej sprawie byli\u015bmy i b\u0119dziemy razem. Ale konferencja mia\u0142a i inne elementy. Te, kt\u00f3re odnosz\u0105 si\u0119 do praw polskiej opinii [&hellip;]","protected":false},"author":1,"featured_media":0,"comment_status":"closed","ping_status":"closed","sticky":false,"template":"","format":"standard","meta":{"_acf_changed":false,"_monsterinsights_skip_tracking":false,"_monsterinsights_sitenote_active":false,"_monsterinsights_sitenote_note":"","_monsterinsights_sitenote_category":0,"ngg_post_thumbnail":0,"footnotes":"","_wp_rev_ctl_limit":""},"categories":[9],"tags":[98,37,137],"acf":[],"_links":{"self":[{"href":"https:\/\/www.bibula.com\/index.php?rest_route=\/wp\/v2\/posts\/41664"}],"collection":[{"href":"https:\/\/www.bibula.com\/index.php?rest_route=\/wp\/v2\/posts"}],"about":[{"href":"https:\/\/www.bibula.com\/index.php?rest_route=\/wp\/v2\/types\/post"}],"author":[{"embeddable":true,"href":"https:\/\/www.bibula.com\/index.php?rest_route=\/wp\/v2\/users\/1"}],"replies":[{"embeddable":true,"href":"https:\/\/www.bibula.com\/index.php?rest_route=%2Fwp%2Fv2%2Fcomments&post=41664"}],"version-history":[{"count":0,"href":"https:\/\/www.bibula.com\/index.php?rest_route=\/wp\/v2\/posts\/41664\/revisions"}],"wp:attachment":[{"href":"https:\/\/www.bibula.com\/index.php?rest_route=%2Fwp%2Fv2%2Fmedia&parent=41664"}],"wp:term":[{"taxonomy":"category","embeddable":true,"href":"https:\/\/www.bibula.com\/index.php?rest_route=%2Fwp%2Fv2%2Fcategories&post=41664"},{"taxonomy":"post_tag","embeddable":true,"href":"https:\/\/www.bibula.com\/index.php?rest_route=%2Fwp%2Fv2%2Ftags&post=41664"}],"curies":[{"name":"wp","href":"https:\/\/api.w.org\/{rel}","templated":true}]}}