{"id":41615,"date":"2011-08-03T11:05:53","date_gmt":"2011-08-03T16:05:53","guid":{"rendered":"http:\/\/www.bibula.com\/?p=41615"},"modified":"2011-08-03T11:05:53","modified_gmt":"2011-08-03T16:05:53","slug":"obama-zlozyl-zyczenia-z-okazji-ramadanu-nie-pamietal-jednak-o-wielkanocy","status":"publish","type":"post","link":"https:\/\/www.bibula.com\/?p=41615","title":{"rendered":"Obama z\u0142o\u017cy\u0142 \u017cyczenia z okazji Ramadanu, nie pami\u0119ta\u0142 jednak o Wielkanocy"},"content":{"rendered":"<p><strong>Prezydent Barack Obama po raz kolejny z\u0142o\u017cy\u0142 muzu\u0142manom, zamieszkuj\u0105cym Stany Zjednoczone \u017cyczenia z okazji rozpoczynaj\u0105cego si\u0119 Ramadanu. Zaprosi\u0142 tak\u017ce przedstawicieli \u015bwiata islamskiego do Bia\u0142ego Domu na uroczyst\u0105 kolacj\u0119. Nie by\u0142oby w tym nic dziwnego, gdyby nie fakt, \u017ce ameryka\u0144ski prezydent unika sk\u0142adania \u017cycze\u0144 chrze\u015bcijanom z okazji ich \u015bwi\u0105t, cho\u0107 deklaruje, \u017ce sam jest chrze\u015bcijaninem. W tym roku, na przyk\u0142ad, nie wyda\u0142 or\u0119dzia z okazji \u015awi\u0105t Wielkanocnych, ale upami\u0119tni\u0142 ka\u017cde \u015bwi\u0119to muzu\u0142ma\u0144skie. <\/strong><br \/> <br \/> Prezydent napisa\u0142 w specjalnym o\u015bwiadczeniu, \u017ce pragnie wraz z ma\u0142\u017conk\u0105 z\u0142o\u017cy\u0107 najlepsze \u017cyczenia wszystkim wsp\u00f3lnotom muzu\u0142ma\u0144skim w kraju i za granic\u0105. Przypomnia\u0142, \u017ce Ramadan jest okresem postnym, kt\u00f3ry obchodz\u0105 muzu\u0142manie na ca\u0142ym \u015bwiecie. \u201eRodziny i wsp\u00f3lnoty &#8211; czytamy w o\u015bwiadczeniu &#8211; dziel\u0105 si\u0119 szcz\u0119\u015bciem, gromadz\u0105c na modlitwie i praktykach postnych\u201d. Doda\u0142, \u017ce Ramadan, to tak\u017ce okres g\u0142\u0119bokiej refleksji i po\u015bwi\u0119cenia, pog\u0142\u0119bienia duchowo\u015bci, dyscypliny oraz czas Bo\u017cego mi\u0142osierdzia. Przypomnia\u0142 trudn\u0105 sytuacj\u0119 g\u0142oduj\u0105cych w Somalii i w \u201eRogu Afryki\u201d. Zach\u0119ci\u0142 do niesienia im pomocy, by unikn\u0105\u0107 gorszej katastrofy. <br \/> <br \/> Prezydent zaprosi\u0142 przedstawicieli wsp\u00f3lnoty muzu\u0142ma\u0144skiej do udzia\u0142u w uroczystej kolacji, kt\u00f3ra ma by\u0107 wydana w Bia\u0142ym Domu na koniec Ramadanu. \u00a0<br \/> <br \/> Wiosn\u0105 tego roku konserwatywne media ostro skrytykowa\u0142y prezydenta za to, \u017ce nie wyda\u0142 specjalnego o\u015bwiadczenia z okazji \u015awi\u0105t Wielkanocnych, ale upami\u0119tni\u0142 w ub. roku ka\u017cde, nawet najmniejsze \u015bwi\u0119to muzu\u0142ma\u0144skie. Z okazji tegorocznych \u015awi\u0105t Wielkanocnych Obama zorganizowa\u0142 w Bia\u0142ym Domu \u015bwieckie \u015bwi\u0119to \u201eyoga garden\u201d i zaprosi\u0142 na \u201e\u015bniadanie wielkanocne\u201d liberalnych chrze\u015bcijan, w tym siostr\u0119 Carol Keehan, szefow\u0105 Katolickiego Stowarzyszenia Pracownik\u00f3w S\u0142u\u017cby Zdrowia, kt\u00f3re podaje si\u0119 za katolickie cho\u0107 by\u0142o wielokrotnie pot\u0119piane przez episkopat USA, z powodu popierania proaborcyjnej ustawy zdrowotnej.<br \/> <br \/> Fox News, \u201eThe Washington Times\u201d i inne konserwatywne media podkre\u015bli\u0142y, \u017ce niewyg\u0142oszenie or\u0119dzia wielkanocnego by\u0142o szczeg\u00f3lnie wymowne w kontek\u015bcie wielkiej uwagi, jak\u0105 prezydent Obama przywi\u0105zywa\u0142 do \u015bwi\u0105t muzu\u0142ma\u0144skich w ub. roku. Prezydent wyg\u0142asza\u0142 specjalne or\u0119dzia z okazji Ramadanu, oraz \u015bwi\u0105t Eid-ul-Fitr, Haji i Eid-ul-Adha.<br \/> <br \/> \u201ePrezydent wyda\u0142 oficjalne or\u0119dzie z okazji Paschy, Ramadanu i Diwali. Ale z okazji Wielkanocy nie powiedzia\u0142 nic\u201d &#8211; napisano w komentarzu redakcyjnym gazety \u201eThe Washington Times\u201d. <br \/> <br \/> Poprzednie o\u015bwiadczenia prezydenta by\u0142y krytykowane za nadanie \u015bwi\u0119tom wielkanocnym charakteru inkluzywnego. Prezydent m\u00f3wi\u0142 bowiem w ub. roku o \u201ewsp\u00f3lnym duchu ludzko\u015bci, w\u0142a\u015bciwym dla \u017cyd\u00f3w, chrze\u015bcijan, muzu\u0142man\u00f3w, hindus\u00f3w, wierz\u0105cych i niewierz\u0105cych\u201d. Inaczej by\u0142o w przypadku or\u0119dzi wydawanych z okazji \u015bwi\u0105t muzu\u0142ma\u0144skich. Ameryka\u0144ski prezydent zawsze podkre\u015bla\u0142 ich \u201ewyj\u0105tkowy charakter\u201d.<br \/> <br \/> \u0179r\u00f3d\u0142o: Catholic Culture, AS<\/p>","protected":false},"excerpt":{"rendered":"Prezydent Barack Obama po raz kolejny z\u0142o\u017cy\u0142 muzu\u0142manom, zamieszkuj\u0105cym Stany Zjednoczone \u017cyczenia z okazji rozpoczynaj\u0105cego si\u0119 Ramadanu. Zaprosi\u0142 tak\u017ce przedstawicieli \u015bwiata islamskiego do Bia\u0142ego Domu na uroczyst\u0105 kolacj\u0119. Nie by\u0142oby w tym nic dziwnego, gdyby nie fakt, \u017ce ameryka\u0144ski prezydent unika sk\u0142adania \u017cycze\u0144 chrze\u015bcijanom z okazji ich \u015bwi\u0105t, cho\u0107 deklaruje, \u017ce sam jest chrze\u015bcijaninem. W [&hellip;]","protected":false},"author":1,"featured_media":0,"comment_status":"closed","ping_status":"closed","sticky":false,"template":"","format":"standard","meta":{"_acf_changed":false,"_monsterinsights_skip_tracking":false,"_monsterinsights_sitenote_active":false,"_monsterinsights_sitenote_note":"","_monsterinsights_sitenote_category":0,"ngg_post_thumbnail":0,"footnotes":"","_wp_rev_ctl_limit":""},"categories":[7],"tags":[100,70,21],"acf":[],"_links":{"self":[{"href":"https:\/\/www.bibula.com\/index.php?rest_route=\/wp\/v2\/posts\/41615"}],"collection":[{"href":"https:\/\/www.bibula.com\/index.php?rest_route=\/wp\/v2\/posts"}],"about":[{"href":"https:\/\/www.bibula.com\/index.php?rest_route=\/wp\/v2\/types\/post"}],"author":[{"embeddable":true,"href":"https:\/\/www.bibula.com\/index.php?rest_route=\/wp\/v2\/users\/1"}],"replies":[{"embeddable":true,"href":"https:\/\/www.bibula.com\/index.php?rest_route=%2Fwp%2Fv2%2Fcomments&post=41615"}],"version-history":[{"count":0,"href":"https:\/\/www.bibula.com\/index.php?rest_route=\/wp\/v2\/posts\/41615\/revisions"}],"wp:attachment":[{"href":"https:\/\/www.bibula.com\/index.php?rest_route=%2Fwp%2Fv2%2Fmedia&parent=41615"}],"wp:term":[{"taxonomy":"category","embeddable":true,"href":"https:\/\/www.bibula.com\/index.php?rest_route=%2Fwp%2Fv2%2Fcategories&post=41615"},{"taxonomy":"post_tag","embeddable":true,"href":"https:\/\/www.bibula.com\/index.php?rest_route=%2Fwp%2Fv2%2Ftags&post=41615"}],"curies":[{"name":"wp","href":"https:\/\/api.w.org\/{rel}","templated":true}]}}