{"id":41501,"date":"2011-07-31T22:25:03","date_gmt":"2011-08-01T03:25:03","guid":{"rendered":"http:\/\/www.bibula.com\/?p=41501"},"modified":"2011-07-31T15:29:07","modified_gmt":"2011-07-31T20:29:07","slug":"szwajcaria-svp-przygotowuje-projekt-ustawy-ograniczajacej-masowa-imigracje","status":"publish","type":"post","link":"https:\/\/www.bibula.com\/?p=41501","title":{"rendered":"Szwajcaria: SVP przygotowuje projekt ustawy ograniczaj\u0105cej masow\u0105 imigracj\u0119"},"content":{"rendered":"<p><strong>Szwajcarska Partia Ludowa, znana z  zako\u0144czonych sukcesem kampanii przeciwko budowie meczet\u00f3w na terenie  Szwajcarii, czy g\u0142o\u015bnego referendum w sprawie wydalania z kraju  cudzoziemc\u00f3w-kryminalist\u00f3w, rozpocz\u0119\u0142a zbieranie podpis\u00f3w pod kolejn\u0105  inicjatyw\u0105. <\/strong><\/p>\r\n<p>Tym razem uchodz\u0105ca &#8211; nies\u0142usznie &#8211; za nacjonalistyczn\u0105 partia SVP  zamierza ograniczy\u0107 liczb\u0119 imigrant\u00f3w w kraju, wprowadzaj\u0105c nakaz  corocznego uiszczania op\u0142at za wydanie dokumentu pobytowego. Projekt ten  ma za zadanie powstrzymanie zjawiska masowej imigracji, a tak\u017ce  przej\u0119cie kontroli nad wydawaniem dokument\u00f3w pobytowych dla  cudzoziemc\u00f3w.<\/p>\r\n<p>Wed\u0142ug ostatnich sonda\u017cy, szwajcarskie spo\u0142ecze\u0144stwo przychylnie  odnosi si\u0119 do kolejnego pomys\u0142u SVP. Partia ludowc\u00f3w, posiadaj\u0105ca  obecnie najwi\u0119ksz\u0105 liczb\u0119 mandat\u00f3w w ni\u017cszej izbie szwajcarskiego  parlamentu, mo\u017ce wi\u0119c liczy\u0107 na kolejny sukces, a tak\u017ce udany wst\u0119p do  nadchodz\u0105cych wybor\u00f3w, kt\u00f3re odb\u0119d\u0105 si\u0119 w pa\u017adzierniku tego roku.<\/p>\r\n<p>Przeciwko przeprowadzeniu w Szwajcarii referendum w sprawie  ograniczenia imigracji zamierza protestowa\u0107 27 kraj\u00f3w cz\u0142onkowskich UE.  S\u0105 to nieco kuriozalne i zapewne bezowocne plany, gdy\u017c Szwajcaria nie  nale\u017cy do Unii Europejskiej. Zdaniem kierownictwa Szwajcarskiej Partii  Ludowej, protesty UE uwidoczni\u0105 jedynie skal\u0119 irytacji europejskiego  parlamentu wobec demokratycznej woli szwajcarskiego spo\u0142ecze\u0144stwa, kt\u00f3re  coraz ch\u0119tniej popiera przedstawiane przez SVP projekty.<\/p>\r\n<p>Przypomnijmy, w listopadzie ubieg\u0142ego roku mieszka\u0144cy Szwajcarii  wi\u0119kszo\u015bci\u0105 g\u0142os\u00f3w przyj\u0119li wspomniane na pocz\u0105tku wiadomo\u015bci referendum  w sprawie automatycznego deportowania z kraju imigrant\u00f3w pope\u0142niaj\u0105cych  najci\u0119\u017csze przest\u0119pstwa (morderstwa, gwa\u0142ty, rozboje i handel  narkotykami). 52,9% uprawnionych do g\u0142osowania Szwajcar\u00f3w opowiedzia\u0142o  si\u0119 za projektem SVP, przeciw by\u0142o 47,1%. Nieco ponad p\u00f3\u0142 roku p\u00f3\u017aniej,  Szwajcarska Partia Ludowa zaproponowa\u0142a przywr\u00f3cenie kontroli  granicznych (o sprawie pisali\u015bmy <a href=\"http:\/\/autonom.pl\/index.php\/news\/informacje\/1158-szwajcarzy-rowniez-chca-przywrocenia-kontroli-granicznych\" target=\"_blank\">tutaj<\/a>),  co r\u00f3wnie\u017c spotka\u0142o si\u0119 z pozytywnymi opiniami spo\u0142ecze\u0144stwa, a tak\u017ce  znacznej cz\u0119\u015bci prawicowych i centroprawicowych cz\u0142onk\u00f3w parlamentu.<\/p>\r\n<p>Zestawiaj\u0105c ze sob\u0105 dwa powy\u017csze przyk\u0142ady, nie ma co si\u0119 dziwi\u0107, \u017ce  rozgoryczona Unia Europejska zamierza ingerowa\u0107 w wewnetrzne sprawy  kraju, kt\u00f3ry idealnie uwidacznia powolny upadek propagowanych przez ni\u0105  pseudowarto\u015bci (wielokulturowo\u015b\u0107, brak granic, liberalizm). Wszystko  wskazuje jednak na to, i\u017c zdenerwowane tym faktem kraje cz\u0142onkowskie UE  przegraj\u0105 \u201ebitw\u0119\u201d ze Szwajcari\u0105 i to dzi\u0119ki idealnemu wed\u0142ug Unii  Europejskiej systemowi &#8211; demokracji.<\/p>\r\n<p>na podstawie: Reuters, NEWSru<\/p>","protected":false},"excerpt":{"rendered":"Szwajcarska Partia Ludowa, znana z zako\u0144czonych sukcesem kampanii przeciwko budowie meczet\u00f3w na terenie Szwajcarii, czy g\u0142o\u015bnego referendum w sprawie wydalania z kraju cudzoziemc\u00f3w-kryminalist\u00f3w, rozpocz\u0119\u0142a zbieranie podpis\u00f3w pod kolejn\u0105 inicjatyw\u0105. Tym razem uchodz\u0105ca &#8211; nies\u0142usznie &#8211; za nacjonalistyczn\u0105 partia SVP zamierza ograniczy\u0107 liczb\u0119 imigrant\u00f3w w kraju, wprowadzaj\u0105c nakaz corocznego uiszczania op\u0142at za wydanie dokumentu pobytowego. Projekt [&hellip;]","protected":false},"author":1,"featured_media":0,"comment_status":"closed","ping_status":"closed","sticky":false,"template":"","format":"standard","meta":{"_acf_changed":false,"_monsterinsights_skip_tracking":false,"_monsterinsights_sitenote_active":false,"_monsterinsights_sitenote_note":"","_monsterinsights_sitenote_category":0,"ngg_post_thumbnail":0,"footnotes":"","_wp_rev_ctl_limit":""},"categories":[6],"tags":[23,76],"acf":[],"_links":{"self":[{"href":"https:\/\/www.bibula.com\/index.php?rest_route=\/wp\/v2\/posts\/41501"}],"collection":[{"href":"https:\/\/www.bibula.com\/index.php?rest_route=\/wp\/v2\/posts"}],"about":[{"href":"https:\/\/www.bibula.com\/index.php?rest_route=\/wp\/v2\/types\/post"}],"author":[{"embeddable":true,"href":"https:\/\/www.bibula.com\/index.php?rest_route=\/wp\/v2\/users\/1"}],"replies":[{"embeddable":true,"href":"https:\/\/www.bibula.com\/index.php?rest_route=%2Fwp%2Fv2%2Fcomments&post=41501"}],"version-history":[{"count":0,"href":"https:\/\/www.bibula.com\/index.php?rest_route=\/wp\/v2\/posts\/41501\/revisions"}],"wp:attachment":[{"href":"https:\/\/www.bibula.com\/index.php?rest_route=%2Fwp%2Fv2%2Fmedia&parent=41501"}],"wp:term":[{"taxonomy":"category","embeddable":true,"href":"https:\/\/www.bibula.com\/index.php?rest_route=%2Fwp%2Fv2%2Fcategories&post=41501"},{"taxonomy":"post_tag","embeddable":true,"href":"https:\/\/www.bibula.com\/index.php?rest_route=%2Fwp%2Fv2%2Ftags&post=41501"}],"curies":[{"name":"wp","href":"https:\/\/api.w.org\/{rel}","templated":true}]}}