{"id":41222,"date":"2011-07-25T17:57:04","date_gmt":"2011-07-25T22:57:04","guid":{"rendered":"http:\/\/www.bibula.com\/?p=41222"},"modified":"2012-04-21T08:05:59","modified_gmt":"2012-04-21T13:05:59","slug":"milcarek-wolnomularski-stroj-breivika-i-nasladowanie-templariuszy-to-antykatolickie-symbole","status":"publish","type":"post","link":"https:\/\/www.bibula.com\/?p=41222","title":{"rendered":"Milcarek: Wolnomularski str\u00f3j Breivika i na\u015bladowanie Templariuszy to antykatolickie symbole"},"content":{"rendered":"<p><strong>&#8211; Samo przypominanie przez Breivika symboliki Templariuszy czy Krzy\u017cowc\u00f3w nie jest niczym niezwyk\u0142ym.\u00a0Te elementy tworz\u0105 jednak u tego pana rodzaj osobliwego miksu. Z punktu widzenia chrze\u015bcija\u0144skiego np. sprawa Templariuszy jest zawi\u0142a i dwuznaczna: po ich pot\u0119pieniu i rozwi\u0105zaniu tego zakonu, wszystkie ruchy ezoteryczne czy pre-wolnomularskie nawi\u0105zywa\u0142y do ich legendy. Ich symbolika wykorzystywana by\u0142a w spos\u00f3b antykatolicki i antypapieski &#8211; m\u00f3wi portalowi Fronda.pl, dr Pawe\u0142 Milcarek, filozof, &#8222;Christianitas&#8221;.<\/strong><\/p>\r\n<p>W my\u015bleniu i post\u0119powaniu Andersa Breivika mo\u017cemy m\u00f3wi\u0107 o obecno\u015bci popl\u0105tanych element\u00f3w dziedzictwa chrze\u015bcija\u0144skiego. Nie jest to bardzo dziwne, zwa\u017cywszy na to, \u017ce ka\u017cdy cz\u0142owiek motywowany &#8222;naszo\u015bci\u0105&#8221; b\u0119dzie w Europie si\u0119ga\u0142 jako\u015b do rekwizyt\u00f3w kultury chrze\u015bcija\u0144skiej. Najbardziej zbrodniczy pomys\u0142 si\u0119gnie do tej historycznej spu\u015bcizny, tak jak nawet najbardziej perwersyjna sekta potrafi si\u0119 wywie\u015b\u0107 z Biblii.<\/p>\r\n<p>A wi\u0119c samo przypominanie przez Breivika symboliki Templariuszy czy Krzy\u017cowc\u00f3w nie jest niczym niezwyk\u0142ym.Te elementy tworz\u0105 jednak u tego pana rodzaj osobliwego miksu. Z punktu widzenia chrze\u015bcija\u0144skiego np. sprawa Templariuszy jest zawi\u0142a i dwuznaczna: po ich pot\u0119pieniu i rozwi\u0105zaniu tego zakonu, wszystkie ruchy ezoteryczne czy pre-wolnomularskie nawi\u0105zywa\u0142y do ich legendy. Ich symbolika wykorzystywana by\u0142a w spos\u00f3b antykatolicki i antypapieski.<\/p>\r\n<p>Gdy zatem czytam, \u017ce t\u0119skni\u0105cy do Templariuszy zamachowiec mia\u0142 na swej li\u015bcie cel\u00f3w Benedykta XVI, to jednak bardziej przypomina mi si\u0119 to dziedzictwo antypapieskie ni\u017c &#8222;chrze\u015bcija\u0144ski fundamentalizm&#8221;. Cz\u0142owiek, kt\u00f3ry chce zabi\u0107 papie\u017ca, b\u0119d\u0105cego zreszt\u0105 motorem odnowy konserwatywnej w Ko\u015bciele, nie jest fundamentalist\u0105 katolickim.<\/p>\r\n<table class=\"outset\" style=\"width: 201px;\" align=\"left\">\r\n<tbody>\r\n<tr>\r\n<td><img decoding=\"async\" class=\"alignleft\" style=\"margin: 10px;\" src=\"http:\/\/www.fronda.pl\/obrazy\/72992.jpg\" alt=\"Brievic w stroju maso\u0144skim.\" width=\"174\" height=\"270\" \/><\/td>\r\n<\/tr>\r\n<tr>\r\n<td>\r\n<p class=\"podpis_sz\">Brievic w stroju maso\u0144skim.<\/p>\r\n<\/td>\r\n<\/tr>\r\n<\/tbody>\r\n<\/table>\r\n<p>Niezwykle te\u017c wymowne jest zdj\u0119cie w rytualnym stroju wolnomularskim. Nie zbroja i miecz rycerski, ale str\u00f3j maso\u0144ski. To te\u017c jest nawi\u0105zanie do symboliki antykatolickiej.<\/p>\r\n<p>Oczywi\u015bcie to wszystko nie wyklucza, \u017ce Breivik znalaz\u0142 si\u0119 w zasi\u0119gu jakiej\u015b ideologii prawicowej lub w jakim\u015b nurcie &#8222;obrony Zachodu&#8221;. Istniej\u0105 przecie\u017c takie ideologie, kt\u00f3re w sumie pogardzaj\u0105 r\u00f3wno wszystkimi &#8222;egzoterycznymi&#8221; formami religijno\u015bci, za to kultywuj\u0105 swe ezoteryczne przekonania o &#8222;tradycji pierwotnej&#8221; znanej tylko inicjowanym cz\u0142onkom elitarnych &#8222;zakon\u00f3w&#8221;, gotowych na \u015bmier\u0107 dla sprawy.\u00a0W ka\u017cdej ksi\u0119garni, na p\u00f3\u0142ce &#8222;ezoteryka&#8221; s\u0105siaduj\u0105cej z p\u00f3\u0142k\u0105 &#8222;religia&#8221;, jest mn\u00f3stwo ksi\u0105\u017cek na ten temat.<\/p>\r\n<p>Czasami &#8222;przylepiaj\u0105 si\u0119&#8221; do Ko\u015bcio\u0142a katolickiego ludzie, kt\u00f3rzy chc\u0105 w nim widzie\u0107 przede wszystkim porz\u0105dek, hierarchi\u0119, cywilizacj\u0119, jakie\u015b takie &#8222;skarby Templariuszy&#8221; potrzebne do oporu wobec &#8222;si\u0142 rozk\u0142adu&#8221; &#8211; a nad wiar\u0105 i jej obowi\u0105zkami moralnymi, nad prost\u0105 mi\u0142o\u015bci\u0105 Boga i bli\u017aniego nie maj\u0105 zamiaru medytowa\u0107, bo im to pachnie &#8222;mi\u0119czactwem&#8221;. Breivik robi wra\u017cenie cz\u0142owieka, kt\u00f3ry utworzy\u0142 sobie swoj\u0105 w\u0142asn\u0105 romantyczn\u0105 ideologi\u0119, dalek\u0105\u00a0o jakiejkolwiek religijnej ortodoksji, zw\u0142aszcza katolickiej.<\/p>\r\n<p>Nasza cywilizacja w swym oficjalnym \u0142adzie gwa\u0142ci kolejne kanony rozs\u0105dku &#8211; moralnego, demograficznego, religijnego, a wi\u0119c z r\u00f3\u017cnych poziom\u00f3w. Czyn Breivika jest obrzydliwy i nie ma nic wsp\u00f3lnego ani z chrze\u015bcija\u0144stwem, ani z chrze\u015bcija\u0144skim etosem rycerskim &#8211; ale obawiam si\u0119, \u017ce im wi\u0119cej bzdur i profanacji oficjalnych, &#8222;legalnych&#8221;, tym wi\u0119ksze prawdopodobie\u0144stwo pojawiania si\u0119 takich &#8222;w\u015bciek\u0142ych&#8221; &#8211; dodaje Milcarek.<\/p>\r\n<p>Not. JW<\/p>","protected":false},"excerpt":{"rendered":"&#8211; Samo przypominanie przez Breivika symboliki Templariuszy czy Krzy\u017cowc\u00f3w nie jest niczym niezwyk\u0142ym.\u00a0Te elementy tworz\u0105 jednak u tego pana rodzaj osobliwego miksu. Z punktu widzenia chrze\u015bcija\u0144skiego np. sprawa Templariuszy jest zawi\u0142a i dwuznaczna: po ich pot\u0119pieniu i rozwi\u0105zaniu tego zakonu, wszystkie ruchy ezoteryczne czy pre-wolnomularskie nawi\u0105zywa\u0142y do ich legendy. Ich symbolika wykorzystywana by\u0142a w spos\u00f3b [&hellip;]","protected":false},"author":1,"featured_media":0,"comment_status":"closed","ping_status":"closed","sticky":false,"template":"","format":"standard","meta":{"_acf_changed":false,"_monsterinsights_skip_tracking":false,"_monsterinsights_sitenote_active":false,"_monsterinsights_sitenote_note":"","_monsterinsights_sitenote_category":0,"ngg_post_thumbnail":0,"footnotes":"","_wp_rev_ctl_limit":""},"categories":[9],"tags":[132,131,20],"acf":[],"_links":{"self":[{"href":"https:\/\/www.bibula.com\/index.php?rest_route=\/wp\/v2\/posts\/41222"}],"collection":[{"href":"https:\/\/www.bibula.com\/index.php?rest_route=\/wp\/v2\/posts"}],"about":[{"href":"https:\/\/www.bibula.com\/index.php?rest_route=\/wp\/v2\/types\/post"}],"author":[{"embeddable":true,"href":"https:\/\/www.bibula.com\/index.php?rest_route=\/wp\/v2\/users\/1"}],"replies":[{"embeddable":true,"href":"https:\/\/www.bibula.com\/index.php?rest_route=%2Fwp%2Fv2%2Fcomments&post=41222"}],"version-history":[{"count":0,"href":"https:\/\/www.bibula.com\/index.php?rest_route=\/wp\/v2\/posts\/41222\/revisions"}],"wp:attachment":[{"href":"https:\/\/www.bibula.com\/index.php?rest_route=%2Fwp%2Fv2%2Fmedia&parent=41222"}],"wp:term":[{"taxonomy":"category","embeddable":true,"href":"https:\/\/www.bibula.com\/index.php?rest_route=%2Fwp%2Fv2%2Fcategories&post=41222"},{"taxonomy":"post_tag","embeddable":true,"href":"https:\/\/www.bibula.com\/index.php?rest_route=%2Fwp%2Fv2%2Ftags&post=41222"}],"curies":[{"name":"wp","href":"https:\/\/api.w.org\/{rel}","templated":true}]}}