{"id":41121,"date":"2011-07-22T20:27:29","date_gmt":"2011-07-23T01:27:29","guid":{"rendered":"http:\/\/www.bibula.com\/?p=41121"},"modified":"2011-07-22T20:27:29","modified_gmt":"2011-07-23T01:27:29","slug":"smolenski-przebierze-sie-za-ss-mana-stanislaw-michalkiewicz","status":"publish","type":"post","link":"https:\/\/www.bibula.com\/?p=41121","title":{"rendered":"Smole\u0144ski przebierze si\u0119 za SS-mana? &#8211; <em>Stanis\u0142aw Michalkiewicz<\/em>"},"content":{"rendered":"<p>Totalniacy z \u201e<em>Gazety Wyborczej<\/em>\u201d przedstawiaj\u0105 si\u0119 jako p\u0142omienni  szermierze wolno\u015bci i dlatego przez wielu naiwnych ludzi uwa\u017cani s\u0105 za  libera\u0142\u00f3w. Oczywi\u015bcie tacy z nich libera\u0142owie, jak ze mnie chi\u0144ski  mandaryn. Z kim przestajesz, takim si\u0119 stajesz, a c\u00f3\u017c dopiero, gdy ten  kto\u015b jest prze\u0142o\u017conym, kt\u00f3remu podw\u0142adni musz\u0105 jada\u0107 z r\u0119ki? Nie ma  \u017cadnej mo\u017cliwo\u015bci, \u017ceby podlegaj\u0105c panu redaktorowi Michnikowi ani  zosta\u0107, ani pozosta\u0107 libera\u0142em. \u201e<em>Gazeta Wyborcza<\/em>\u201d jest \u017cydowsk\u0105  gazet\u0105 dla Polak\u00f3w. Co to znaczy? Na pocz\u0105tku okupacji niemieckiej  Niemcy zainterpelowali znanego polskiego germanofila W\u0142adys\u0142awa  Studnickiego, dlaczego nie pisuje do niemieckich gazet. Studnicki na to,  \u017ce jak to \u201e<em>nie pisuje<\/em>\u201d, kiedy przecie\u017c pisuje &#8211; na przyk\u0142ad do \u201e<em>Das Reich<\/em>\u201d. Niemcy, \u017ce owszem, wiedz\u0105 o tym &#8211; ale dlaczego nie pisuje do \u201e<em>Nowego Kuriera Warszawskiego<\/em>\u201d?  Studnicki im odpowiedzia\u0142, \u017ce on pisuje do niemieckich gazet dla  Niemc\u00f3w, ale nie b\u0119dzie pisywa\u0142 do niemieckich gazet dla Polak\u00f3w. Jaka  mi\u0119dzy nimi by\u0142a r\u00f3\u017cnica? Taka, \u017ce niemieckie gazety dla Niemc\u00f3w  przedstawia\u0142y niemiecki punkt widzenia jako niemiecki &#8211; i to by\u0142o w  porz\u0105dku &#8211; natomiast niemieckie gazety dla Polak\u00f3w przedstawia\u0142y  niemiecki punkt widzenia jako obiektywny &#8211; a to by\u0142a nieprawda. Wi\u0119c \u201e<em>Gazeta Wyborcza<\/em>\u201d jest \u017cydowsk\u0105 gazet\u0105 dla Polak\u00f3w i \u017cadnych libera\u0142\u00f3w tam nie ma, ani by\u0107 nie mo\u017ce. Nie za liberalizm im p\u0142ac\u0105.<\/p>\r\n<p>Oto w\u0142a\u015bnie redaktor Pawe\u0142 Smole\u0144ski pr\u00f3buje drapowa\u0107 si\u0119 w kostium  szermierza wolno\u015bci przy okazji wybryku pana Paw\u0142a Hajncela, kt\u00f3ry  przebra\u0142 si\u0119 za motyla i w takim przebraniu, podryguj\u0105c i podskakuj\u0105c  pr\u00f3bowa\u0142 do\u0142\u0105czy\u0107 do procesji Bo\u017cego Cia\u0142a w \u0141odzi. Proboszcz parafii,  gdzie wybryk mia\u0142 miejsce, z\u0142o\u017cy\u0142 doniesienie do prokuratury, kt\u00f3ra  o\u015bwiadczy\u0142a, \u017ce musi zbada\u0107, jakie intencje przy\u015bwieca\u0142y panu  Hajncelowi. Redaktor Smole\u0144ski uwa\u017ca, \u017ce nie ma czego bada\u0107, bo pan  Hajncel to wyja\u015bni\u0142; chcia\u0142 \u201e<em>zaprotestowa\u0107 przeciwko zaw\u0142aszczaniu przez Ko\u015bci\u00f3\u0142 przestrzeni publicznej<\/em>\u201d, bo to go \u201e<em>wkurza<\/em>\u201d. Wprawdzie pan red. Smole\u0144ski szczerze przyznaje, \u017ce nie odwa\u017cy\u0142by si\u0119 pana Hajncela na\u015bladowa\u0107, ale \u201e<em>zdaje mu si\u0119<\/em>\u201d, \u017ce \u201e<em>ka\u017cdy obywatel polski i ka\u017cda organizacja ma prawo protestowa\u0107 i stawia\u0107 pytania<\/em>\u201d. Demokracja bowiem &#8211; powiada &#8211; to orkiestra, w kt\u00f3rtej co prawda nie wszyscy mog\u0105 tyle samo, ale zagra\u0107 wolno ka\u017cdemu.<\/p>\r\n<p>Taka deklaracja sprawia wra\u017cenie szalenie liberalnej, ale spr\u00f3bujmy pana  redaktora Smole\u0144skiego sprawdzi\u0107. Oto do obozu w O\u015bwi\u0119cimiu co roku  przyje\u017cd\u017caj\u0105 z Izraela wycieczki i urz\u0105dzaj\u0105 tam tak zwany \u201e<em>Marsz \u0179ywych<\/em>\u201d.  Jest to bez najmniejszych w\u0105tpliwo\u015bci forma czasowego zaw\u0142aszczenia  przestrzeni publicznej, z udzia\u0142em uzbrojonych izraelskich komandos\u00f3w,  kt\u00f3rzy chyba nawet nie pytaj\u0105 tubylczych dygnitarzy o pozwolenie na tak\u0105  zbrojn\u0105 obecno\u015b\u0107, a ponadto &#8211; jak dowodz\u0105 relacje hotelarzy i  restaurator\u00f3w &#8211; nawet do\u015b\u0107 uci\u0105\u017cliwa z powod\u00f3w obyczajowych.<\/p>\r\n<p>Wyobra\u017amy sobie jednak, co napisa\u0142aby \u201e<em>Gazeta Wyborcza<\/em>\u201d &#8211; by\u0107 mo\u017ce nawet pi\u00f3rem samego red. Smole\u0144skiego &#8211; gdyby tak jacy\u015b happenerzy, \u201e<em>wkurzeni<\/em>\u201d tak\u0105 ostentacj\u0105, przebrali si\u0119 za SS-man\u00f3w i otoczywszy kordonem uczestnik\u00f3w Marszu \u0179ywych wnosili okrzyki: \u201e<em>Juden raus!<\/em>\u201d albo \u201e<em>Juden schnell!<\/em>\u201d? Nietrudno wyobrazi\u0107 sobie (\u201e<em>ten szum, ten krzyk, ten gwa\u0142t ja sobie wyobra\u017cam<\/em>\u201d) ten klangor i lawin\u0119 donos\u00f3w, skoro dziennikarze \u201e<em>Gazety Wyborczej<\/em>\u201d  w rodzaju pana Karola Adamaszka z Lublina zasypuj\u0105 prokuratur\u0119  doniesieniami w sprawach znacznie mniejszej wagi. Zatem od razu wida\u0107,  \u017ce ten kostium libera\u0142a, w jaki drapuje si\u0119 pan red. Smole\u0144ski, to tylko  przebranie, spod kt\u00f3rego wygl\u0105da znajomy wizerunek totalniaka,  pr\u00f3buj\u0105cego wykorzysta\u0107 jakich\u015b biednych maniak\u00f3w do sekowania i  obezw\u0142adniania znienawidzonego chrze\u015bcija\u0144stwa.<\/p>\r\n<p><em><strong>Stanis\u0142aw Michalkiewicz<\/strong><\/em><\/p>\r\n<p>Komentarz \u00a0<strong>\u2022<\/strong> specjalnie dla www.michalkiewicz.pl \u00a0<strong>\u2022<\/strong> 22 lipca 2011<\/p>","protected":false},"excerpt":{"rendered":"Totalniacy z \u201eGazety Wyborczej\u201d przedstawiaj\u0105 si\u0119 jako p\u0142omienni szermierze wolno\u015bci i dlatego przez wielu naiwnych ludzi uwa\u017cani s\u0105 za libera\u0142\u00f3w. Oczywi\u015bcie tacy z nich libera\u0142owie, jak ze mnie chi\u0144ski mandaryn. Z kim przestajesz, takim si\u0119 stajesz, a c\u00f3\u017c dopiero, gdy ten kto\u015b jest prze\u0142o\u017conym, kt\u00f3remu podw\u0142adni musz\u0105 jada\u0107 z r\u0119ki? Nie ma \u017cadnej mo\u017cliwo\u015bci, \u017ceby [&hellip;]","protected":false},"author":1,"featured_media":0,"comment_status":"closed","ping_status":"closed","sticky":false,"template":"","format":"standard","meta":{"_acf_changed":false,"_monsterinsights_skip_tracking":false,"_monsterinsights_sitenote_active":false,"_monsterinsights_sitenote_note":"","_monsterinsights_sitenote_category":0,"ngg_post_thumbnail":0,"footnotes":"","_wp_rev_ctl_limit":""},"categories":[9],"tags":[132,22,98,53,20],"acf":[],"_links":{"self":[{"href":"https:\/\/www.bibula.com\/index.php?rest_route=\/wp\/v2\/posts\/41121"}],"collection":[{"href":"https:\/\/www.bibula.com\/index.php?rest_route=\/wp\/v2\/posts"}],"about":[{"href":"https:\/\/www.bibula.com\/index.php?rest_route=\/wp\/v2\/types\/post"}],"author":[{"embeddable":true,"href":"https:\/\/www.bibula.com\/index.php?rest_route=\/wp\/v2\/users\/1"}],"replies":[{"embeddable":true,"href":"https:\/\/www.bibula.com\/index.php?rest_route=%2Fwp%2Fv2%2Fcomments&post=41121"}],"version-history":[{"count":0,"href":"https:\/\/www.bibula.com\/index.php?rest_route=\/wp\/v2\/posts\/41121\/revisions"}],"wp:attachment":[{"href":"https:\/\/www.bibula.com\/index.php?rest_route=%2Fwp%2Fv2%2Fmedia&parent=41121"}],"wp:term":[{"taxonomy":"category","embeddable":true,"href":"https:\/\/www.bibula.com\/index.php?rest_route=%2Fwp%2Fv2%2Fcategories&post=41121"},{"taxonomy":"post_tag","embeddable":true,"href":"https:\/\/www.bibula.com\/index.php?rest_route=%2Fwp%2Fv2%2Ftags&post=41121"}],"curies":[{"name":"wp","href":"https:\/\/api.w.org\/{rel}","templated":true}]}}