{"id":41049,"date":"2011-07-21T19:36:58","date_gmt":"2011-07-22T00:36:58","guid":{"rendered":"http:\/\/www.bibula.com\/?p=41049"},"modified":"2011-07-21T19:36:58","modified_gmt":"2011-07-22T00:36:58","slug":"list-otwarty-w-sprawie-prof-rymkiewicza","status":"publish","type":"post","link":"https:\/\/www.bibula.com\/?p=41049","title":{"rendered":"List Otwarty w sprawie prof. Rymkiewicza"},"content":{"rendered":"<p><em>Orzeczenie s\u0105du okr\u0119gowego w Warszawie wobec prof. Jaros\u0142awa Marka  Rymkiewicza jest kolejnym etapem ograniczania wolno\u015bci s\u0142owa. Po  usuni\u0119ciu z medi\u00f3w publicznych dziennikarzy krytycznych wobec w\u0142adzy,  pr\u00f3bach przejmowania i zastraszania medi\u00f3w prywatnych, przyszed\u0142 czas na  przemoc s\u0105dow\u0105. W ostatnim okresie pojawi\u0142o si\u0119 wiele kontrowersyjnych  decyzji s\u0105d\u00f3w wobec dziennikarzy i polityk\u00f3w opozycji. Po raz pierwszy w  wolnej Polsce s\u0105dzono poet\u0119. Pot\u0119\u017cny koncern medialny sympatyzuj\u0105cy z  obozem w\u0142adzy spowodowa\u0142 skazanie cz\u0142owieka, kt\u00f3rego \u017cyciowy dorobek  powinien by\u0107 dum\u0105 dla ka\u017cdego Polaka i ka\u017cdego uto\u017csamiaj\u0105cego si\u0119 z  dorobkiem kulturalnym Europy.<br \/> <br \/> Przed wydaniem wyroku s\u0105d pozwoli\u0142 na publiczne poni\u017cenie poety, kiedy  to adwokat wydawcy &#8222;Gazety Wyborczej&#8221; wypomina\u0142 profesorowi  Rymkiewiczowi jego pochodzenie. W ustnym uzasadnieniu orzeczeniu s\u0105du  znalaz\u0142o si\u0119 stwierdzenie, kt\u00f3re musi poruszy\u0107 ka\u017cdego kochaj\u0105cego  wolno\u015b\u0107 s\u0142owa. Win\u0105 profesora Rymkiewicza jest to, \u017ce wypowiada\u0142 si\u0119  niezgodnie z zadanym mu przez dziennikarza tematem.<br \/> <br \/> Procesy o ochron\u0119 d\u00f3br osobistych zawsze budz\u0105 silne kontrowersj\u0119, bo  stwarzaj\u0105 ryzyko cenzury. Ochrona d\u00f3br nigdy jednak nie mo\u017ce by\u0107  pretekstem do narzucania ludziom przedmiotu dyskusji. Ta sk\u0142onno\u015b\u0107  zar\u00f3wno w\u0142adzy, w tym w\u0142adzy s\u0105downiczej, wynika, z przenikania do  naszego \u017cycia komunistycznej mentalno\u015bci pa\u0144stwa totalitarnego. S\u0105dy nie  s\u0105 po to, by poprawia\u0107 ludzkie pogl\u0105dy, ale by chroni\u0107 prawa.<br \/> <br \/> Dzisiaj s\u0105d naruszy\u0142 jedno z najbardziej podstawowych praw do swobody  wypowiedzi. Ci, kt\u00f3rzy to sprawili, bior\u0105 na siebie odpowiedzialno\u015b\u0107 za  niszczenie \u017cycia publicznego w Polsce i oddalanie naszego kraju od tego  co tkwi w fundamentach Europy.<\/em><\/p>\r\n<p style=\"padding-left: 30px;\"><em>Tomasz Sakiewicz<\/em><br \/><em> Jan Pospieszalski<\/em><br \/><em> Rafa\u0142 A. Ziemkiewicz<\/em><br \/><em> Anita Gargas<\/em><br \/><em> Andrzej Hrechorowicz<\/em><br \/><em> Dorota Kania<\/em><br \/><em> Ewa Da\u0142kowska<\/em><br \/><em> Tomasz Miernowski<\/em><br \/><em> Jerzy Targalski<\/em><br \/><em> Grzegorz Wierzcho\u0142owski<\/em><br \/><em> Maciej Marosz<\/em><br \/><em> Ewa Stankiewicz<\/em><br \/><em> Pawe\u0142 Nowacki<\/em><br \/><em> Grzegorz Braun<\/em><br \/><em> Maciej Pawlicki<\/em><br \/><em> Micha\u0142 Lorenc<\/em><br \/><em> Wojciech Konikiewicz<\/em><br \/><em> Przemys\u0142aw Harczuk<\/em><br \/><em> Piotr \u0141uczuk<\/em><br \/><em> Micha\u0142 Str\u00f3\u017cyk<\/em><br \/><em> Przemys\u0142aw Gintrowski<\/em><br \/><em> Krystyna Grzybowska<\/em><br \/><em> Micha\u0142 Racho\u0144<\/em><br \/><em> Joanna Lichocka<\/em><br \/><em> Bronis\u0142aw Wildstein<\/em><br \/><em> Piotr Semka<\/em><br \/><em> Tomasz Terlikowski<\/em><br \/><em> Piotr Szczepanik<\/em><br \/><em> Marcin Wolski<\/em><br \/><em> Damian Kowalczyk<\/em><br \/><em> Jacek Sierpi\u0144ski<\/em><br \/><em> Marzena Nykiel<\/em><br \/><em> ks. Tadeusz Isakowicz-Zaleski<\/em><br \/><em> Albert Michalski<\/em><br \/><em> Witold Chrzanowski<\/em><br \/><em> Bogus\u0142aw Pl\u0119s<\/em><br \/><em> Jacek Lilpop<\/em><br \/><em> El\u017cbieta W\u0142ostowska<\/em><br \/><em> Ernest D\u0142utek<\/em><br \/><em> Jerzy Michaj\u0142owicz<\/em><br \/><em> Joanna Weronika Napiera\u0142a<\/em><br \/><em> Juliusz Pol<\/em><br \/><em> Maria Napiera\u0142a<\/em><br \/><em> Jan Peche<\/em><br \/><em> Tadeusz Wac\u0142awek<\/em><br \/><em> Janusz Maniecki<\/em><br \/><em> Damian Staniszewski<\/em><br \/><em> Henryk Glebocki<\/em><br \/><em> Piotr Zawada<\/em><br \/><em> Ewa Pomozow<\/em><br \/><em> El\u017cbieta Szmidt<\/em><br \/><em> Krzysztof Piechocki<\/em><br \/><em> Jolanta J\u0119drzejczyk<\/em><br \/><em> Hanna Radziejewska<\/em><br \/><em> Adam J\u0119drzejczyk<\/em><br \/><em> Jerzy Dudek<\/em><br \/><em> Jacek Platt<\/em><br \/><em> Jacek Fidut<\/em><br \/><em> Stefan W. Czarniecki<\/em><br \/><em> Roman Zawadzki<\/em><br \/><em> Wit Forys<\/em><br \/><em> Edward Bublewicz<\/em><br \/><em> Micha\u0142 B\u0105c\u0142awek<\/em><br \/><em> Rafa\u0142 Kotomski<\/em><br \/><em> Rafael Budzbon<\/em><br \/><em> Renata W\u0142ostowska<\/em><br \/><em> Jerzy Chrzanowski<\/em><br \/><em> Krzysztof \u0141ysik<\/em><br \/><em> Maciej Dzi\u0119giel<\/em><br \/><em> Danuta Lewandowska<\/em><br \/><em> Maciej Drogo\u0144<\/em><br \/><em> Henryk Kaczmarek<\/em><br \/><em> Nawalaniec Grzegorz<\/em><br \/><em> Marek Gruca<\/em><br \/><em> Witold Wi\u0119s\u0142aw<\/em><br \/><em> Tomasz Liese<\/em><br \/><em> Elzbieta Morawiec<\/em><br \/><em> Anna Beauchamp<\/em><br \/><em> Jan Kustusz<\/em><br \/><em> Ewa-Maria Wegner<\/em><br \/><em> Violetta Krzywicka<\/em><br \/><em> Waldemar Brz\u00f3zka<\/em><br \/><em> Przemys\u0142aw Resztak<\/em><br \/><em> Adrian Wo\u0142kowski<\/em><br \/><em> Wojciech Wencel<\/em><br \/><em> Renata Stefa\u0144ska<\/em><br \/><em> Dariusz Kacprzak<\/em><br \/><em> Adam Koz\u0142owski<\/em><br \/><em> Jerzy Walaszek<\/em><br \/><em> S\u0142awomir Kowalewski<\/em><br \/><em> Jerzy Antoni Soboci\u0144ski<\/em><br \/><em> Jerzy Wo\u017aniak<\/em><br \/><em> Alicja Soszy\u0144ska<\/em><br \/><em> Jacek Kowalski<\/em><br \/><em> Pawe\u0142 Chojecki<\/em><br \/><em> Marek Kielski<\/em><br \/><em> Miros\u0142aw Boruta<\/em><br \/><em> Andrzej Krepa<\/em><br \/><em> Joanna Cie\u015blewicz<\/em><br \/><em> Christoph Cie\u015blewicz<\/em><br \/><em> Teresa Holik<\/em><br \/><em> Bogdan Szczepa\u0144ski<\/em><br \/><em> Leszek Flisiak<\/em><br \/><em> S\u0142awomir Winch<\/em><br \/><em> Halina Anton<\/em><br \/><em> Andrzej Stasiuk<\/em><br \/><em> Marek Szafra\u0144ski<\/em><br \/><em> Miros\u0142aw Bernaciak<\/em><br \/><em> Wojciech Dybula<\/em><br \/><em> Franciszek Ku\u017amicki<\/em><br \/><em> Maria Dzielska<\/em><br \/><em> Mariusz Przelucki<\/em><br \/><em> Jacek Raczkowski<\/em><br \/><em> Ma\u0142gorzata Stasiak<\/em><br \/><em> Krzysztof Pachelski<\/em><br \/><em> Piotr Sakowski<\/em><br \/><em> Kamila Chowa\u0142ko<\/em><br \/><em> Kazimierz Maciejewski<\/em><br \/><em> Zofia P\u0142ocienniczak<\/em><br \/><em> Jacek Duszy\u0144ski<\/em><br \/><em> Andrzej Tomczyk<\/em><br \/><em> Jacek Karnowski<\/em><br \/><em> Micha\u0142 Karnowski<\/em><br \/><em> S\u0142awomir W\u0105sacz<\/em><br \/><em> Przemys\u0142aw Kwiatkowski<\/em><br \/><em> Andrzej Krauze<\/em><br \/><em> Jerzy Buczy\u0144ski<\/em><br \/><em> Adam Zieli\u0144ski<\/em><br \/><em> Magdalena Pacura<\/em><br \/><em> Cezary \u0141epek<\/em><br \/><em> Pawe\u0142 Bonkowski<\/em><br \/><em> Anna Schuster<\/em><br \/><em> Miroslaw Przewlocki<\/em><br \/><em> Jacek Antoni Liziniewicz<\/em><br \/><em> Boleslaw Kruszewski<\/em><br \/><em> Andrzej R\u00f3\u017cycki<\/em><br \/><em> Halina Madej<\/em><br \/><em> Krystyna Ferch<\/em><br \/><em> Adam Ferch<\/em><br \/><em> Wo\u017aniak Grzegorz<\/em><br \/><em> Szymon Czaja<\/em><br \/><em> Wies\u0142aw J. K. Kowalski<\/em><br \/><em> Jaroslaw Sawko<\/em><br \/><em> Dariusz Wawak<\/em><br \/><em> Joanna Bukczynska<\/em><br \/><em> Krzysztof Bukczynski<\/em><br \/><em> Krzysztof M. Wilczy\u0144ski<\/em><br \/><em> Zygmunt Janicki<\/em><br \/><em> W\u0142odzimierz Bernacki<\/em><br \/><em> Agata Ma\u0142olepsza<\/em><br \/><em> Zbyszek<\/em><br \/><em> Agnieszka Mistur<\/em><br \/><em> Dorota Kolasa<\/em><br \/><em> Andrzej D\u0119bski<\/em><br \/><em> Andrzej Gierach<\/em><br \/><em> Marek Solak<\/em><br \/><em> Jerzy\u00a0Olejniczak<\/em><br \/><em> Anna Olejniczak<\/em><br \/><em> Jacek Misiak<\/em><br \/><em> Sylwia Sakowska<\/em><br \/><em> Krzysztof Sakowski<\/em><br \/><em> Damian Pietrzyk<\/em><br \/><em> Piotr Stasiak<\/em><br \/><em> Wanda Domaga\u0142a<\/em><br \/><em> Jacek Domaga\u0142a<\/em><br \/><em> Mateusz Domaga\u0142a<\/em><br \/><em> Artur Jasi\u0144ski<\/em><br \/><em> Maciej Iwanek<\/em><br \/><em> Adam Stawowski<\/em><br \/><em> Boles\u0142aw Dojka<\/em><br \/><em> Mariusz Szmuc<\/em><br \/><em> Rafa\u0142 Bogus\u0142awski<\/em><br \/><em> Janusz Bogus\u0142awski<\/em><br \/><em> Elwira Bogus\u0142awska<\/em><br \/><em> Kornelia Bogus\u0142awska<\/em><br \/><em> Andrzej Rude\u0144ski<\/em><br \/><em> Antoni Krauze<\/em><br \/><em> Ireneusz Zieli\u0144ski<\/em><br \/><em> Ryszard Kosiorowski<\/em><br \/><em> Katarzyna M\u0105kowska<\/em><br \/><em> Ewa Vignes<\/em><br \/><em> Ryszard Piotr Miszkiel<\/em><br \/><em> Krzysztof Laskorzy\u0144ski<\/em><br \/><em> Zbigniew \u0141azarski<\/em><br \/><em> Dariusz \u0179urek<\/em><br \/><em> Aneta Dziedzic<\/em><br \/><em> Marcin Ziemann<\/em><br \/><em> Barbara Krajewska<\/em><br \/><em> Adam Borkowski<\/em><br \/><em> Hanna Simbierowicz<\/em><br \/><em> Eligiusz Grzywacz<\/em><br \/><em> Krystyna Dziubinska<\/em><br \/><em> S\u0142awomir Jaworski<\/em><br \/><em> Bo\u017cena Specjalna<\/em><br \/><em> Maria Keyha<\/em><br \/><em> Andrzej Keyha<\/em><br \/><em> Gra\u017cyna Zaj\u0105c<\/em><br \/><em> Zbigniew Hoffmann<\/em><br \/><em> Rafa\u0142 Krawczak<\/em><br \/><em> Grzegorz Pawe\u0142 Stefa\u0144czyk<\/em><br \/><em> Jacek Warejko<\/em><br \/><em> Marek Bry\u0142a<\/em><br \/><em> Iwona Wojtaszek<\/em><br \/><em> Katarzyna Niewinska<\/em><br \/><em> Bo\u017cena Zdanowicz<\/em><br \/><em> Wojciech Pierzgalski<\/em><br \/><em> Tadeusz Kasprzak<\/em><br \/><em> Jacek Laberschek<\/em><br \/><em> Irena Bacewicz<\/em><br \/><em> Marian Ardzi\u0144ski<\/em><br \/><em> Mariusz Sandomierski<\/em><br \/><em> Grzegorz Wszo\u0142ek<\/em><br \/><em> Grzegorz P. Falandysz<\/em><br \/><em> Aleksandra Tryszczylo-Pacalowska<\/em><br \/><em> Tomasz Szymborski<\/em><br \/><em> Wojciech Koz\u0142owski<\/em><br \/><em> J\u00f3zef Dwojak<\/em><br \/><em> Witold Rymer<\/em><br \/><em> Joanna Wi\u015bniewska<\/em><br \/><em> Barbara Rudzi\u0144ska<\/em><br \/><em> Szymon Ostrowski<\/em><br \/><em> Grzegorz Czech<\/em><br \/><em> Rafa\u0142 Stani<\/em><br \/><em> Krzysztof Stankowski<\/em><br \/><em> Barbara Sereczy\u0144ska<\/em><br \/><em> Pawe\u0142 Bachniak<\/em><br \/><em> Waldemar Cie\u015blik<\/em><br \/><em> Walerian Ostapko<\/em><br \/><em> Jacek Adamczyk<\/em><br \/><em> Jadwiga Gawkowska<\/em><br \/><em> Teresa Sobierajska<\/em><br \/><em> Aleksandra Zaleska<\/em><br \/><em> Janusz Gwozdz<\/em><br \/><em> S\u0142awomir Pastuszko<\/em><br \/><em> Grzegorz Olszewski<\/em><br \/><em> Sylwia Olszewska<\/em><br \/><em> Malgorzata Hola<\/em><br \/><em> Ewa Turzy\u0144ska<\/em><br \/><em> Piotr Pa\u0142ka<\/em><br \/><em> Marcin Herman<\/em><br \/><em> Mariusz Majewski<\/em><br \/><em> Elzbieta Pietkiewicz<\/em><br \/><em> Jakub Chrzan<\/em><br \/><em> Maciej Dziuba\u0144ski<\/em><br \/><em> Sok\u00f3\u0142 Jaros\u0142aw<\/em><br \/><em> Janusz Ku\u015bmierek<\/em><br \/><em> Andrzelika Ku\u015bmierek<\/em><br \/><em> Magdalena Polety\u0142o<\/em><br \/><em> Tadeusz Polety\u0142o<\/em><br \/><em> Marek Polety\u0142o<\/em><br \/><em> Joanna Majewska<\/em><br \/><em> Jerzy Jurdzi\u0144ski<\/em><br \/><em> Sobierajski Wojtek<\/em><br \/><em> Andrzej Kalbarczyk<\/em><br \/><em> Marcin Wiktorowicz<\/em><br \/><em> Bogus\u0142aw Grzebalski<\/em><br \/><em> Jan Morek<\/em><br \/><em> Pawe\u0142 Grzegorzewski<\/em><br \/><em> Dorota D\u0119bska<\/em><br \/><em> Andrzej W. Jankowski<\/em><br \/><em> Marek Ziarkowski<\/em><br \/><em> Marek Zwierzycki<\/em><br \/><em> Roman Szymanowicz<\/em><br \/><em> El\u017cbieta P\u00f3ltorak<\/em><br \/><em> Dariusz \u0179urek<\/em><br \/><em> Maria Ciecho\u0144ska<\/em><br \/><em> Waldemar Soba\u0144ski<\/em><br \/><em> Igor Czajka<\/em><br \/><em> Konrad \u015aliwicki<\/em><br \/><em> Maria Olbrycht Beaut\u00c3\u00a9<\/em><br \/><em> Marcin Warejko<\/em><br \/><em> Marcin W\u0142udzik<\/em><br \/><em> Robert Ko\u017cuchowski<\/em><br \/><em> Barbara Cie\u015blak<\/em><br \/><em> Zdzis\u0142aw Adach<\/em><br \/><em> Roman Skorupi\u0144ski<\/em><br \/><em> Rafa\u0142 Bebak<\/em><br \/><em> Marek Sarza\u0142a<\/em><br \/><em> Zenon G\u00f3rny<\/em><br \/><em> Monika Sarza\u0142a<\/em><br \/><em> Mich\u0142a\u0142 Stanis\u0142aw de Ziele\u015bkiewicz<\/em><br \/><em> Artur Dmochowski<\/em><br \/><em> Hanna Wagner<\/em><br \/><em> Krzysztof Wagner<\/em><br \/><em> Franciszek Staszczuk<\/em><br \/><em> Mariusz Jag\u00f3ra<\/em><br \/><em> Szczepan Szyma\u0144ski<\/em><br \/><em> Lech Gilas<\/em><br \/><em> B\u0142a\u017cej Tora\u0144ski<\/em><br \/><em> \u0141ukasz Marcin Wrona<\/em><br \/><em> Paulina B\u0105k<\/em><br \/><em> Grzegorz Messerszmidt<\/em><br \/><em> Emilian Iwanicki<\/em><br \/><em> Jacek Zakrzewski<\/em><br \/><em> Wanda Warzecha<\/em><br \/><em> Micha\u0142 Konarski<\/em><br \/><em> Jolanta Szczypi\u0144ska<\/em><br \/><em> Robert Pietrzak<\/em><br \/><em> Dariusz Gac<\/em><br \/><em> Michal Czorycki<\/em><br \/><em> Maciej Rysiewicz<\/em><br \/><em> Waldemar Chrystowski<\/em><br \/><em> Anna Pytel<\/em><br \/><em> Wojciech Pytel<\/em><br \/><em> Eva Just-Przygodzka<\/em><br \/><em> Mariola Gwizda\u0142a<\/em><br \/><em> Elzbieta Kutryb<\/em><br \/><em> Tadeusz Kutryb<\/em><br \/><em> Maria Sobotka<\/em><br \/><em> Antoni Stanis\u0142aw Bronowicki<\/em><br \/><em> El\u017cbieta Bronowicka<\/em><br \/><em> Marek Cera\u0144ski<\/em><br \/><em> Monika Weber<\/em><br \/><em> El\u017cbieta Wieczorkiewicz<\/em><br \/><em> Barbara Ulczycka<\/em><br \/><em> Ireneusz Lewandowski<\/em><br \/><em> Arnold Wardak<\/em><br \/><em> El\u017cbieta Wardak<\/em><br \/><em> Mieczys\u0142aw Herbrych<\/em><br \/><em> Andrzej Krauze<\/em><br \/><em> Micha\u0142 Dworakowski<\/em><br \/><em> Miros\u0142aw Koz\u0142owski<\/em><br \/><em> Andrzej Grzesiakowski<\/em><br \/><em> Agnieszka Herbrych<\/em><br \/><em> Jozef Zajac<\/em><br \/><em> Krzysztof Dobrzy\u0144ski<\/em><br \/><em> Jolanta Dobrzy\u0144ska<\/em><br \/><em> Maciej Herbrych<\/em><br \/><em> Jacek Dudowicz<\/em><br \/><em> Marian Paj\u0105k<\/em><br \/><em> J\u00f3zef Gorzkowski<\/em><br \/><em> Janina Olejnik<\/em><br \/><em> Ks.J\u00f3zef Szeliga<\/em><br \/><em> Pawe\u0142 Zdun<\/em><br \/><em> Janusz Chy\u0142a<\/em><br \/><em> Dominik Giza<\/em><br \/><em> W\u0142odzimierz Matysiak<\/em><br \/><em> Grzegorz K\u00f3zka<\/em><br \/><em> Piotr Olchowik<\/em><br \/><em> Marian Paj\u0105k<\/em><br \/><em> Jan Piotr Zieli\u0144ski<\/em><br \/><em> Jozef Drewniok<\/em><br \/><em> Grzegorz Ba\u0142uka<\/em><br \/><em> Hanna Kale\u0144ska-Ja\u015bkiewicz<\/em><br \/><em> Jan Kale\u0144ski-Ja\u015bkiewicz<\/em><br \/><em> Barbara \u015awierzko<\/em><br \/><em> Barbara Kud\u0142ek<\/em><br \/><em> Roman Zbrzeski<\/em><br \/><em> Andrzej Marian Ardzi\u0144ski<\/em><br \/><em> Wieslaw Wrobel<\/em><br \/><em> Jerzy Trzebi\u0144ski<\/em><br \/><em> Jan Gawe\u0142<\/em><br \/><em> Anna Loch<\/em><br \/><em> Micha\u0142 Mac<\/em><br \/><em> Jan Wojnowski<\/em><br \/><em> Jolanta Zezuli\u0144ska<\/em><br \/><em> Marian Kuty\u0142a<\/em><br \/><em> Gra\u017cyna \u0179ak<\/em><br \/><em> Bogus\u0142aw \u0179ak<\/em><br \/><em> Piotr Matysik<\/em><br \/><em> Danuta Bronikowska<\/em><br \/><em> Alicja Niemiec-Borkowska<\/em><br \/><em> Jerzy Matu\u0142a<\/em><br \/><em> Pawe\u0142 Majcher<\/em><br \/><em> Ewa Szota<\/em><br \/><em> Krzysztof Wilczek<\/em><br \/><em> Maria Warksa<\/em><br \/><em> Wit Niesiolowski<\/em><br \/><em> Jakub Garncarz<\/em><br \/><em> Eugeniusz Simi\u0144ski<\/em><br \/><em> Beata Kuna<\/em><br \/><em> Zbigniew Dowgwi\u0142\u0142o<\/em><br \/><em> Zenon Torz<\/em><br \/><em> Piotr Czy\u017c<\/em><br \/><em> Tadeusz Matyskiel<\/em><br \/><em> Miros\u0142aw Jadryszak<\/em><br \/><em> Urszula Kruszewska<\/em><br \/><em> Piotr G\u00f3rski<\/em><br \/><em> Rafa\u0142 Kalinowski<\/em><br \/><em> Barbara Zawili\u0144ska<\/em><br \/><em> Tadeusz Czuba<\/em><br \/><em> Mieczys\u0142aw Staniszewski<\/em><br \/><em> Pawe\u0142 Oko\u0144ski<\/em><br \/><em> Edward Sobczak<\/em><br \/><em> Wiktor Mokot<\/em><br \/><em> Bohdan Janiszewski<\/em><br \/><em> Mariusz Ma\u0142kiewicz<\/em><br \/><em> Pawe\u0142 Jankowski<\/em><br \/><em> Danuta Namys\u0142owska<\/em><br \/><em> Grzegorz Cegielski<\/em><br \/><em> Dorota \u0179elazowska<\/em><br \/><em> Robert Kmieciak<\/em><br \/><em> Marek Zawadzki<\/em><br \/><em> Ireneusz Wajer<\/em><br \/><em> Janina Wiszniewska<\/em><br \/><em> Wojciech Bardzi\u0144ski<\/em><br \/><em> Alina \u0179elazowska<\/em><br \/><em> Czes\u0142aw Stachura<\/em><br \/><em> Krystyna Podg\u00f3rska<\/em><br \/><em> Zbigniew Kovats<\/em><br \/><em> Marek Mo\u017canowicz<\/em><br \/><em> Ariel Orze\u0142ek<\/em><br \/><em> Czes\u0142aw Kowalczyk<\/em><br \/><em> Ma\u0142gorzata Radziszewska<\/em><br \/><em> Arkadiusz Ignasiak<\/em><br \/><em> Janusz Reynik<\/em><br \/><em> Teresa Reznik<\/em><br \/><em> Andrzej Dajewski<\/em><br \/><em> Alicja Gulanowska-Kowalczyk<\/em><br \/><em> Elzbieta Kotkiewicz<\/em><br \/><em> Wojciech Milbauer<\/em><br \/><em> Dagna Podg\u00f3rska<\/em><br \/><em> Ewa podg\u00f3rska<\/em><br \/><em> Maria Ilnicka<\/em><br \/><em> \u0141ucja Kacza\u0142a<\/em><br \/><em> Krystyna Haglauer<\/em><br \/><em> W\u0142odzimierz Haglauer<\/em><br \/><em> Monika Kanas<\/em><br \/><em> Marian Teterwak<\/em><br \/><em> Helena Broda<\/em><br \/><em> Jan Maciejewski<\/em><br \/><em> Paulina \u0179ejmo<\/em><br \/><em> Jaros\u0142aw Jan \u0179ejmo<\/em><br \/><em> Wies\u0142aw Zmys\u0142owski<\/em><br \/><em> Anita Zelazowska<\/em><br \/><em> Janusz Uhma<\/em><br \/><em> J\u00f3zef W.Krawczyk<\/em><br \/><em> Dariusz Jarosi\u0144ski<\/em><br \/><em> Dorota Heck<\/em><br \/><em> Eugeniusz Chraba\u0144ski<\/em><br \/><em> Piotr Jan Sarr\u00c3\u00a9<\/em><br \/><em> Ryszard Le\u015bniak<\/em><br \/><em> Monika Le\u015bniak<\/em><br \/><em> Jan Pomierny<\/em><br \/><em> Zbigniew Kosi\u0144ski<\/em><br \/><em> Lech Dominiak-G\u00f3rski<\/em><br \/><em> Agata Goral<\/em><br \/><em> Marianna Bronisz<\/em><br \/><em> Krzysztof Bartoszewski<\/em><br \/><em> Krzysztof Pyszny<\/em><br \/><em> Rafa\u0142 \u0179urowski<\/em><br \/><em> Urszula Pola\u0144ska<\/em><br \/><em> Marlena Tombak<\/em><br \/><em> Ewa Glissmann<\/em><br \/><em> Barbara Montzka<\/em><br \/><em> Kazimierz Kami\u0144ski<\/em><br \/><em> Marzena Kami\u0144ska<\/em><br \/><em> Konrad Kami\u0144ski<\/em><br \/><em> Kacper Kami\u0144ski<\/em><br \/><em> Karolina Kami\u0144ska<\/em><br \/><em> Bogus\u0142awa Sieroszewska<\/em><br \/><em> Tomasz Swider<\/em><br \/><em> Renata Szajnel-Heyda<\/em><br \/><em> Jacek Heyda<\/em><br \/><em> Zbigniew Zebrowski<\/em><br \/><em> Tomasz Trojanowski<\/em><br \/><em> Bernard Stani\u0142ko<\/em><br \/><em> Andrzej Drabowicz<\/em><br \/><em> Wies\u0142aw Wruck<\/em><br \/><em> Pawe\u0142 G\u00f3rski<\/em><br \/><em> Robert Ko\u015bcielny<\/em><br \/><em> Antoni Janecki<\/em><br \/><em> Grzegorz Klimaszewski<\/em><br \/><em> Leszek D\u0142ugosz<\/em><br \/><em> Barbara Hrynkiewicz-D\u0142ugosz<\/em><br \/><em> Roman Pawleta<\/em><br \/><em> Krzysztof Kruszelnicki<\/em><br \/><em> J\u00f3zef Ryszard Zaniewski<\/em><br \/><em> Marek Paszke<\/em><br \/><em> Marcin Jaros\u0142aw Ku\u017ama<\/em><br \/><em> Anna Chojnacka<\/em><br \/><em> Elzbieta Wroblewska<\/em><br \/><em> Krystyna Grobelna<\/em><br \/><em> Juliusz Grobelny<\/em><br \/><em> Jacenty Cicho\u0144<\/em><br \/><em> Eugenia J\u00f3\u017awik<\/em><br \/><em> \u0141uczak Sebastian<\/em><br \/><em> Lidia Przybylska<\/em><br \/><em> Tadeusz Trzaska<\/em><br \/><em> Anna Karkowska<\/em><br \/><em> Monika Wo\u017aniak<\/em><br \/><em> Pawe\u0142 Szeliga<\/em><br \/><em> Ryszard Du\u017cyja<\/em><br \/><em> Kazimierz St\u0119pie\u0144<\/em><br \/><em> Aleksander Nazarczuk<\/em><br \/><em> Danuta Bobrowska<\/em><br \/><em> Czes\u0142aw Laska<\/em><br \/><em> Mieczys\u0142aw Kondratowicz<\/em><br \/><em> Jerzy Materna-Pose\u0142<\/em><br \/><em> Jerzy Wojtaszek<\/em><br \/><em> Zbigniew Tokarski<\/em><br \/><em> Zbigniew Morawski<\/em><br \/><em> S\u0142awomir Szostak<\/em><br \/><em> Ma\u0142gorzata Zawi\u015blak<\/em><br \/><em> Cezary Karpi\u0144ski<\/em><br \/><em> Eliza Kutermankiewicz<\/em><br \/><em> Grzegorz Kutermankiewicz<\/em><br \/><em> Mateusz Ulewicz<\/em><br \/><em> Magdalena Godlewska<\/em><br \/><em> Tadeusz Godlewski<\/em><br \/><em> Karol Kutermankiewicz<\/em><br \/><em> Agnieszka Brzozowska<\/em><br \/><em> Adam Oleksiak<\/em><br \/><em> Andrzej Brzozowski<\/em><br \/><em> Jadwiga Brzozowska-Lipczy\u0144ska<\/em><br \/><em> Marcin Lipczy\u0144ski<\/em><br \/><em> Maria Jolanta Nawrocka<\/em><br \/><em> Marek Nawrocki<\/em><br \/><em> Mariusz Nawrocki<\/em><br \/><em> \u0179aneta Nawrocka<\/em><br \/><em> Zofia Wolosik<\/em><br \/><em> Mariusz Mitoraj<\/em><br \/><em> Ewa Karpi\u0144ska<\/em><br \/><em> Beata Cicho\u0144<\/em><br \/><em> Wojciech Urban<\/em><br \/><em> Aleksandra Zembok<\/em><br \/><em> Pawe\u0142 Zar\u0119ba<\/em><br \/><em> Maria Waraksa<\/em><br \/><em> Monika Kowalska<\/em><br \/><em> Konieczny Andrzej<\/em><br \/><em> Andrzej Tatkowski<\/em><br \/><em> Dariusz Durajczyk<\/em><br \/><em> Tadeusz Cuber<\/em><br \/><em> Robert Konopka<\/em><br \/><em> Kordian Bortel<\/em><br \/><em> Arkadiusz Wnuk<\/em><br \/><em> Gra\u017cyna St\u0119pniewska<\/em><br \/><em> Andrzej Ossowski<\/em><br \/><em> Maciej Goetz<\/em><br \/><em> Leonard Pawlukowicz<\/em><br \/><em> Helena Kozdra<\/em><br \/><em> Franciszek Kozdra<\/em><br \/><em> Jerzy W\u00f3jcik<\/em><br \/><em> Robert Midura<\/em><br \/><em> Jacek Wilk<\/em><br \/><em> Krzysztof Stec<\/em><br \/><em> Krzysztof Niewiadomski<\/em><br \/><em> Maria Werynska<\/em><br \/><em> Paulina Inglot<\/em><br \/><em> Radoslaw Batycki<\/em><br \/><em> Jerzy Wojciechowski<\/em><br \/><em> Grzegorz W\u0142odarczyk<\/em><br \/><em> Leopold \u0141ukaszewicz<\/em><br \/><em> El\u017cbieta Kowalska<\/em><br \/><em> Wojciech Kowalski<\/em><br \/><em> Halina G\u0142owacka<\/em><br \/><em> Teresa B\u0142a\u017ck\u00f3w<\/em><br \/><em> J\u00f3zef Kapusta<\/em><br \/><em> J\u00f3zefa Bednarz<\/em><br \/><em> Beata Bednarz<\/em><br \/><em> Dariusz Bednarz<\/em><br \/><em> Marek Cymerman<\/em><br \/><em> Marcin Stryjewski<\/em><br \/><em> Marek Czachor<\/em><br \/><em> Magdalena Czachor<\/em><br \/><em> El\u017cbieta Jastrz\u0119bska<\/em><br \/><em> Ma\u0142gorzata Suszy\u0144ska<\/em><br \/><em> Katarzyna Rytel<\/em><br \/><em> Adam Rytel<\/em><br \/><em> Magdalena Piejko<\/em><br \/><em> W\u0142odzimierz Nowak<\/em><br \/><em> Stanis\u0142aw Grzyniewski<\/em><br \/><em> ks. Stanis\u0142aw Malec<\/em><br \/><em> Jolanta Rycerz-Mojsiej\u00f3w<\/em><br \/><em> Julia Por\u0119ba<\/em><br \/><em> Marta D\u0119bowczyk-B\u0142aszczak<\/em><br \/><em> Piotr B\u0142aszczak<\/em><br \/><em> Anna Bo\u017cena Kowalewska<\/em><br \/><em> Tomasz Nowacki<\/em><br \/><em> Marek Czuku<\/em><br \/><em> Anna Ma\u0142kowska<\/em><br \/><em> Dorota Nussbeutel<\/em><br \/><em> Aleksandra Musiej<\/em><br \/><em> Cyntia Harasim<\/em><br \/><em> Jerzy Ja\u015bkiewicz<\/em><br \/><em> Jan Plaza<\/em><br \/><em> Kazimierz Suszy\u0144ski<\/em><br \/><em> Piotr Maciej Kokotkiewicz<\/em><br \/><em> Magdalena Kokotkiewicz<\/em><br \/><em> Halina Kokotkiewicz<\/em><br \/><em> Marek Kokotkiewicz<\/em><br \/><em> Ewa Purska-Rowi\u0144ska<\/em><br \/><em> Arletta Fauconnier<\/em><br \/><em> Pawe\u0142 Piotr Mi\u015bkowiec<\/em><br \/><em> Jacek Szefernaker<\/em><br \/><em> Miros\u0142aw Nar\u00f3g<\/em><br \/><em> Zygmunt Simbierowicz<\/em><br \/><em> Marek Demczuk<\/em><br \/><em> Piotr Kluczewski<\/em><br \/><em> Kazimierz Grabski<\/em><br \/><em> Arkadiusz Rafflewski<\/em><br \/><em> Krzysztof Guraj<\/em><br \/><em> Ludwi Radziej<\/em><br \/><em> W\u0142odzimierz Wieczorek<\/em><br \/><em> Iwona Zieli\u0144ska<\/em><br \/><em> Ireneusz St. Bruski<\/em><br \/><em> Ma\u0142gorzata Stasiak<\/em><br \/><em> Beata Nawrocka<\/em><br \/><em> Kazimierz Piotrowski<\/em><br \/><em> Tadeusz \u0141a\u017any<\/em><br \/><em> Marta Boberska<\/em><br \/><em> Adam Ruszczyszyn<\/em><br \/><em> Bo\u017cena Kolasi\u0144ska<\/em><br \/><em> Piotr My\u015bli\u0144ski<\/em><br \/><em> Wojciech Grze\u015bkowiak<\/em><br \/><em> Andrzej Doma\u0144ski<\/em><br \/><em> Wojciech Stopi\u0144ski<\/em><br \/><em> Adam Zaj\u0105c<\/em><br \/><em> Gra\u017cyna Neroj-Jasi\u0144ska<\/em><br \/><em> Jakub Ko\u015bciukiewicz<\/em><br \/><em> Maria Jolanta Dzwigala<\/em><br \/><em> Grzegorz Znojek<\/em><br \/><em> Jan Jasi\u0144ski<\/em><br \/><em> Zbigniew Pabi\u015b<\/em><br \/><em> El\u017cbieta Smaga<\/em><br \/><em> Piotr Maciej Kokotkiewicz<\/em><br \/><em> Magdalena Kokotkiewicz<\/em><br \/><em> Halina Kokotkiewicz<\/em><br \/><em> Marek Kokotkiewicz<\/em><br \/><em> Anna Szymszon<\/em><br \/><em> Roman Skolik<\/em><br \/><em> Stanis\u0142aw Esden-Tempski<\/em><br \/><em> Tadeusz Dudek<\/em><br \/><em> Jadwiga Dudek<\/em><br \/><em> Robert Solak<\/em><br \/><em> Maciej Solak<\/em><br \/><em> Roman Marchwi\u0144ski<\/em><br \/><em> Renata Laskowska<\/em><br \/><em> Anna \u0141\u0119cka<\/em><br \/><em> Robert Raczak<\/em><br \/><em> Tomasz Sk\u0142odowski<\/em><br \/><em> ks. Leszek Kozik<\/em><br \/><em> Maria Jankowska<\/em><br \/><em> Zdzis\u0142aw Jankowski<\/em><br \/><em> Danuta Gawry\u015b<\/em><br \/><em> Janina Raczkiewicz<\/em><br \/><em> Marek Wedemann<\/em><br \/><em> ojciec Ignacy Tadeusz Kosza\u0142ka<\/em><br \/><em> Kamilla Dobrzeniecka<\/em><br \/><em> Felicja Murza<\/em><br \/><em> Micha\u0142 Stanis\u0142awski<\/em><br \/><em> Agnieszka Selenta<\/em><br \/><em> Stanislaw \u015awitkowski<\/em><br \/><em> Jacek Wi\u015bniowski<\/em><br \/><em> Antoni Sypek<\/em><br \/><em> Zofia Bugajska<\/em><br \/><em> Longin Horodko<\/em><br \/><em> Maria T. Pamu\u0142a<\/em><br \/><em> Barbara Sadowska<\/em><br \/><em> Karol Mausch<\/em><br \/><em> Marek Kopyt<\/em><br \/><em> Krzysztof Sali\u0144ski<\/em><br \/><em> Bo\u017cena Pierzgalska<\/em><br \/><em> Marek Kuczy\u0144ski<\/em><br \/><em> Ewa Ry\u015b<\/em><br \/><em> Jacek \u0141apkiewicz<\/em><br \/><em> Teresa Zelent-Tokarzowa<\/em><br \/><em> Zbigniew Kowal<\/em><br \/><em> Antoni W. Klajber<\/em><br \/><em> Ewa K. Klajber<\/em><br \/><em> Robert K\u0119pa<\/em><br \/><em> ks. Maciej Mroczek<\/em><br \/><em> Andrzej Str\u0105czek<\/em><br \/><em> Miros\u0142aw Szyma\u0144ski<\/em><br \/><em> Marek Piotrowski<\/em><br \/><em> Iwona Czeczot<\/em><br \/><em> Robert Pola\u0144ski<\/em><br \/><em> Agnieszka Pola\u0144ska<\/em><br \/><em> Rados\u0142aw Mo\u015bcicki<\/em><br \/><em> Maria Machl<\/em><br \/><em> Tadeusz Skarbek<\/em><br \/><em> Bo\u017cena Skarbek<\/em><br \/><em> Grzegorz Skarbek<\/em><br \/><em> Agata Skarbek-Zaborowska<\/em><br \/><em> Tomasz Po\u0142e\u0107<\/em><br \/><em> Alicja Myszka<\/em><br \/><em> Marian Myszka<\/em><br \/><em> Anna Kosowska-Trela<\/em><br \/><em> Przemys\u0142aw Trela<\/em><br \/><em> Ewa Batko<\/em><br \/><em> Jaroslaw Dankowski<\/em><br \/><em> El\u017cbieta Wosiek<\/em><br \/><em> Miro Lappalainen<\/em><br \/><em> Halina Macieli\u0144ska<\/em><br \/><em> Mieczys\u0142aw Macieli\u0144ski<\/em><br \/><em> Jacek Rutczy\u0144ski<\/em><br \/><em> Aleksander Tomczyk<\/em><br \/><em> Micha\u0142 Szefer<\/em><br \/><em> Joanna D\u0105browska<\/em><br \/><em> Roman R. Zawi\u015blak<\/em><br \/><em> Jacek Sulej<\/em><br \/><em> Bernard Oleszek<\/em><br \/><em> Dominika Arendt-Wittchen<\/em><br \/><em> Damian Wittchen<\/em><br \/><em> Jadwiga Arendt<\/em><br \/><em> Maryna Miklaszewska<\/em><br \/><em> W\u0142odzimierz Kr\u00f3l<\/em><br \/><em> Jan Wojtkowiak<\/em><br \/><em> Grzegorz Musia\u0142<\/em><br \/><em> Jacek Andryschik<\/em><br \/><em> Monika Andryschik<\/em><br \/><em> Przemys\u0142aw Maria Kowalski<\/em><\/p>\r\n<p>Ka\u017cdego zapraszamy do poparcia listu. Podpisy z imieniem i nazwiskiem prosimy wysy\u0142a\u0107 na adres:\u00a0 <a href=\"mailto:poparcie@niezalezna.pl\">poparcie@niezalezna.pl<\/a><\/p>","protected":false},"excerpt":{"rendered":"Orzeczenie s\u0105du okr\u0119gowego w Warszawie wobec prof. Jaros\u0142awa Marka Rymkiewicza jest kolejnym etapem ograniczania wolno\u015bci s\u0142owa. Po usuni\u0119ciu z medi\u00f3w publicznych dziennikarzy krytycznych wobec w\u0142adzy, pr\u00f3bach przejmowania i zastraszania medi\u00f3w prywatnych, przyszed\u0142 czas na przemoc s\u0105dow\u0105. W ostatnim okresie pojawi\u0142o si\u0119 wiele kontrowersyjnych decyzji s\u0105d\u00f3w wobec dziennikarzy i polityk\u00f3w opozycji. Po raz pierwszy w wolnej [&hellip;]","protected":false},"author":1,"featured_media":0,"comment_status":"closed","ping_status":"closed","sticky":false,"template":"","format":"standard","meta":{"_acf_changed":false,"_monsterinsights_skip_tracking":false,"_monsterinsights_sitenote_active":false,"_monsterinsights_sitenote_note":"","_monsterinsights_sitenote_category":0,"ngg_post_thumbnail":0,"footnotes":"","_wp_rev_ctl_limit":""},"categories":[8],"tags":[16,98],"acf":[],"_links":{"self":[{"href":"https:\/\/www.bibula.com\/index.php?rest_route=\/wp\/v2\/posts\/41049"}],"collection":[{"href":"https:\/\/www.bibula.com\/index.php?rest_route=\/wp\/v2\/posts"}],"about":[{"href":"https:\/\/www.bibula.com\/index.php?rest_route=\/wp\/v2\/types\/post"}],"author":[{"embeddable":true,"href":"https:\/\/www.bibula.com\/index.php?rest_route=\/wp\/v2\/users\/1"}],"replies":[{"embeddable":true,"href":"https:\/\/www.bibula.com\/index.php?rest_route=%2Fwp%2Fv2%2Fcomments&post=41049"}],"version-history":[{"count":0,"href":"https:\/\/www.bibula.com\/index.php?rest_route=\/wp\/v2\/posts\/41049\/revisions"}],"wp:attachment":[{"href":"https:\/\/www.bibula.com\/index.php?rest_route=%2Fwp%2Fv2%2Fmedia&parent=41049"}],"wp:term":[{"taxonomy":"category","embeddable":true,"href":"https:\/\/www.bibula.com\/index.php?rest_route=%2Fwp%2Fv2%2Fcategories&post=41049"},{"taxonomy":"post_tag","embeddable":true,"href":"https:\/\/www.bibula.com\/index.php?rest_route=%2Fwp%2Fv2%2Ftags&post=41049"}],"curies":[{"name":"wp","href":"https:\/\/api.w.org\/{rel}","templated":true}]}}