{"id":41007,"date":"2011-07-20T21:47:07","date_gmt":"2011-07-21T02:47:07","guid":{"rendered":"http:\/\/www.bibula.com\/?p=41007"},"modified":"2011-07-20T21:47:07","modified_gmt":"2011-07-21T02:47:07","slug":"czesi-honoruja-antykomunistyczny-ruchu-oporu","status":"publish","type":"post","link":"https:\/\/www.bibula.com\/?p=41007","title":{"rendered":"Czesi honoruj\u0105 antykomunistyczny ruchu oporu"},"content":{"rendered":"<p><strong>Czeski Senat przyj\u0105\u0142 ustaw\u0119 o uhonorowaniu i wyp\u0142acie  rekompensat dla\u00a0os\u00f3b, kt\u00f3re przed 1989 rokiem by\u0142y zaanga\u017cowane w walk\u0119 z  komunizmem.<\/strong><br \/> <br \/> Na mocy nowego prawa kombatanci jednorazowo dostan\u0105 od pa\u0144stwa po 100  tys. koron (ok. 16 tys. z\u0142),\u00a0a tak\u017ce otrzymaj\u0105 wyr\u00f3wnania emerytur,  je\u015bli pobieraj\u0105 \u015bwiadczenia ni\u017csze od \u015bredniej krajowej.\u00a0Je\u015bli ju\u017c nie  \u017cyj\u0105, ich bliscy dostan\u0105 50 tys. koron (r\u00f3wnowarto\u015b\u0107 8 tys. z\u0142).<br \/> <br \/> Za ustaw\u0105 autorstwa rz\u0105dz\u0105cej centroprawicy opowiedzia\u0142a si\u0119 tak\u017ce cz\u0119\u015b\u0107 socjaldemokrat\u00f3w. Przeciw\u00a0byli komuni\u015bci.<br \/> <br \/> Teraz akt prawny czeka na aprobat\u0119 prezydenta. Po spodziewanym  podpisaniu go przez Vaclava Klausa\u00a0zacznie obowi\u0105zywa\u0107 17 listopada &#8211; w  Dniu Walki o Wolno\u015b\u0107 i Demokracj\u0119, upami\u0119tniaj\u0105cym pocz\u0105tek\u00a0aksamitnej  rewolucji z 1989 r. w Czechos\u0142owacji.<br \/> <br \/> Ustawa precyzuje formy walki z komunizmem i definiuje, kogo mo\u017cna nazwa\u0107  uczestnikiem\u00a0antykomunistycznego ruchu oporu. Z szereg\u00f3w os\u00f3b obj\u0119tych  rekompensatami bez wzgl\u0119du na zas\u0142ugi\u00a0wyklucza: wsp\u00f3\u0142pracownik\u00f3w  komunistycznych s\u0142u\u017cb bezpiecze\u0144stwa, cz\u0142onk\u00f3w partii  komunistycznej,\u00a0milicji ludowych, podlegaj\u0105cego komunistom komitetu  wykonawczego powojennego Frontu Narodowego\u00a0Czech\u00f3w i S\u0142owak\u00f3w, a tak\u017ce  Zwi\u0105zku Przyja\u017ani Czesko-Radzieckiej z lat 70. XX wieku.<br \/> <br \/> Zdaniem jednego z tw\u00f3rc\u00f3w ustawy Petra Truchlorza z Obywatelskiej Partii  Demokratycznej (ODS)\u00a0chodzi m.in. o sp\u0142at\u0119 d\u0142ugu wobec ludzi, kt\u00f3rzy  walczyli z komunizmem.<em> &#8222;To nie jest ideologiczne,\u00a0lecz wielce obywatelskie prawo&#8221; <\/em>&#8211; podkre\u015bli\u0142.<\/p>","protected":false},"excerpt":{"rendered":"Czeski Senat przyj\u0105\u0142 ustaw\u0119 o uhonorowaniu i wyp\u0142acie rekompensat dla\u00a0os\u00f3b, kt\u00f3re przed 1989 rokiem by\u0142y zaanga\u017cowane w walk\u0119 z komunizmem. Na mocy nowego prawa kombatanci jednorazowo dostan\u0105 od pa\u0144stwa po 100 tys. koron (ok. 16 tys. z\u0142),\u00a0a tak\u017ce otrzymaj\u0105 wyr\u00f3wnania emerytur, je\u015bli pobieraj\u0105 \u015bwiadczenia ni\u017csze od \u015bredniej krajowej.\u00a0Je\u015bli ju\u017c nie \u017cyj\u0105, ich bliscy dostan\u0105 50 [&hellip;]","protected":false},"author":1,"featured_media":0,"comment_status":"closed","ping_status":"closed","sticky":false,"template":"","format":"standard","meta":{"_acf_changed":false,"_monsterinsights_skip_tracking":false,"_monsterinsights_sitenote_active":false,"_monsterinsights_sitenote_note":"","_monsterinsights_sitenote_category":0,"ngg_post_thumbnail":0,"footnotes":"","_wp_rev_ctl_limit":""},"categories":[6],"tags":[66],"acf":[],"_links":{"self":[{"href":"https:\/\/www.bibula.com\/index.php?rest_route=\/wp\/v2\/posts\/41007"}],"collection":[{"href":"https:\/\/www.bibula.com\/index.php?rest_route=\/wp\/v2\/posts"}],"about":[{"href":"https:\/\/www.bibula.com\/index.php?rest_route=\/wp\/v2\/types\/post"}],"author":[{"embeddable":true,"href":"https:\/\/www.bibula.com\/index.php?rest_route=\/wp\/v2\/users\/1"}],"replies":[{"embeddable":true,"href":"https:\/\/www.bibula.com\/index.php?rest_route=%2Fwp%2Fv2%2Fcomments&post=41007"}],"version-history":[{"count":0,"href":"https:\/\/www.bibula.com\/index.php?rest_route=\/wp\/v2\/posts\/41007\/revisions"}],"wp:attachment":[{"href":"https:\/\/www.bibula.com\/index.php?rest_route=%2Fwp%2Fv2%2Fmedia&parent=41007"}],"wp:term":[{"taxonomy":"category","embeddable":true,"href":"https:\/\/www.bibula.com\/index.php?rest_route=%2Fwp%2Fv2%2Fcategories&post=41007"},{"taxonomy":"post_tag","embeddable":true,"href":"https:\/\/www.bibula.com\/index.php?rest_route=%2Fwp%2Fv2%2Ftags&post=41007"}],"curies":[{"name":"wp","href":"https:\/\/api.w.org\/{rel}","templated":true}]}}