{"id":40916,"date":"2011-07-18T21:25:27","date_gmt":"2011-07-19T02:25:27","guid":{"rendered":"http:\/\/www.bibula.com\/?p=40916"},"modified":"2011-07-18T21:25:27","modified_gmt":"2011-07-19T02:25:27","slug":"szwajcaria-nie-refundowac-aborcji","status":"publish","type":"post","link":"https:\/\/www.bibula.com\/?p=40916","title":{"rendered":"Szwajcaria: Nie refundowa\u0107 aborcji"},"content":{"rendered":"<p><strong>Przedstawiciele szwajcarskich organizacji  pro-life z\u0142o\u017cyli w Radzie Federalnej petycj\u0119 wzywaj\u0105c\u0105 do podj\u0119cia  dzia\u0142a\u0144 w kierunku zaprzestania refundowania aborcji ze sk\u0142adek na  ubezpieczenie zdrowotne. Petycj\u0119 podpisa\u0142o 111 tys. os\u00f3b. Szwajcaria ma  7,8 mln obywateli.<\/strong><\/p>\r\n<p>Finansowanie przerywania ci\u0105\u017cy ze sk\u0142adek na  obowi\u0105zkowe ubezpieczenie zdrowotne \u201esprawia, \u017ce jeste\u015bmy  wsp\u00f3\u0142odpowiedzialni za czyn, kt\u00f3ry pot\u0119piamy&#8221;, m\u00f3wi\u0142a dziennikarzom  Valerie Kasteler, wsp\u00f3\u0142przewodnicz\u0105ca koalicji obro\u0144c\u00f3w \u017cycia.<br \/><br \/>S\u0119dzia  Peter Foehn, jeden z sygnatariuszy petycji, w licznych wypowiedziach  podkre\u015bla, \u017ce \u201eubezpieczenie medyczne obejmuje ochron\u0119 zdrowia i \u017cycia, a  nie jego niszczenie\u201d.<br \/><br \/>\u015arodowisko pro-life w Szwajcarii przyj\u0119\u0142o  taktyk\u0119 ma\u0142ych krok\u00f3w. Na razie nie d\u0105\u017cy do zakazu aborcji. Obro\u0144cy  \u017cycia z Konfederacji Szwajcarskiej chc\u0105, aby uznano, \u017ce u\u015bmiercenia  nienarodzonego dziecka nie powinno by\u0107 obj\u0119te podstawowym ubezpieczeniem  zdrowotnym. <br \/><br \/>Valerie Kasteler powiedzia\u0142a, \u017ce poszczeg\u00f3lni  obywatele musz\u0105 wzi\u0105\u0107 odpowiedzialno\u015b\u0107 za swoje dzia\u0142ania &#8211; niech  wykupuj\u0105 dodatkowe ubezpieczenie, albo p\u0142ac\u0105 z w\u0142asnej kieszeni, a nie  si\u0119gaj\u0105 po pieni\u0105dze wszystkich ubezpieczonych. Wy\u0142\u0105czenie finansowania  aborcji z podstawowego ubezpieczenia medycznego pozwoli na  zaoszcz\u0119dzenie 20 mln frank\u00f3w rocznie. W bud\u017cecie resortu zdrowia  Szwajcarii to niema\u0142a kwota.   <br \/><br \/>Co wi\u0119cej, wst\u0119pna analiza  pokaza\u0142a, \u017ce zaprzestanie finansowania aborcji z ubezpieczenia spowoduje  u wielu kobiet zmian\u0119 decyzji. Wst\u0119pnie szacuje si\u0119, \u017ce oko\u0142o 500  dzieci rocznie dostanie szans\u0119 na urodzenie si\u0119.<br \/><br \/>Obowi\u0105zuj\u0105ce w  Szwajcarii prawo zezwala na aborcj\u0119 w ci\u0105gu pierwszych 12 tygodni \u017cycia  p\u0142odowego dziecka. Przerwania ci\u0105\u017cy mo\u017cna dokona\u0107 pod warunkiem, \u017ce  matka przedstawi lekarzowi pisemne o\u015bwiadczenie, i\u017c urodzenie dziecka  postawi\u0142oby j\u0105 w trudnej sytuacji. Nikt nie sprawdza prawdziwo\u015bci  takiego o\u015bwiadczenia. Prawo nak\u0142ada na lekarza, kt\u00f3ry przeprowadza  aborcj\u0119, obowi\u0105zek dok\u0142adnego zapoznania kobiety z medycznymi  komplikacjami, jakie mo\u017ce spowodowa\u0107 przerwanie ci\u0105\u017cy. Lekarz jest  r\u00f3wnie\u017c zobligowany do poinformowania pacjentki o tym, \u017ce mo\u017ce ona odda\u0107  dziecko do adopcji.<br \/><br \/>Po 12. tygodniu aborcja jest dopuszczalna,  je\u017celi w opinii lekarza \u201ekontynuowanie ci\u0105\u017cy spowodowa\u0142oby powa\u017cne  szkody dla zdrowia fizycznego matki\u201d lub jej \u201eg\u0142\u0119bokie cierpienie\u2019. <br \/><br \/>[T\u0142umaczenie i opracowanie w\u0142asne HLI-Polska na podstawie materia\u0142\u00f3w: LifeSiteNews (Th.Baklinski) &#8211; 04.07.2011 r.]<\/p>\r\n<div><\/div>","protected":false},"excerpt":{"rendered":"Przedstawiciele szwajcarskich organizacji pro-life z\u0142o\u017cyli w Radzie Federalnej petycj\u0119 wzywaj\u0105c\u0105 do podj\u0119cia dzia\u0142a\u0144 w kierunku zaprzestania refundowania aborcji ze sk\u0142adek na ubezpieczenie zdrowotne. Petycj\u0119 podpisa\u0142o 111 tys. os\u00f3b. Szwajcaria ma 7,8 mln obywateli. Finansowanie przerywania ci\u0105\u017cy ze sk\u0142adek na obowi\u0105zkowe ubezpieczenie zdrowotne \u201esprawia, \u017ce jeste\u015bmy wsp\u00f3\u0142odpowiedzialni za czyn, kt\u00f3ry pot\u0119piamy&#8221;, m\u00f3wi\u0142a dziennikarzom Valerie Kasteler, wsp\u00f3\u0142przewodnicz\u0105ca [&hellip;]","protected":false},"author":1,"featured_media":0,"comment_status":"closed","ping_status":"closed","sticky":false,"template":"","format":"standard","meta":{"_acf_changed":false,"_monsterinsights_skip_tracking":false,"_monsterinsights_sitenote_active":false,"_monsterinsights_sitenote_note":"","_monsterinsights_sitenote_category":0,"ngg_post_thumbnail":0,"footnotes":"","_wp_rev_ctl_limit":""},"categories":[6],"tags":[94],"acf":[],"_links":{"self":[{"href":"https:\/\/www.bibula.com\/index.php?rest_route=\/wp\/v2\/posts\/40916"}],"collection":[{"href":"https:\/\/www.bibula.com\/index.php?rest_route=\/wp\/v2\/posts"}],"about":[{"href":"https:\/\/www.bibula.com\/index.php?rest_route=\/wp\/v2\/types\/post"}],"author":[{"embeddable":true,"href":"https:\/\/www.bibula.com\/index.php?rest_route=\/wp\/v2\/users\/1"}],"replies":[{"embeddable":true,"href":"https:\/\/www.bibula.com\/index.php?rest_route=%2Fwp%2Fv2%2Fcomments&post=40916"}],"version-history":[{"count":0,"href":"https:\/\/www.bibula.com\/index.php?rest_route=\/wp\/v2\/posts\/40916\/revisions"}],"wp:attachment":[{"href":"https:\/\/www.bibula.com\/index.php?rest_route=%2Fwp%2Fv2%2Fmedia&parent=40916"}],"wp:term":[{"taxonomy":"category","embeddable":true,"href":"https:\/\/www.bibula.com\/index.php?rest_route=%2Fwp%2Fv2%2Fcategories&post=40916"},{"taxonomy":"post_tag","embeddable":true,"href":"https:\/\/www.bibula.com\/index.php?rest_route=%2Fwp%2Fv2%2Ftags&post=40916"}],"curies":[{"name":"wp","href":"https:\/\/api.w.org\/{rel}","templated":true}]}}