{"id":40882,"date":"2011-07-18T10:11:07","date_gmt":"2011-07-18T15:11:07","guid":{"rendered":"http:\/\/www.bibula.com\/?p=40882"},"modified":"2011-07-18T10:15:16","modified_gmt":"2011-07-18T15:15:16","slug":"polscy-sportowcy-nie-chca-flagi-ue-obok-godla-narodowego","status":"publish","type":"post","link":"https:\/\/www.bibula.com\/?p=40882","title":{"rendered":"Polscy sportowcy nie chc\u0105 flagi UE obok god\u0142a narodowego"},"content":{"rendered":"<p><strong>Po zg\u0142oszonym przed kilkoma dniami  postulacie hiszpa\u0144skiego eurodeputowanego, Santiago Fisas Ayxela, aby  sportowcy wywodz\u0105cy si\u0119 z kraj\u00f3w Unii Europejskiej, opr\u00f3cz god\u0142a  pa\u0144stwowego nosili te\u017c symbol UE, wywo\u0142ano swoist\u0105 fal\u0119 negacji tego  pomys\u0142u. Do\u0142\u0105czyli do niej tak\u017ce polscy sportowcy. <\/strong><\/p>\r\n<p>Pierwsze informacje z Brukseli donosi\u0142y, \u017ce flaga UE mo\u017ce nawet  zast\u0105pi\u0107 god\u0142o narodowe na strojach sportowc\u00f3w &#8211; ostatecznie jednak  pomys\u0142 zak\u0142ada umieszczenie unijnego symbolu obok god\u0142a. Zdaniem  pomys\u0142odawcy, wprowadzenie tego postulatu mia\u0142oby \u201epodnie\u015b\u0107 europejsk\u0105  identyfikacj\u0119 poprzez sport\u201d.<\/p>\r\n<p>Tymczasem w\u015br\u00f3d fan\u00f3w sportu, jak i zawodnik\u00f3w kadr narodowych,  pomys\u0142 ten spotka\u0142 si\u0119 z mocno negatywnym przyj\u0119ciem. Marcin Do\u0142\u0119ga,  mistrz \u015bwiata w podnoszeniu ci\u0119\u017car\u00f3w, pytany przez dziennikarzy TVP  skomentowa\u0142 spraw\u0119 nast\u0119puj\u0105co: \u201e- Nie wyobra\u017cam sobie, abym m\u00f3g\u0142  startowa\u0107 w barwach narodowych i nie mie\u0107 or\u0142a na piersi. (&#8230;) Dla mnie  to g\u0142upi pomys\u0142\u201d.<\/p>\r\n<p>W podobym tonie wypowiedzia\u0142 si\u0119 Tomasz Majewski (na zdj\u0119ciu), mistrz  olimpijski w pchni\u0119ciu kul\u0105: \u201e- To chybiony pomys\u0142 (&#8230;) Sport to taka  ostatnia dziedzina, w kt\u00f3rej wyst\u0119puje zdrowy nacjonalizm. Wyst\u0119puje  walka r\u00f3\u017cnych pa\u0144stw, a ka\u017cdy popiera w\u0142asnego sportowca i to w\u0142a\u015bnie  jemu kibicuje\u201d &#8211; powiedzia\u0142.<\/p>","protected":false},"excerpt":{"rendered":"Po zg\u0142oszonym przed kilkoma dniami postulacie hiszpa\u0144skiego eurodeputowanego, Santiago Fisas Ayxela, aby sportowcy wywodz\u0105cy si\u0119 z kraj\u00f3w Unii Europejskiej, opr\u00f3cz god\u0142a pa\u0144stwowego nosili te\u017c symbol UE, wywo\u0142ano swoist\u0105 fal\u0119 negacji tego pomys\u0142u. Do\u0142\u0105czyli do niej tak\u017ce polscy sportowcy. Pierwsze informacje z Brukseli donosi\u0142y, \u017ce flaga UE mo\u017ce nawet zast\u0105pi\u0107 god\u0142o narodowe na strojach sportowc\u00f3w &#8211; [&hellip;]","protected":false},"author":1,"featured_media":0,"comment_status":"closed","ping_status":"closed","sticky":false,"template":"","format":"standard","meta":{"_acf_changed":false,"_monsterinsights_skip_tracking":false,"_monsterinsights_sitenote_active":false,"_monsterinsights_sitenote_note":"","_monsterinsights_sitenote_category":0,"ngg_post_thumbnail":0,"footnotes":"","_wp_rev_ctl_limit":""},"categories":[8],"tags":[23],"acf":[],"_links":{"self":[{"href":"https:\/\/www.bibula.com\/index.php?rest_route=\/wp\/v2\/posts\/40882"}],"collection":[{"href":"https:\/\/www.bibula.com\/index.php?rest_route=\/wp\/v2\/posts"}],"about":[{"href":"https:\/\/www.bibula.com\/index.php?rest_route=\/wp\/v2\/types\/post"}],"author":[{"embeddable":true,"href":"https:\/\/www.bibula.com\/index.php?rest_route=\/wp\/v2\/users\/1"}],"replies":[{"embeddable":true,"href":"https:\/\/www.bibula.com\/index.php?rest_route=%2Fwp%2Fv2%2Fcomments&post=40882"}],"version-history":[{"count":0,"href":"https:\/\/www.bibula.com\/index.php?rest_route=\/wp\/v2\/posts\/40882\/revisions"}],"wp:attachment":[{"href":"https:\/\/www.bibula.com\/index.php?rest_route=%2Fwp%2Fv2%2Fmedia&parent=40882"}],"wp:term":[{"taxonomy":"category","embeddable":true,"href":"https:\/\/www.bibula.com\/index.php?rest_route=%2Fwp%2Fv2%2Fcategories&post=40882"},{"taxonomy":"post_tag","embeddable":true,"href":"https:\/\/www.bibula.com\/index.php?rest_route=%2Fwp%2Fv2%2Ftags&post=40882"}],"curies":[{"name":"wp","href":"https:\/\/api.w.org\/{rel}","templated":true}]}}