{"id":40566,"date":"2011-07-11T12:48:39","date_gmt":"2011-07-11T17:48:39","guid":{"rendered":"http:\/\/www.bibula.com\/?p=40566"},"modified":"2018-02-21T14:24:53","modified_gmt":"2018-02-21T19:24:53","slug":"biskup-williamson-skazany-za-klamstwo-oswiecimskie","status":"publish","type":"post","link":"https:\/\/www.bibula.com\/?p=40566","title":{"rendered":"Biskup Richard Williamson, FSSPX skazany za &#8222;negowanie Holokaustu&#8221;"},"content":{"rendered":"<p><strong>S\u0105d w Ratyzbonie (Niemcy) rozpatruj\u0105c apelacj\u0119 od wyroku s\u0105du pierwszej instancji w sprawie przeciwko bp. Richardowi Williamsowi, FSSPX podtrzyma\u0142 poprzedni wyrok, jednocze\u015bnie redukuj\u0105c dotychczasow\u0105 kar\u0119 do 6,5 tys. euro.<\/strong><\/p>\r\n<p>71-letni biskup Wiliamson z Bractwa \u015bw. Piusa X zosta\u0142 w pa\u017adzierniku 2009 roku skazany na kar\u0119 12 tysi\u0119cy euro za &#8222;negowanie Holokaustu\u201d, klasyfikowane w Niemczech jako przest\u0119pstwo z motyw\u00f3w nienawi\u015bci (ang. <em>Hate Crime<\/em>, niem. <em>Hassverbrechen<\/em>). Wyrok wyda\u0142a 28-letnia, niedo\u015bwiadczona lecz skierowana do tego procesu, s\u0119dzina.<\/p>\r\n<p>Prokuratura niemiecka zaj\u0119\u0142a si\u0119 tzw. &#8222;spraw\u0105 bp. Williamsona\u201d gdy udzieli\u0142 on w Ratyzbonie (Regensburg, Bawaria) wywiadu szwedzkiej telewizji. W wywiadzie przeprowadzonym w listopadzie 2008 roku biskup odpowiedzia\u0142 na sprowokowane przez dziennikarza pytanie m\u00f3wi\u0105c, i\u017c osobi\u015bcie uwa\u017ca on, i\u017c oficjalnie g\u0142oszona liczba ofiar \u017cydowskich jest zawy\u017cona. Podda\u0142 on r\u00f3wnie\u017c w w\u0105tpliwo\u015b\u0107 ludob\u00f3jcze wykorzystanie kom\u00f3r gazowych w niemieckich obozach koncentracyjnych.<\/p>\r\n<p>Wywiad z bp. Williamsonem pozostawa\u0142 zupe\u0142nie nieznany i nie by\u0142 opublikowany przez prawie rok, a\u017c do momentu gdy pojawi\u0142y si\u0119 pierwsze informacje o mo\u017cliwo\u015bci cofni\u0119cia przez Papie\u017ca ekskomuniki zaci\u0105gni\u0119tej przez biskup\u00f3w Bractwa \u015bw. Piusa X. Jeszcze tej samej nocy, wywiad pojawi\u0142 si\u0119 na stronach internetowych, co niew\u0105tpliwie \u015bwiadczy, \u017ce by\u0142 materia\u0142em zbieranym celem zdyskredytowania Bractwa i u\u017cycia jako narz\u0119dzia do wywarcia nacisku na Watykan w celu powstrzymania decyzji o cofni\u0119ciu ekskomuniki.<\/p>\r\n<p>Prawnik reprezetuj\u0105cy biskupa Williamsona domaga\u0142 si\u0119 uniewinnienia, argumentuj\u0105c to mi\u0119dzy innymi z\u0142amaniem umowy przez dziennkarzy, kt\u00f3rzy zapewniali, \u017ce wywiad nie zostanie opublikowany w Niemczech i formalnie b\u0119dzie udost\u0119pniony tylko w Szwecji, gdzie nie obowi\u0105zuje tak restrykcyjne jak w Niemczech prawo dotycz\u0105ce swobody wypowiedzi.<\/p>\r\n<p>Po rozp\u0119taniu nagonki, zwierzchnicy Bractwa \u015awi\u0119tego Piusa X zakazali biskupowi Williamsonowi zabierania g\u0142osu w jego w\u0142asnym procesie. Sam biskup, korzystaj\u0105c z przys\u0142uguj\u0105cego mu prawa, nie stawia\u0142 si\u0119 na wi\u0119kszo\u015bci toczonych przeciwko niemu rozpraw. Zar\u00f3wno zwierzchnicy Bractwa jak i Watykan pot\u0119pili wypowied\u017a, tym samym nie chc\u0105c wci\u0105gn\u0105\u0107 si\u0119 w debat\u0119 o detale historyczne, tym bardziej, \u017ce zdawano sobie spraw\u0119, i\u017c debata tego typu nie b\u0119dzie swobodna.<\/p>\r\n<p>Wprowadzone pod wp\u0142ywem lobby \u017cydowskiego i filosemickiego prawo zabrania bowiem wypowiadania si\u0119 i prowadzenia bada\u0144 naukowych dotycz\u0105cych najwa\u017cniejszych aspekt\u00f3w II Wojny \u015awiatowej, w tym prze\u015bladowania \u017byd\u00f3w. Pomimo tej brutalnej cenzury, wielu odwa\u017cnych naukowc\u00f3w i badaczy wskazuje na pozamerytoryczne, ideologiczne podstawy oficjalnej wersji tzw. holokaustu, z zawy\u017con\u0105 liczb\u0105 ofiar \u017cydowskich i brakiem podstaw naukowo-historycznych ludob\u00f3jczego wykorzystania kom\u00f3r gazowych.<\/p>\r\n<p>&nbsp;<\/p>\r\n<blockquote>\r\n<p><strong>KOMENTARZ <em>BIBU\u0141Y<\/em><\/strong>:<\/p>\r\n<p><strong>Problem kom\u00f3r gazowych<\/strong><\/p>\r\n<p>Na obecnym etapie interpretacji historii, po powojennych kilkunastoletnich wahaniach, zrezygnowano z mitu ludob\u00f3jczego wykorzystania kom\u00f3r gazowych w niemieckich obozach koncentracyjnych po\u0142o\u017conych na terenie III Rzeszy w jej przedwojennych granicach, lecz pozostawiono je jedynie na terenie niemieckich oboz\u00f3w po\u0142o\u017conych na terenie okupowanej Polski.<\/p>\r\n<p>Jednym z oboz\u00f3w koncentracyjnych gdzie swego czasu uparcie i przez lata twierdzono o ludob\u00f3jczym wykorzystaniu kom\u00f3r gazowych, by\u0142 ob\u00f3z KL Dachau. Dzi\u015b jedynie dla cel\u00f3w czysto propagandowych powtarza si\u0119 nieprawdziwe informacje o ludob\u00f3jczym wykorzystaniu kom\u00f3r gazowych w tym\u017ce obozie. W propagandzie lewicowo-syjonistycznej celuje internetowa encyklopedia Wikipediia kt\u00f3ra pod has\u0142em &#8222;Dachau (KL)\u201d <strong>jedynie w wydaniu polskoj\u0119zycznym<\/strong> pisze o ludob\u00f3jczym wykorzystaniu kom\u00f3r gazowych, lecz w wydaniu angielskim nie istnieje \u017cadna na ten temat wzmianka, poza nie zwi\u0105zanym z KL Dachau przypisem. W polskoj\u0119zycznym ha\u015ble zilustrowano te\u017c ob\u00f3z dezorientuj\u0105cym polskiego czytelnika zdj\u0119ciem &#8222;kom\u00f3r gazowych\u201d &#8211; w uj\u0119ciu z daleka. Z bliska jednak, ka\u017cda wizytuj\u0105ca ten ob\u00f3z osoba jest w stanie osobi\u015bcie przeczyta\u0107 wieloj\u0119zyczny napis umieszczony przed &#8222;komorami gazowymi\u201d. Napis przed komorami gazowymi w KL Dachau g\u0142osi:&nbsp;\u201dKomora gazowa &#8211; zakamuflowana jako \u2018pomieszczenie z natryskami\u2019. Nigdy nie by\u0142a u\u017cywana jako komora gazowa.\u201d Napis ten (sam w sobie wewn\u0119trznie sprzeczny) poparty zosta\u0142 oficjalnym listem przes\u0142anym przez Muzeum Holokaustu w Waszyngtonie panu Erichowi Brudehl, kt\u00f3ry zwr\u00f3ci\u0142 si\u0119 z pro\u015bb\u0105 o wyja\u015bnienie zastosowania &#8222;kom\u00f3r gazowych\u201d w obozie KL Dachau. W li\u015bcie z Muzeum Holokaustu, datowanym na 28 stycznia 1998 roku czytamy, \u017ce &#8222;[Ob\u00f3z w] Dachau nigdy nie by\u0142 planowany jako ob\u00f3z \u015bmierci [&#8222;<em>extermination camp<\/em>&#8222;]. [&#8230;] Po decyzji Ostatecznego Rozwi\u0105zania, zbudowano w 1942 roku krematorium oraz komor\u0119 gazow\u0105, kt\u00f3rej u\u017cycie jednak nie mo\u017ce by\u0107 potwierdzone. [&#8230;] Jest to zgodne z innymi badaczami obozu Dachau. Jakkolwiek ameryka\u0144scy \u017co\u0142nierze twierdzili, \u017ce ludzie byli tam gazowani, lecz po procesach [s\u0105dowych] Dachau i studiach historycznych, zgodne twierdzenie wydaje si\u0119 stanowi\u0107, \u017ce ludzie byli tam rutynowo zabijani na wiele brutalnych sposob\u00f3w, lecz nie gazowani.\u201d<\/p>\r\n<p id=\"post-17994\">Problem zastosowania obiekt\u00f3w okre\u015blanych jako komory gazowe, w niemieckich obozach koncentracyjnych po\u0142o\u017conych w dzisiejszych granicach Polski, budzi wiele kontrowersji. Wiele z tych obiekt\u00f3w s\u0142u\u017cy\u0142o jako komory dezynfekcyjne, w kt\u00f3rych rutynowo przeprowadzano odwszawianie ubra\u0144 wi\u0119\u017ani\u00f3w oraz personelu obozowego, w\u0142\u0105cznie z mundurami stra\u017cnik\u00f3w SS. U\u017cycie tych obiekt\u00f3w do tych cel\u00f3w jest udokumentowane i potwierdzone zeznaniami wiarygodnych \u015bwiadk\u00f3w. Inne obiekty wskazywane jako &#8222;komory gazowe&#8221; nie posiadaj\u0105 \u017cadnych \u015blad\u00f3w u\u017cycia owadob\u00f3jczego \u015brodka znanego pod handlow\u0105 nazw\u0105 Cyklon-B. Brakuje te\u017c dokument\u00f3w mog\u0105cych \u015bwiadczyc o ludob\u00f3jczym wykorzystaniu tych\u017ce kom\u00f3r, jak r\u00f3wnie\u017c nie potwierdzaj\u0105 tego zeznania tzw. \u015bwiadk\u00f3w, poza ich fantasmagoryjnymi historiami. Pi\u0119t\u0105 achillesow\u0105 holokaustycznej narracji jest ludob\u00f3jcze wykorzystanie kom\u00f3r gazowych w niemieckich obozach koncentracyjnych w Treblince czy Majdanku. Wed\u0142ug oficjalnej historiografii a\u017c 2\/3 ofiar \u017cydowskich zamordowanych w komorach gazowych podczas II Wojny \u015awiatowej, mia\u0142oby zgin\u0105\u0107 w wyniku u\u015bmiercenia przy pomocy tlenku w\u0119gla pochodz\u0105cego ze spalin dieslowskich silnik\u00f3w. Jak jednak zdaje sobie spraw\u0119 ka\u017cdy student politechniki, a tym bardziej powinien bra\u0107 pod uwag\u0119 ka\u017cdy historyk, poziom CO w spalinach silnik\u00f3w wysokopr\u0119\u017cnych jest niezdolny do masowego u\u015bmiercania. (Zob.<a title=\" Holokaust czy \"99-procentowy\u201d mit?\" href=\"..\/..\/?p=17994\" rel=\"bookmark\">Holokaust czy &#8222;99-procentowy\u201d mit?<\/a>) Niestety, problemem tym nie zajmuj\u0105 si\u0119 historycy, przyczyniaj\u0105c si\u0119 tym samym do rozpowszechniania niezweryfikowanej wersji kluczowych wydarze\u0144 II Wojny \u015awiatowej.<\/p>\r\n<p>&nbsp;<\/p>\r\n<p><strong>Problem &#8222;6 milion\u00f3w ofiar \u017cydowskich\u201d<\/strong><\/p>\r\n<p>Wed\u0142ug historyk\u00f3w i badaczy nieoficjalnego nurtu, liczba &#8222;6 milion\u00f3w ofiar \u017cydowskich\u201d nie ma \u017cadnego pokrycia w faktach, jest natomiast symboliczn\u0105 reprezentacj\u0105 cierpienia \u017byd\u00f3w. Po raz pierwszy liczba &#8222;6 milion\u00f3w ofiar \u017cydowskich\u201d pojawi\u0142a si\u0119 ju\u017c<strong> w 1919 roku<\/strong> (np. na \u0142amach dziennika <em>The New York Times<\/em>, b\u0119d\u0105cego ju\u017c wtedy w r\u0119kach \u017cydowskich w\u0142a\u015bcicieli i stanowi\u0105cego wp\u0142ywow\u0105 tub\u0119 propagandow\u0105 syjonizmu), gdy mowa by\u0142a o liczbie ofiar \u017cydowskich podczas I wojny \u015bwiatowej. Potem by\u0142a systematycznie powtarzana w&nbsp; latach 1930., 40. i p\u00f3\u017aniejszych. Nienaruszalna liczba &#8222;6 milion\u00f3w ofiar \u017cydowskich\u201d odrodzi\u0142a si\u0119 na dobre w czasie Trybuna\u0142u Norymberskiego, kiedy to s\u0119dziemu Jacksonowi grupka \u017byd\u00f3w zaprezentowa\u0142a odr\u0119cznie zapisane &#8222;podliczenie ofiar\u201d.&nbsp; Wiemy jednak, \u017ce w tym czasie obowi\u0105zywa\u0142y nierealne, wytworzone przez propagand\u0119 sowieck\u0105 i syjonistyczn\u0105 liczby ofiar oboz\u00f3w koncentracyjnych. Na przyk\u0142ad, twierdzi\u0142o si\u0119 powszechnie, \u017ce w Majdanku zgin\u0119\u0142o p\u00f3\u0142tora miliona ludzi (co mia\u0142o stanowi\u0107 efekt &#8222;dog\u0142\u0119bnych bada\u0144 komisji naukowc\u00f3w radzieckich\u201d &#8211; cytat z wydawanych po wojnie ksi\u0105\u017cek, rozpowszechnianych w milionowych nak\u0142adach), w KL Auschwitz &#8211; nawet 10 milion\u00f3w, w Treblince &#8211; 3 miliony, w Sobiborze &#8211; 350 tysi\u0119cy , itd, itp.<\/p>\r\n<p>Dzi\u015b wiemy, \u017ce w Majdanku zgin\u0119\u0142o kilkana\u015bcie do kilkudziesi\u0105t tysi\u0119cy wi\u0119\u017ani\u00f3w (oficjalnie: 50-80 tysi\u0119cy), wiemy \u017ce w KL Auschwitz po obowi\u0105zywaniu przez kilkudziesi\u0105t lat wyrytych na kamieniach &#8222;4 milionach ofiar\u201d, liczba ta stopnia\u0142a do &#8222;miliona\u201d, a \u017cydowscy badacze ju\u017c obni\u017caj\u0105 j\u0105 nawet do 600 tysi\u0119cy, przy czym niezale\u017cni historycy od wielu lat twierdz\u0105 niezmiennie to samo: \u017ce w KL Auschwitz zgin\u0119\u0142o 120-150 tysi\u0119cy os\u00f3b, w tym \u017byd\u00f3w. Z &#8222;3 milion\u00f3w\u201d w Treblince, pisze si\u0119 dzisiaj (J.C. Pressac) o &#8222;poni\u017cej 250 tysi\u0119cy\u201d, cho\u0107 w rzeczywisto\u015bci mo\u017ce si\u0119 okaza\u0107, \u017ce mamy do czynienia z liczb\u0105 w granicach 80 tysi\u0119cy. W Sobiborze dane wskazuj\u0105 na 15 tysi\u0119cy ofiar. Itd, itp.<\/p>\r\n<p>W zwi\u0105zku z tym, \u017ce liczba &#8222;6 milion\u00f3w\u201d &#8211; wpojona w \u015bwiadomo\u015b\u0107 spo\u0142eczn\u0105 metod\u0105 manipulacji medialnej oraz nacisk\u00f3w prawnych &#8211; zaczyna stanowi\u0107 pewien ci\u0119\u017car w przypadku konieczno\u015bci jej udowodnienia, czyni si\u0119 pr\u00f3by uwolnienia jej od tego typu nacisk\u00f3w. Przyk\u0142adem jest artyku\u0142 wydrukowany przez baltimorski dziennik <a href=\"http:\/\/www.examiner.com\/x-2359-Evangelical-Examiner%7Ey2009m2d12-The-Holocaust--Does-the-number-killed-really-matter\" target=\"_blank\" rel=\"noopener\"><em>The Examiner<\/em><\/a> , w kt\u00f3rym autor na bezpo\u015brednio postawione pytanie: &#8222;Czy liczba pomordowanych rzeczywi\u015bcie ma znaczenie?\u201d, odpowiada:<\/p>\r\n<p style=\"padding-left: 30px;\">&#8222;Moja odpowied\u017a to jest bardzo g\u0142o\u015bne wypowiedzenie: NIE! Liczba nie ma \u017cadnego znaczenia. Czy mamy do czynienia z 60 \u017bydami czy 6 milionami \u017byd\u00f3w, by\u0142o to wydarzenie [<em>tzn. &#8222;Holocaust&#8221;<\/em>], kt\u00f3re nie mo\u017ce by\u0107 pozbawione szczeg\u00f3lnego podkre\u015blania.\u201d [<em>zob. link do polemiki &#8222;<a title=\" \"Liczba nie ma \u017cadnego znaczenia!\u201d, czyli nowa interpretacja sporu o \"6 milion\u00f3w pomordowanych \u017byd\u00f3w\u201d\" href=\"..\/..\/?p=6585\" rel=\"bookmark\">&#8222;Liczba nie ma \u017cadnego znaczenia!\u201d, czyli nowa interpretacja sporu o &#8222;6 milion\u00f3w pomordowanych \u017byd\u00f3w\u201d&#8221;<\/a><\/em>]<\/p>\r\n<p>Liczb\u0119 &#8222;6 milion\u00f3w\u201d, stanowi\u0105c\u0105 kabalistyczn\u0105 symbolik\u0119 cierpienia narodu \u017cydowskiego, nale\u017cy tak jak ka\u017cd\u0105 inn\u0105 historyczn\u0105 tez\u0119 zweryfikowa\u0107 w procesie skrupulatnych, niezale\u017cnych, otwartych, pozbawionych nacisk\u00f3w ideologicznych bada\u0144 naukowych. Tylko wtedy b\u0119dzie mog\u0142a stanowi\u0107 podstaw\u0119 do w\u0142\u0105czenia jej w nurt historycznych fakt\u00f3w.<\/p>\r\n<\/blockquote>","protected":false},"excerpt":{"rendered":"S\u0105d w Ratyzbonie (Niemcy) rozpatruj\u0105c apelacj\u0119 od wyroku s\u0105du pierwszej instancji w sprawie przeciwko bp. Richardowi Williamsowi, FSSPX podtrzyma\u0142 poprzedni wyrok, jednocze\u015bnie redukuj\u0105c dotychczasow\u0105 kar\u0119 do 6,5 tys. euro. 71-letni biskup Wiliamson z Bractwa \u015bw. Piusa X zosta\u0142 w pa\u017adzierniku 2009 roku skazany na kar\u0119 12 tysi\u0119cy euro za &#8222;negowanie Holokaustu\u201d, klasyfikowane w Niemczech jako [&hellip;]","protected":false},"author":1,"featured_media":0,"comment_status":"closed","ping_status":"closed","sticky":false,"template":"","format":"standard","meta":{"_acf_changed":false,"_monsterinsights_skip_tracking":false,"_monsterinsights_sitenote_active":false,"_monsterinsights_sitenote_note":"","_monsterinsights_sitenote_category":0,"ngg_post_thumbnail":0,"footnotes":"","_wp_rev_ctl_limit":""},"categories":[3],"tags":[32,22],"acf":[],"_links":{"self":[{"href":"https:\/\/www.bibula.com\/index.php?rest_route=\/wp\/v2\/posts\/40566"}],"collection":[{"href":"https:\/\/www.bibula.com\/index.php?rest_route=\/wp\/v2\/posts"}],"about":[{"href":"https:\/\/www.bibula.com\/index.php?rest_route=\/wp\/v2\/types\/post"}],"author":[{"embeddable":true,"href":"https:\/\/www.bibula.com\/index.php?rest_route=\/wp\/v2\/users\/1"}],"replies":[{"embeddable":true,"href":"https:\/\/www.bibula.com\/index.php?rest_route=%2Fwp%2Fv2%2Fcomments&post=40566"}],"version-history":[{"count":0,"href":"https:\/\/www.bibula.com\/index.php?rest_route=\/wp\/v2\/posts\/40566\/revisions"}],"wp:attachment":[{"href":"https:\/\/www.bibula.com\/index.php?rest_route=%2Fwp%2Fv2%2Fmedia&parent=40566"}],"wp:term":[{"taxonomy":"category","embeddable":true,"href":"https:\/\/www.bibula.com\/index.php?rest_route=%2Fwp%2Fv2%2Fcategories&post=40566"},{"taxonomy":"post_tag","embeddable":true,"href":"https:\/\/www.bibula.com\/index.php?rest_route=%2Fwp%2Fv2%2Ftags&post=40566"}],"curies":[{"name":"wp","href":"https:\/\/api.w.org\/{rel}","templated":true}]}}