{"id":40413,"date":"2011-07-07T21:22:29","date_gmt":"2011-07-08T02:22:29","guid":{"rendered":"http:\/\/www.bibula.com\/?p=40413"},"modified":"2011-07-07T22:22:41","modified_gmt":"2011-07-08T03:22:41","slug":"trudnosci-przy-publikacji-materialow-o-ludobojstwie-oun-upa","status":"publish","type":"post","link":"https:\/\/www.bibula.com\/?p=40413","title":{"rendered":"Trudno\u015bci przy publikacji materia\u0142\u00f3w o ludob\u00f3jstwie OUN-UPA"},"content":{"rendered":"<p><strong>Wydawnictwo Uniwersytetu Wroc\u0142awskiego robi powa\u017cne trudno\u015bci przy  wydaniu ksi\u0105\u017cki &#8222;Prawda historyczna a prawda polityczna. Przyk\u0142ad  ludob\u00f3jstwa na kresach po\u0142udniowo-wschodnich RP w latach 1939 &#8211; 1946&#8221;,  kt\u00f3ra mia\u0142a planowo ukaza\u0107 si\u0119 w lipcu br.<\/strong><\/p>\r\n<p>Pozycja jest zapisem konferencji, kt\u00f3ra odby\u0142a si\u0119 w czerwcu 2010  roku na Uniwersytecie Wroc\u0142awskim (UWr). Termin ten z pewno\u015bci\u0105 nie  zostanie dotrzymany, za\u015b samo wydanie jest pod znakiem zapytania. Nie s\u0105  znane powody takiego stanu rzeczy, za\u015b redaktor naczelny Wydawnictwa  Uniwersytetu Wroc\u0142awskiego, Marek G\u00f3ry jest nieuchwytny. Redaktorem  naukowym tomu jest dr hab. Bogus\u0142aw Pa\u017a, organizator ww. konferencji.<\/p>\r\n<p>Wyznaczony  z kolei przed Wydawnictwo Uniwersytetu redaktor wydawniczy dopu\u015bci\u0142 si\u0119  cenzorskich interwencji w merytoryczn\u0105 tre\u015b\u0107 artyku\u0142\u00f3w, przyj\u0119tych do  druku i wcze\u015bniej zrecenzowanych przez profesor\u00f3w: W\u0142odzimierza  Bonusiaka i Juliana Winnickiego, ubli\u017caj\u0105c swoimi komentarzami kilku  autor\u00f3w. W tomie zamie\u015bcili swoje artyku\u0142y wybitni polscy znawcy  problematyki z Polski (m.in. trzej prokuratorzy Pionu \u015aledczego IPN) i  innych kraj\u00f3w: USA, Kanady, Holandii, Niemiec, Ukrainy i Rosji, w\u015br\u00f3d  kt\u00f3rych s\u0105 historycy, politolodzy i jeden filozof.<\/p>\r\n<p>Wcze\u015bniej  podobne problemy mia\u0142a sama konferencja, kt\u00f3ra pierwotnie mia\u0142a odby\u0107  si\u0119 w czerwcu 2009 roku, ale zosta\u0142a odwo\u0142ana decyzj\u0119 rektora UWr. Po  naciskach spo\u0142ecznych, odby\u0142a si\u0119 ostatecznie rok p\u00f3\u017aniej, w dniach  20-22 czerwca 2010 r.<\/p>\r\n<p>jz\/Kresy.pl<\/p>","protected":false},"excerpt":{"rendered":"Wydawnictwo Uniwersytetu Wroc\u0142awskiego robi powa\u017cne trudno\u015bci przy wydaniu ksi\u0105\u017cki &#8222;Prawda historyczna a prawda polityczna. Przyk\u0142ad ludob\u00f3jstwa na kresach po\u0142udniowo-wschodnich RP w latach 1939 &#8211; 1946&#8221;, kt\u00f3ra mia\u0142a planowo ukaza\u0107 si\u0119 w lipcu br. Pozycja jest zapisem konferencji, kt\u00f3ra odby\u0142a si\u0119 w czerwcu 2010 roku na Uniwersytecie Wroc\u0142awskim (UWr). Termin ten z pewno\u015bci\u0105 nie zostanie dotrzymany, [&hellip;]","protected":false},"author":1,"featured_media":0,"comment_status":"closed","ping_status":"closed","sticky":false,"template":"","format":"standard","meta":{"_acf_changed":false,"_monsterinsights_skip_tracking":false,"_monsterinsights_sitenote_active":false,"_monsterinsights_sitenote_note":"","_monsterinsights_sitenote_category":0,"ngg_post_thumbnail":0,"footnotes":"","_wp_rev_ctl_limit":""},"categories":[8],"tags":[16,17],"acf":[],"_links":{"self":[{"href":"https:\/\/www.bibula.com\/index.php?rest_route=\/wp\/v2\/posts\/40413"}],"collection":[{"href":"https:\/\/www.bibula.com\/index.php?rest_route=\/wp\/v2\/posts"}],"about":[{"href":"https:\/\/www.bibula.com\/index.php?rest_route=\/wp\/v2\/types\/post"}],"author":[{"embeddable":true,"href":"https:\/\/www.bibula.com\/index.php?rest_route=\/wp\/v2\/users\/1"}],"replies":[{"embeddable":true,"href":"https:\/\/www.bibula.com\/index.php?rest_route=%2Fwp%2Fv2%2Fcomments&post=40413"}],"version-history":[{"count":0,"href":"https:\/\/www.bibula.com\/index.php?rest_route=\/wp\/v2\/posts\/40413\/revisions"}],"wp:attachment":[{"href":"https:\/\/www.bibula.com\/index.php?rest_route=%2Fwp%2Fv2%2Fmedia&parent=40413"}],"wp:term":[{"taxonomy":"category","embeddable":true,"href":"https:\/\/www.bibula.com\/index.php?rest_route=%2Fwp%2Fv2%2Fcategories&post=40413"},{"taxonomy":"post_tag","embeddable":true,"href":"https:\/\/www.bibula.com\/index.php?rest_route=%2Fwp%2Fv2%2Ftags&post=40413"}],"curies":[{"name":"wp","href":"https:\/\/api.w.org\/{rel}","templated":true}]}}