{"id":40358,"date":"2011-07-06T21:21:10","date_gmt":"2011-07-07T02:21:10","guid":{"rendered":"http:\/\/www.bibula.com\/?p=40358"},"modified":"2011-07-06T18:16:47","modified_gmt":"2011-07-06T23:16:47","slug":"obywatelu-sprawdz-czy-nie-jestes-czlonkiem-po","status":"publish","type":"post","link":"https:\/\/www.bibula.com\/?p=40358","title":{"rendered":"Obywatelu! Sprawd\u017a, czy nie jeste\u015b cz\u0142onkiem PO!"},"content":{"rendered":"<p><strong>Na listach Platformy Obywatelskiej figuruj\u0105  nazwiska os\u00f3b, kt\u00f3re nigdy si\u0119 do niej nie zapisywa\u0142y. Czy\u017cby  cz\u0142onkostwem w partii rz\u0105dz\u0105cej by\u0142o zainteresowanych tak ma\u0142o os\u00f3b, \u017ce  potrzebne s\u0105 \u201emartwe dusze\u201d?<\/strong><\/p>\r\n<p>Afera wybuch\u0142a w Lubuskiem, gdzie do tej pory wykre\u015blono ju\u017c 170  cz\u0142onk\u00f3w. Na tym jednak nie koniec &#8211; weryfikacja trwa, a w\u0105tpliwo\u015bci  dotycz\u0105 nawet 300 os\u00f3b.<\/p>\r\n<p>Spraw\u0105 zajmuje si\u0119 prokuratura po zawiadomieniu otrzymanym od jednej z  mieszkanek Gorzowa. Pani Dorota P. zosta\u0142a ostatnio poinformowana o  tym, \u017ce zosta\u0142a skre\u015blona z listy PO, gdy\u017c nie p\u0142aci\u0142a sk\u0142adek  cz\u0142onkowskich. Rzecz w tym, \u017ce kobieta do partii nigdy si\u0119 nie zapisa\u0142a.<\/p>\r\n<p>Gwa\u0142towny wzrost liczby cz\u0142onk\u00f3w gorzowskiej PO nast\u0105pi\u0142 przed  ubieg\u0142orocznymi wyborami, kiedy to w ci\u0105gu zaledwie kilku miesi\u0119cy do  partii zapisa\u0142o si\u0119 tam ponad 260 os\u00f3b. Nikt tego w\u00f3wczas nie  zweryfikowa\u0142. Nieoficjalnie m\u00f3wi si\u0119, \u017ce chodzi\u0142o o w\u0142adz\u0119 w  regionalnych strukturach partii w rozgrywce mi\u0119dzy pos\u0142ami Bo\u017cen\u0105  Butkiewicz (z Zielonej G\u00f3ry) i Witoldem Pahlem (z Gorzowa). Wi\u0119cej  cz\u0142onk\u00f3w to wi\u0119cej delegat\u00f3w i wi\u0119ksze szanse na przej\u0119cie w\u0142adzy.<\/p>\r\n<p>Ciekawe, jak do sprawy odniesie si\u0119 kierownictwo partii. Czy\u017cby zn\u00f3w afera, kt\u00f3rej nie by\u0142o?<\/p>\r\n<p>\u0179r\u00f3d\u0142o: rp.pl<\/p>","protected":false},"excerpt":{"rendered":"Na listach Platformy Obywatelskiej figuruj\u0105 nazwiska os\u00f3b, kt\u00f3re nigdy si\u0119 do niej nie zapisywa\u0142y. Czy\u017cby cz\u0142onkostwem w partii rz\u0105dz\u0105cej by\u0142o zainteresowanych tak ma\u0142o os\u00f3b, \u017ce potrzebne s\u0105 \u201emartwe dusze\u201d? Afera wybuch\u0142a w Lubuskiem, gdzie do tej pory wykre\u015blono ju\u017c 170 cz\u0142onk\u00f3w. Na tym jednak nie koniec &#8211; weryfikacja trwa, a w\u0105tpliwo\u015bci dotycz\u0105 nawet 300 os\u00f3b. [&hellip;]","protected":false},"author":1,"featured_media":0,"comment_status":"closed","ping_status":"closed","sticky":false,"template":"","format":"standard","meta":{"_acf_changed":false,"_monsterinsights_skip_tracking":false,"_monsterinsights_sitenote_active":false,"_monsterinsights_sitenote_note":"","_monsterinsights_sitenote_category":0,"ngg_post_thumbnail":0,"footnotes":"","_wp_rev_ctl_limit":""},"categories":[8],"tags":[147,98],"acf":[],"_links":{"self":[{"href":"https:\/\/www.bibula.com\/index.php?rest_route=\/wp\/v2\/posts\/40358"}],"collection":[{"href":"https:\/\/www.bibula.com\/index.php?rest_route=\/wp\/v2\/posts"}],"about":[{"href":"https:\/\/www.bibula.com\/index.php?rest_route=\/wp\/v2\/types\/post"}],"author":[{"embeddable":true,"href":"https:\/\/www.bibula.com\/index.php?rest_route=\/wp\/v2\/users\/1"}],"replies":[{"embeddable":true,"href":"https:\/\/www.bibula.com\/index.php?rest_route=%2Fwp%2Fv2%2Fcomments&post=40358"}],"version-history":[{"count":0,"href":"https:\/\/www.bibula.com\/index.php?rest_route=\/wp\/v2\/posts\/40358\/revisions"}],"wp:attachment":[{"href":"https:\/\/www.bibula.com\/index.php?rest_route=%2Fwp%2Fv2%2Fmedia&parent=40358"}],"wp:term":[{"taxonomy":"category","embeddable":true,"href":"https:\/\/www.bibula.com\/index.php?rest_route=%2Fwp%2Fv2%2Fcategories&post=40358"},{"taxonomy":"post_tag","embeddable":true,"href":"https:\/\/www.bibula.com\/index.php?rest_route=%2Fwp%2Fv2%2Ftags&post=40358"}],"curies":[{"name":"wp","href":"https:\/\/api.w.org\/{rel}","templated":true}]}}