{"id":40217,"date":"2011-07-03T22:24:49","date_gmt":"2011-07-04T03:24:49","guid":{"rendered":"http:\/\/www.bibula.com\/?p=40217"},"modified":"2011-07-03T22:28:06","modified_gmt":"2011-07-04T03:28:06","slug":"sejm-projekt-calkowitej-ochrony-zycia-dzieci-poczetych-bezterminowo-odeslany-do-komisji","status":"publish","type":"post","link":"https:\/\/www.bibula.com\/?p=40217","title":{"rendered":"Sejm: projekt ca\u0142kowitej ochrony \u017cycia dzieci pocz\u0119tych bezterminowo odes\u0142any do komisji"},"content":{"rendered":"<p><strong>Obywatelski projekt nowelizacji ustawy, przewiduj\u0105cy  ca\u0142kowit\u0105 ochron\u0119 \u017cycia pocz\u0119tego, zosta\u0142 1 lipca decyzj\u0105 Sejmu RP,  skierowany do dw\u00f3ch komisji: polityki spo\u0142ecznej i rodziny oraz zdrowia.  Za takim rozwi\u0105zaniem g\u0142osowa\u0142o 261 pos\u0142\u00f3w, przeciw by\u0142o 155, jedna  osoba wstrzyma\u0142a si\u0119 od g\u0142osu. Wcze\u015bniej pos\u0142owie nie przyj\u0119li wniosku  klubu SLD, kt\u00f3ry dotyczy\u0142 odrzucenia projektu w ca\u0142o\u015bci.<\/strong><\/p>\r\n<p>Decyzj\u0105 Prezydium Sejmu, na czele z Marsza\u0142kiem Grzegorzem Schetyn\u0105, nie  zosta\u0142 poddany pod g\u0142osowanie wniosek Klubu Parlamentarnego Prawo i  Sprawiedliwo\u015b\u0107 o skierowanie projektu do komisji nadzwyczajnej z  okre\u015bleniem terminu z\u0142o\u017cenia sprawozdania na dzie\u0144 1 wrze\u015bnia 2011 r.<\/p>\r\n<p>Po odrzuceniu wniosku SLD, a przed rozpatrzeniem wniosku PiS, Schetyna  zapowiedzia\u0142, i\u017c w pierwszej kolejno\u015bci pos\u0142owie decydowa\u0107 b\u0119d\u0105 nad  skierowaniem projektu do komisji sta\u0142ych i dopiero odrzucenie tej  propozycji spowoduje zobligowanie komisji nadzwyczajnej do zaj\u0119cia si\u0119  przed\u0142o\u017con\u0105 nowelizacj\u0105. Sejmowa wi\u0119kszo\u015b\u0107 skorzysta\u0142a wi\u0119c z mo\u017cliwo\u015bci  wstrzymania prac nad projektem i nie zajmowania si\u0119 nim w najbli\u017cszych  miesi\u0105cach. W praktyce oznacza to, \u017ce wspomniane dwie komisje b\u0119d\u0105  pracowa\u0107 nad projektem bezterminowo i mo\u017cliwym staje si\u0119 scenariusz  niezako\u0144czenia prac sejmowych zmierzaj\u0105cych do ustanowienia pe\u0142nej  ochrony \u017cycia przed up\u0142ywem kadencji parlamentu.<\/p>\r\n<p>Podczas wcze\u015bniejszej debaty, kt\u00f3ra odby\u0142a si\u0119 w czwartkowe popo\u0142udnie  30 czerwca, kluby PiS, PSL, PJN zapowiedzia\u0142y, \u017ce popr\u0105 skierowanie  projektu do komisji nadzwyczajnej, wraz z wyznaczeniem jej terminu  z\u0142o\u017cenia sprawozdania, co dawa\u0142o szans\u0119 na uchwalenie nowelizacji przed  jesiennymi wyborami parlamentarnymi. SLD by\u0142o za odrzuceniem projektu  ju\u017c w pierwszym czytaniu. Klub PO nie zaj\u0105\u0142 jednoznacznego stanowiska.<\/p>\r\n<p>W my\u015bl obywatelskiego projektu nowelizacji \u017cycie ludzkie ma by\u0107  chronione bezwyj\u0105tkowo &#8211; tak\u017ce gdy istnieje zagro\u017cenie dla zdrowia  matki, gdy p\u0142\u00f3d jest uszkodzony lub chory oraz gdy pocz\u0119cie nast\u0105pi\u0142o w  wyniku czynu zabronionego.<\/p>\r\n<p>\u0179r\u00f3d\u0142o: KAI, PiotrSkarga.pl<\/p>\r\n<p><img decoding=\"async\" src=\"http:\/\/www.bibula.com\/images\/40217\/Glosowanie_Nr128.jpg\" alt=\"\" \/><\/p>\r\n<p>&nbsp;<\/p>\r\n<blockquote>\r\n<h4>Wyniki g\u0142osowania w Sejmie w sprawie wniosku SLD o odrzucenie w  pierwszym czytaniu obywatelskiego projektu ustawy o ca\u0142kowitej ochronie  \u017cycia<\/h4>\r\n<p><strong>1 lipca br. w Sejmie odby\u0142o si\u0119 pierwsze czytanie obywatelskiego  projektu ustawy zakazuj\u0105cej aborcji. Pos\u0142owie nie poparli wniosku SLD o  odrzucenie projektu w pierwszym czytaniu. Poni\u017cej publikujemy wyniki  g\u0142osowania w tej sprawie.<\/strong><\/p>\r\n<p>PO (206 POS\u0141\u00d3W) G\u0141OSOWA\u0141O: 187. ZA &#8211; 108, PRZECIW &#8211; 69, <br \/>WSTRZYMA\u0141O SI\u0118 &#8211; 10, <br \/>NIE G\u0141OSOWA\u0141O &#8211; 19.<\/p>\r\n<p>AR\u0141UKOWICZ BARTOSZ &#8211;  za AZIEWICZ TADEUSZ &#8211;  za  BOJKO BOGDAN &#8211;  za  BOROWCZAK JERZY &#8211;  za  BUBLEWICZ BEATA &#8211;  za  BUKIEWICZ BO\u0179ENNA &#8211;  za  BU\u0141A ANDRZEJ &#8211;  za  CICHO\u0143 JANUSZ &#8211;  za  CIE\u015aLIK LESZEK &#8211;  za  CIE\u015aLI\u0143SKI PIOTR &#8211;  za  D\u0104BROWSKA ALICJA &#8211;  za  DROZD EWA &#8211;  za  DRZEWIECKI MIROS\u0141AW MICHA\u0141 &#8211;  za  DUNIN ARTUR &#8211;  za  DZI\u0118CIO\u0141 JANUSZ &#8211;  za  DZIKOWSKI WALDY &#8211;  za  FEDOROWICZ JERZY FELIKS &#8211;  za  FIEDLER ARKADY &#8211;  za  GA\u0141A\u0179EWSKI ANDRZEJ &#8211;  za  GAW\u0141OWSKI STANIS\u0141AW &#8211;  za  GIBA\u0141A \u0141UKASZ &#8211;  za  GIERADA ARTUR &#8211;  za  G\u0141OGOWSKI TOMASZ &#8211;  za  GRABARCZYK CEZARY &#8211;  za  GRUPI\u0143SKI RAFA\u0141 &#8211;  za  GUZOWSKA IWONA &#8211;  za  HALICKI ANDRZEJ &#8211;  za  HANAJCZYK AGNIESZKA &#8211;  za  HUSKOWSKI STANIS\u0141AW &#8211;  za  JARMUZIEWICZ TADEUSZ &#8211;  za  JAROS MICHA\u0141 &#8211;  za  KACZOR ROMAN &#8211;  za  KARPI\u0143SKI GRZEGORZ &#8211;  za  KIDAWA-B\u0141O\u0143SKA MA\u0141GORZATA &#8211;  za  KOCHAN MAGDALENA &#8211;  za  KONWI\u0143SKI ZBIGNIEW &#8211;  za  KOPACZ EWA &#8211;  za  KOPACZEWSKA DOMICELA &#8211;  za  KORZENIOWSKI LESZEK &#8211;  za  KOZACZY\u0143SKI JACEK &#8211;  za  KOZ\u0141OWSKA-RAJEWICZ A &#8211;  za  KROPIWNICKI ROBERT &#8211;  za  KRZ\u0104KA\u0141A MAREK &#8211;  za  LENZ TOMASZ &#8211;  za  LESZCZYNA IZABELA &#8211;  za  LITWI\u0143SKI ARKADIUSZ &#8211;  za  MA\u0141ECKA-LIBERA BEATA &#8211;  za  MATUSIK-LIPIEC KATARZYNA &#8211;  za  M\u0141Y\u0143CZAK ALDONA &#8211;  za  MROCZEK CZES\u0141AW &#8211;  za  NAGUSZEWSKI TADEUSZ &#8211;  za  NEUMANN S\u0141AWOMIR &#8211;  za  NIESIO\u0141OWSKI STEFAN &#8211;  za  NYKIEL MIROS\u0141AWA &#8211;  za  OKR\u0104G\u0141Y JANINA &#8211;  za  OLEJNICZAK DANUTA &#8211;  za  OLSZEWSKI PAWE\u0141 &#8211;  za  O\u0141OWSKI PIOTR &#8211;  za  ORZECHOWSKI MACIEJ &#8211;  za  O\u015aWI\u0118CIMSKI KONSTANTY &#8211;  za  PACELT ZBIGNIEW &#8211;  za  PAHL WITOLD &#8211;  za  PIECHOTA S\u0141AWOMIR &#8211;  za  PI\u0118TA JAROS\u0141AW &#8211;  za  PIOTROWSKA TERESA &#8211;  za  PISALSKI GRZEGORZ &#8211;  za  PITERA JULIA &#8211;  za  POMASKA AGNIESZKA &#8211;  za  PREISS S\u0141AWOMIR &#8211;  za  RADZISZEWSKA EL\u0179BIETA &#8211;  za  ROSS TADEUSZ &#8211;  za  ROSZAK GRZEGORZ &#8211;  za  ROZPONDEK HALINA &#8211;  za  RUSINOWSKA BEATA &#8211;  za  RUTNICKI JAKUB &#8211;  za  RYBICKI S\u0141AWOMIR &#8211;  za  RZ\u0104SA MAREK &#8211;  za  RZYME\u0141KA JAN &#8211;  za  SCHETYNA GRZEGORZ &#8211;  za  SKOWRO\u0143SKA KRYSTYNA &#8211;  za  SOKO\u0141OWSKI WOJCIECH &#8211;  za  STOLARCZYK JAROS\u0141AW &#8211;  za  SUSKI PAWE\u0141 &#8211;  za  SYCZ MIRON &#8211;  za  SZEJNFELD ADAM &#8211;  za  SZTOLCMAN GRZEGORZ &#8211;  za  SZUMILAS KRYSTYNA &#8211;  za  \u015aLEDZI\u0143SKA-KATARASI\u0143SKA I. &#8211;  za  \u015aLIWI\u0143SKA ANNA &#8211;  za  TOMASZAK-ZESIUK IRENA &#8211;  za  TOMCZYK CEZARY &#8211;  za  TOMCZYKIEWICZ TOMASZ &#8211;  za  TUSK \u0141UKASZ &#8211;  za  TYSZKIEWICZ KRZYSZTOF &#8211;  za  TYSZKIEWICZ ROBERT &#8211;  za  WA\u015aKO PIOTR &#8211;  za  WIELICHOWSKA MONIKA &#8211;  za  WITKOWSKI RADOS\u0141AW &#8211;  za  WOJCIECHOWSKI JAROS\u0141AW &#8211;  za  WOJNAROWSKI NORBERT &#8211;  za  WOJTKOWSKI MAREK &#8211;  za  W\u00d3JCIK MAREK &#8211;  za  ZACHAREWICZ JACEK &#8211;  za  ZAREMBA RENATA &#8211;  za  ZIELI\u0143SKI MAREK &#8211;  za  ZI\u0118TEK JERZY &#8211;  za  \u0179MIJAN STANIS\u0141AW &#8211;  za  \u0179YLI\u0143SKI ADAM &#8211;  za  ARKIT TADEUSZ &#8211;  pr.  ARNDT PAWE\u0141 &#8211;  pr.  AUGUSTYN URSZULA &#8211;  pr.  BALCERZAK KLAUDIUSZ &#8211;  pr.  BIERNACKI MAREK &#8211;  pr.  BIERNAT ANDRZEJ &#8211;  pr.  BOROWIAK \u0141UKASZ &#8211;  pr.  BREJZA KRZYSZTOF &#8211;  pr.  BRZEZINKA JACEK &#8211;  pr.  BUDNIK JERZY &#8211;  pr.  CZAPLICKA BARBARA &#8211;  pr.  CZECHYRA CZES\u0141AW &#8211;  pr.  CZUMA ANDRZEJ &#8211;  pr.  DURKA ZENON &#8211;  pr.  FABISIAK JOANNA &#8211;  pr.  GADOWSKI KRZYSZTOF &#8211;  pr.  G\u0104SIOR-MAREK MAGDALENA &#8211;  pr.  GODSON JOHN ABRAHAM &#8211;  pr.  GRAD MARIUSZ &#8211;  pr.  GUT-MOSTOWY ANDRZEJ &#8211;  pr.  KARPI\u0143SKI W\u0141ODZIMIERZ &#8211;  pr.  K\u0141OSIN KRYSTYNA &#8211;  pr.  KOPE\u00c4\u2020 TADEUSZ &#8211;  pr.  KOSECKI ROMAN &#8211;  pr.  KOZDRO\u0143 JERZY &#8211;  pr.  KO\u00c5\u00b9LAKIEWICZ MIROS\u0141AW &#8211;  pr.  KRUPA ADAM &#8211;  pr.  KULAS JAN &#8211;  pr.  KULESZA TOMASZ &#8211;  pr.  LAMCZYK STANIS\u0141AW &#8211;  pr.  LIPI\u0143SKI DARIUSZ &#8211;  pr.  M\u0118\u0179YD\u0141O ANTONI &#8211;  pr.  MIODOWICZ KONSTANTY &#8211;  pr.  MRZYG\u0141OCKA IZABELA K. &#8211;  pr.  MUSIA\u0141 JAN &#8211;  pr.  OK\u0141A-DREWNOWICZ MARZENA &#8211;  pr.  OLECHOWSKA ALICJA &#8211;  pr.  ORZECHOWSKI ANDRZEJ &#8211;  pr.  PATALITA TADEUSZ &#8211;  pr.  PIERZCHA\u0141A EL\u0179BIETA &#8211;  pr.  PIETRASZEWSKA DANUTA &#8211;  pr.  PLUTA MIROS\u0141AW &#8211;  pr.  RABA NORBERT &#8211;  pr.  RANIEWICZ GRZEGORZ &#8211;  pr.  RA\u015a IRENEUSZ &#8211;  pr.  REDZIMSKI LESZEK &#8211;  pr.  RUTKOWSKA DOROTA &#8211;  pr.  RYNASIEWICZ ZBIGNIEW &#8211;  pr.  RYSZKA ANDRZEJ &#8211;  pr.  SA\u0141UGA WOJCIECH &#8211;  pr.  SEKU\u0141A MIROS\u0141AW &#8211;  pr.  SIEDLACZEK HENRYK &#8211;  pr.  SITARZ WITOLD &#8211;  pr.  SMIRNOW ANDRZEJ &#8211;  pr.  STARO\u0143 LIDIA &#8211;  pr.  STULIGROSZ MICHA\u0141 &#8211;  pr.  SUCHOWIEJKO WIES\u0141AW &#8211;  pr.  SZCZERBA MICHA\u0141 &#8211;  pr.  SZYD\u0141OWSKA BO\u0179ENA &#8211;  pr.  TOMA\u0143SKI PIOTR &#8211;  pr.  URBAN CEZARY &#8211;  pr.  VAN DER COGHEN PIOTR &#8211;  pr.  WILK WOJCIECH &#8211;  pr.  WOLAK EWA &#8211;  pr.  WYKR\u0118T ADAM &#8211;  pr.  ZAKRZEWSKA JADWIGA &#8211;  pr.  ZAWADZKI RYSZARD &#8211;  pr.  ZIEMNIAK WOJCIECH &#8211;  pr.  \u0179ALEK JACEK &#8211;  pr.  BRODNIAK ROMAN &#8211;  ws.  JASTRZ\u0118BSKI LESZEK &#8211;  ws.  KA\u00c5\u00b9MIERCZAK JAN &#8211;  ws.  KLIM J\u00d3ZEF PIOTR &#8211;  ws.  KRUPA JACEK &#8211;  ws.  NOWAK TOMASZ PIOTR &#8211;  ws.  OR\u0141OWSKI PAWE\u0141 &#8211;  ws.  RACZKOWSKI DAMIAN &#8211;  ws.  S\u0141AWIAK BO\u0179ENA &#8211;  ws.  SMOLARZ TOMASZ &#8211;  ws.  BUTRYN RENATA &#8211;  ng.  CHMIELEWSKI STANIS\u0141AW &#8211;  ng.  CHWIERUT JANUSZ &#8211;  ng.  CZERWI\u0143SKI ANDRZEJ &#8211;  ng.  GOWIN JAROS\u0141AW &#8211;  ng.  GRAD ALEKSANDER &#8211;  ng.  GRA\u015a PAWE\u0141 &#8211;  ng.  KANIA ANDRZEJ &#8211;  ng.  KATULSKI JAROS\u0141AW &#8211;  ng.  KLUZIK-ROSTKOWSKA JOANNA &#8211;  ng.  KURIATA JAN &#8211;  ng.  MARCINKIEWICZ MICHA\u0141 &#8211;  ng.  MUCHA JOANNA &#8211;  ng.  PLOCKE KAZIMIERZ &#8211;  ng.  PLURA MAREK &#8211;  ng.  SIKORSKI RADOS\u0141AW &#8211;  ng.  SZULC JAKUB &#8211;  ng.  TUSK DONALD &#8211;  ng.  ZDROJEWSKI BOGDAN &#8211;  ng.<\/p>\r\n<p>PiS (147 POS\u0141\u00d3W) G\u0141OSOWA\u0141O: 140.   ZA &#8211; 0, PRZECIW &#8211; 140, WSTRZYMA\u0141O SI\u0118 &#8211; 0, NIE G\u0141OSOWA\u0141O &#8211; 7.<\/p>\r\n<p><br \/> ABRAMOWICZ ADAM &#8211;  pr.  ADAMCZYK ANDRZEJ &#8211;  pr.  ANDZEL WALDEMAR &#8211;  pr.  ARENT IWONA &#8211;  pr.  AST MAREK &#8211;  pr.  BABALSKI ZBIGNIEW &#8211;  pr.  BABINETZ PIOTR &#8211;  pr.  BARTU\u015a BARBARA &#8211;  pr.  B\u0104K DARIUSZ &#8211;  pr.  B\u0118TKOWSKI ANDRZEJ &#8211;  pr.  B\u0141ASZCZAK MARIUSZ &#8211;  pr.  B\u0141\u0104DEK ANTONI &#8211;  pr.  BOGUCKI JACEK &#8211;  pr.  BRUDZI\u0143SKI JOACHIM &#8211;  pr.  CH\u0141OPEK ALEKSANDER &#8211;  pr.  CHMIELOWIEC ZBIGNIEW &#8211;  pr.  CHRAPKIEWICZ DANIELA &#8211;  pr.  CYBULSKI PIOTR &#8211;  pr.  CZARNECKI WITOLD &#8211;  pr.  CZARTORYSKI ARKADIUSZ &#8211;  pr.  CZESAK EDWARD &#8211;  pr.  \u00c4\u2020WIERZ ANDRZEJ &#8211;  pr.  DERA ANDRZEJ MIKO\u0141AJ &#8211;  pr.  DOLATA ZBIGNIEW &#8211;  pr.  DRAB MARZENNA &#8211;  pr.  DZIEDZICZAK JAN &#8211;  pr.  FALFUS JACEK &#8211;  pr.  GIRZY\u0143SKI ZBIGNIEW &#8211;  pr.  GI\u0179Y\u0143SKI SZYMON STANIS\u0141AW &#8211;  pr.  GOLBA MIECZYS\u0141AW &#8211;  pr.  GO\u0141OJUCH KAZIMIERZ &#8211;  pr.  GOSIEWSKI JERZY &#8211;  pr.  G\u00d3RSKI ARTUR &#8211;  pr.  G\u00d3RSKI TOMASZ &#8211;  pr.  GRABICKA KRYSTYNA &#8211;  pr.  GWIAZDOWSKI KAZIMIERZ &#8211;  pr.  HOC CZES\u0141AW &#8211;  pr.  HOFMAN ADAM &#8211;  pr.  JACKIEWICZ DAWID &#8211;  pr.  JAGIE\u0141\u0141O JAROS\u0141AW &#8211;  pr.  JANCZYK WIES\u0141AW &#8211;  pr.  JASI\u0143SKI WOJCIECH &#8211;  pr.  JAWORSKI ANDRZEJ &#8211;  pr.  JURGIEL KRZYSZTOF &#8211;  pr.  KACZANOWSKI DARIUSZ &#8211;  pr.  KACZY\u0143SKI JAROS\u0141AW &#8211;  pr.  KAMI\u0143SKI MARIUSZ &#8211;  pr.  KARSKI KAROL &#8211;  pr.  KEMPA BEATA &#8211;  pr.  KLOC IZABELA &#8211;  pr.  K\u0141OSOWSKI S\u0141AWOMIR &#8211;  pr.  KO\u0141AKOWSKI LECH &#8211;  pr.  KO\u0141AKOWSKI ROBERT &#8211;  pr.  KOSSAKOWSKI WOJCIECH &#8211;  pr.  KOWALCZYK HENRYK &#8211;  pr.  KOWALSKI BOGUS\u0141AW &#8211;  pr.  KOZAK ZBIGNIEW &#8211;  pr.  KRACZKOWSKI MAKS &#8211;  pr.  KRASULSKI LEONARD &#8211;  pr.  KRUK EL\u0179BIETA &#8211;  pr.  KUCHCI\u0143SKI MAREK &#8211;  pr.  KWITEK MAREK &#8211;  pr.  LATOS TOMASZ &#8211;  pr.  LIPIEC KRZYSZTOF &#8211;  pr.  LIPI\u0143SKI ADAM &#8211;  pr.  \u0141ATAS MAREK &#8211;  pr.  MACHA\u0141EK MARZENA &#8211;  pr.  MACIEJEWSKI KRZYSZTOF &#8211;  pr.  MACIEREWICZ ANTONI &#8211;  pr.  MALIK EWA &#8211;  pr.  MAS\u0141OWSKA GABRIELA &#8211;  pr.  MAS\u0141OWSKA MIROS\u0141AWA &#8211;  pr.  MATERNA JERZY &#8211;  pr.  MATUSZEWSKI MAREK &#8211;  pr.  MATUSZNY KAZIMIERZ &#8211;  pr.  MAZUREK BEATA &#8211;  pr.  MICHA\u0141KIEWICZ KRZYSZTOF &#8211;  pr.  M\u0141YNARCZYK HENRYK &#8211;  pr.  MOSKAL KAZIMIERZ &#8211;  pr.  MULARCZYK ARKADIUSZ &#8211;  pr.  NOWAK MARIA &#8211;  pr.  OPIO\u0141A MAREK &#8211;  pr.  OSUCH JACEK &#8211;  pr.  O\u0179\u00d3G STANIS\u0141AW &#8211;  pr.  PALUCH ANNA &#8211;  pr.  PIECHA BOLES\u0141AW GRZEGORZ &#8211;  pr.  PI\u0118TA STANIS\u0141AW &#8211;  pr.  POLACZEK JERZY &#8211;  pr.  POLAK MAREK &#8211;  pr.  POLAK PIOTR &#8211;  pr.  RAFALSKA EL\u0179BIETA &#8211;  pr.  RELIGA JAN &#8211;  pr.  R\u0118BEK JERZY &#8211;  pr.  ROGACKI ADAM &#8211;  pr.  ROJEK J\u00d3ZEF &#8211;  pr.  RUSIECKI JAROS\u0141AW &#8211;  pr.  RYNIAK MONIKA &#8211;  pr.  SADURSKA MA\u0141GORZATA &#8211;  pr.  SELIGA DARIUSZ &#8211;  pr.  SELLIN JAROS\u0141AW &#8211;  pr.  SIARKA EDWARD &#8211;  pr.  SIKORA ANNA &#8211;  pr.  SMOLI\u0143SKI KAZIMIERZ &#8211;  pr.  SOBECKA ANNA &#8211;  pr.  SO\u0143TA KRZYSZTOF &#8211;  pr.  SPRAWKA LECH &#8211;  pr.  STANKE PIOTR &#8211;  pr.  STAWIARSKI JAROS\u0141AW &#8211;  pr.  STRZA\u0141KOWSKI STEFAN &#8211;  pr.  SUSKI MAREK &#8211;  pr.  SZARAMA WOJCIECH &#8211;  pr.  SZCZYPI\u0143SKA JOLANTA &#8211;  pr.  SZLACHTA ANDRZEJ &#8211;  pr.  SZWED STANIS\u0141AW &#8211;  pr.  SZYD\u0141O BEATA &#8211;  pr.  SZYSZKO JAN &#8211;  pr.  \u015aNIE\u0179EK ADAM &#8211;  pr.  TCH\u00d3RZEWSKI KRZYSZTOF &#8211;  pr.  TELUS ROBERT &#8211;  pr.  TERLECKI RYSZARD &#8211;  pr.  TOBISZOWSKI GRZEGORZ &#8211;  pr.  TO\u0141WI\u0143SKI KRZYSZTOF &#8211;  pr.  UJAZDOWSKI KAZIMIERZ MICHA\u0141 &#8211;  pr.  WARGOCKA TERESA &#8211;  pr.  WARZECHA JAN &#8211;  pr.  WI\u0104ZOWSKI WALDEMAR &#8211;  pr.  WI\u015aNIEWSKA JADWIGA &#8211;  pr.  WITA TADEUSZ &#8211;  pr.  WITEK EL\u0179BIETA &#8211;  pr.  WOJTKIEWICZ MICHA\u0141 &#8211;  pr.  WORACH S\u0141AWOMIR &#8211;  pr.  WO\u00c5\u00b9NIAK TADEUSZ &#8211;  pr.  WRONA WALDEMAR &#8211;  pr.  WR\u00d3BEL MARZENA DOROTA &#8211;  pr.  ZARZYCKI WOJCIECH SZCZ\u0118SNY &#8211;  pr.  ZAWI\u015aLAK S\u0141AWOMIR &#8211;  pr.  ZBONIKOWSKI \u0141UKASZ &#8211;  pr.  ZIELI\u0143SKI JAROS\u0141AW &#8211;  pr.  ZUBA MARIA &#8211;  pr.  \u0179ACZEK JAROS\u0141AW &#8211;  pr.  BURY JAN S. ANTONIEGO &#8211;  ng.  JANIK GRZEGORZ &#8211;  ng.  MARIANOWSKA BARBARA &#8211;  ng.  OLENDZKA HALINA &#8211;  ng.  POPIO\u0141EK KRZYSZTOF &#8211;  ng.  ROKITA-ARNOLD NELLI &#8211;  ng.  ZALEWSKA ANNA &#8211;  ng.<\/p>\r\n<p>SLD (45 POS\u0141\u00d3W) G\u0141OSOWA\u0141O: 34.   ZA &#8211; 34, PRZECIW &#8211; 0, WSTRZYMA\u0141O SI\u0118 &#8211; 0, NIE G\u0141OSOWA\u0141O &#8211; 11.<\/p>\r\n<p><br \/>AJCHLER ROMUALD &#8211;  za  ALEKSANDRZAK LESZEK &#8211;  za  BALICKI MAREK &#8211;  za  BA\u0143KOWSKA ANNA &#8211;  za  GARBOWSKI TOMASZ &#8211;  za  GINTOWT-DZIEWA\u0141TOWSKI W. &#8211;  za  GO\u0141\u0118BIEWSKI HENRYK &#8211;  za  IWI\u0143SKI TADEUSZ &#8211;  za  JANOWSKA ZDZIS\u0141AWA &#8211;  za  KALISZ RYSZARD &#8211;  za  KASPRZYK JACEK &#8211;  za  KLEPACZ WITOLD &#8211;  za  KOCHANOWSKI JAN &#8211;  za  KOPYCI\u0143SKI S\u0141AWOMIR &#8211;  za  KOTKOWSKA BO\u0179ENA &#8211;  za  KOWALIK JACEK &#8211;  za  KRASO\u0143 JANUSZ &#8211;  za  KRUSZEWSKI ZBIGNIEW &#8211;  za  \u0141YBACKA KRYSTYNA &#8211;  za  MATUSZCZAK ZBIGNIEW &#8211;  za  MILCARZ HENRYK &#8211;  za  OSTROWSKI ARTUR &#8211;  za  PAW\u0141OWSKI SYLWESTER &#8211;  za  PRZ\u0104DKA STANIS\u0141AWA &#8211;  za  RYDZO\u0143 STANIS\u0141AW &#8211;  za  STEC STANIS\u0141AW &#8211;  za  STREKER-DEMBI\u0143SKA EL\u0179BIETA &#8211;  za  SZCZEPA\u0143SKI WIES\u0141AW ANDRZEJ &#8211;  za  SZKOP W\u0141ADYS\u0141AW &#8211;  za  TOMASZEWSKI TADEUSZ &#8211;  za  WIDACKI JAN &#8211;  za  WIKI\u0143SKI MAREK &#8211;  za  WONTOR BOGUS\u0141AW &#8211;  za  WZI\u0104TEK STANIS\u0141AW &#8211;  za  B\u0141OCHOWIAK ANITA &#8211;  ng.  CZYKWIN EUGENIUSZ &#8211;  ng.  KAMI\u0143SKI TOMASZ &#8211;  ng.  MARTYNIUK WAC\u0141AW &#8211;  ng.  MATWIEJUK JAROS\u0141AW &#8211;  ng.  MOTOWID\u0141O TADEUSZ &#8211;  ng.  NAPIERALSKI GRZEGORZ &#8211;  ng.  POMAJDA WOJCIECH &#8211;  ng.  WENDERLICH JERZY &#8211;  ng.  ZAKRZEWSKA EL\u0179BIETA &#8211;  ng.  ZBRZYZNY RYSZARD &#8211;  ng.<\/p>\r\n<p>PSL (31 POS\u0141\u00d3W) G\u0141OSOWA\u0141O: 29.  ZA &#8211; 1, PRZECIW &#8211; 28, WSTRZYMA\u0141O SI\u0118 &#8211; 0, NIE G\u0141OSOWA\u0141O &#8211; 2.<\/p>\r\n<p><br \/> KRZY\u015aK\u00d3W ADAM &#8211;  za  BORKOWSKI KRZYSZTOF &#8211;  pr.  DUTKA BRONIS\u0141AW &#8211;  pr.  GRZESZCZAK EUGENIUSZ &#8211;  pr.  KALEMBA STANIS\u0141AW &#8211;  pr.  KAMI\u0143SKI JAN &#8211;  pr.  KASPRZAK MIECZYS\u0141AW &#8211;  pr.  K\u0141OPOTEK EUGENIUSZ &#8211;  pr.  \u0141OPATA JAN &#8211;  pr.  \u0141UCZAK MIECZYS\u0141AW MARCIN &#8211;  pr.  MALISZEWSKI MIROS\u0141AW &#8211;  pr.  OLAS STANIS\u0141AW &#8211;  pr.  PA\u0141YS ANDRZEJ &#8211;  pr.  PAWLAK MIROS\u0141AW &#8211;  pr.  PAWLAK WALDEMAR &#8211;  pr.  PIECHOCI\u0143SKI JANUSZ &#8211;  pr.  RACKI J\u00d3ZEF &#8211;  pr.  RAKOCZY STANIS\u0141AW &#8211;  pr.  RYGIEL WIES\u0141AW &#8211;  pr.  SAWICKI MAREK &#8211;  pr.  S\u0141AWECKI TADEUSZ &#8211;  pr.  SOPLI\u0143SKI ALEKSANDER &#8211;  pr.  STAROWNIK MARIAN &#8211;  pr.  STEFANIUK FRANCISZEK JERZY &#8211;  pr.  SZTORC ANDRZEJ &#8211;  pr.  WALKOWSKI PIOTR &#8211;  pr.  WITASZCZYK STANIS\u0141AW &#8211;  pr.  ZYCH J\u00d3ZEF &#8211;  pr.  \u0179ELICHOWSKI STANIS\u0141AW &#8211;  pr.  BURY JAN S. J\u00d3ZEFA &#8211;  ng.  KIERZKOWSKA EWA &#8211;  ng.<\/p>\r\n<p>PJN (15 POS\u0141\u00d3W) G\u0141OSOWA\u0141O: 13.  ZA &#8211; 0, PRZECIW &#8211; 13, WSTRZYMA\u0141O SI\u0118 &#8211; 0, NIE G\u0141OSOWA\u0141O &#8211; 2.<\/p>\r\n<p><br \/> D\u0104BKOWSKA-CICHOCKA LENA &#8211;  pr.  DUDZI\u0143SKI TOMASZ MIROS\u0141AW &#8211;  pr.  GAW\u0118DA ADAM &#8211;  pr.  HAJDA KAZIMIERZ &#8211;  pr.  JAKUBIAK EL\u0179BIETA &#8211;  pr.  KARASIEWICZ LUCJAN &#8211;  pr.  KILIAN WIES\u0141AW &#8211;  pr.  O\u0141DAKOWSKI JAN &#8211;  pr.  OWCZARSKI ZBYS\u0141AW &#8211;  pr.  PILCH JACEK &#8211;  pr.  PONCYLJUSZ PAWE\u0141 &#8211;  pr.  SO\u015aNIERZ ANDRZEJ &#8211;  pr.  WALKOWIAK ANDRZEJ &#8211;  pr.  MOJZESOWICZ WOJCIECH &#8211;  ng.  WOJCIECHOWSKI ZBIGNIEW &#8211;  ng.<\/p>\r\n<p>SDPL (3 POS\u0141\u00d3W) G\u0141OSOWA\u0141O: 3.  ZA &#8211; 3, PRZECIW &#8211; 0, WSTRZYMA\u0141O SI\u0118 &#8211; 0, NIE G\u0141OSOWA\u0141O &#8211; 0.<\/p>\r\n<p><br \/>BOROWSKI MAREK &#8211;  za  CIEMNIAK GRA\u0179YNA &#8211;  za  SIERAKOWSKA IZABELLA &#8211;  za<\/p>\r\n<p>niez. (13 POS\u0141\u00d3W) G\u0141OSOWA\u0141O: 10.  ZA &#8211; 5, PRZECIW &#8211; 4, WSTRZYMA\u0141O SI\u0118 &#8211; 1, NIE G\u0141OSOWA\u0141O &#8211; 3.<\/p>\r\n<p><br \/>ATAMA\u0143CZUK CEZARY &#8211;  za  CELI\u0143SKI ANDRZEJ &#8211;  za  FILAR MARIAN &#8211;  za  KUTZ KAZIMIERZ &#8211;  za  LIS BOGDAN &#8211;  za  GALLA RYSZARD &#8211;  pr.  LIBICKI JAN FILIP &#8211;  pr.  TOMCZAK JACEK &#8211;  pr.  W\u0118GRZYN ROBERT &#8211;  pr.  DORN LUDWIK &#8211;  ws.  CHLEBOWSKI ZBIGNIEW &#8211;  ng.  GRZEGOREK KRZYSZTOF &#8211;  ng.  KOMO\u0141OWSKI LONGIN &#8211;  ng.<\/p>\r\n<p class=\"zrodlo\">Za: <a href=\"http:\/\/www.naszdziennik.pl\/index.php?dat=20110704&amp;typ=my&amp;id=my03.txt\">Nasz Dziennik, Poniedzia\u0142ek, 4 lipca 2011, Nr 153 (4084)<\/a><\/p>\r\n<\/blockquote>","protected":false},"excerpt":{"rendered":"Obywatelski projekt nowelizacji ustawy, przewiduj\u0105cy ca\u0142kowit\u0105 ochron\u0119 \u017cycia pocz\u0119tego, zosta\u0142 1 lipca decyzj\u0105 Sejmu RP, skierowany do dw\u00f3ch komisji: polityki spo\u0142ecznej i rodziny oraz zdrowia. Za takim rozwi\u0105zaniem g\u0142osowa\u0142o 261 pos\u0142\u00f3w, przeciw by\u0142o 155, jedna osoba wstrzyma\u0142a si\u0119 od g\u0142osu. Wcze\u015bniej pos\u0142owie nie przyj\u0119li wniosku klubu SLD, kt\u00f3ry dotyczy\u0142 odrzucenia projektu w ca\u0142o\u015bci. Decyzj\u0105 Prezydium [&hellip;]","protected":false},"author":1,"featured_media":0,"comment_status":"closed","ping_status":"closed","sticky":false,"template":"","format":"standard","meta":{"_acf_changed":false,"_monsterinsights_skip_tracking":false,"_monsterinsights_sitenote_active":false,"_monsterinsights_sitenote_note":"","_monsterinsights_sitenote_category":0,"ngg_post_thumbnail":0,"footnotes":"","_wp_rev_ctl_limit":""},"categories":[8],"tags":[94,98],"acf":[],"_links":{"self":[{"href":"https:\/\/www.bibula.com\/index.php?rest_route=\/wp\/v2\/posts\/40217"}],"collection":[{"href":"https:\/\/www.bibula.com\/index.php?rest_route=\/wp\/v2\/posts"}],"about":[{"href":"https:\/\/www.bibula.com\/index.php?rest_route=\/wp\/v2\/types\/post"}],"author":[{"embeddable":true,"href":"https:\/\/www.bibula.com\/index.php?rest_route=\/wp\/v2\/users\/1"}],"replies":[{"embeddable":true,"href":"https:\/\/www.bibula.com\/index.php?rest_route=%2Fwp%2Fv2%2Fcomments&post=40217"}],"version-history":[{"count":0,"href":"https:\/\/www.bibula.com\/index.php?rest_route=\/wp\/v2\/posts\/40217\/revisions"}],"wp:attachment":[{"href":"https:\/\/www.bibula.com\/index.php?rest_route=%2Fwp%2Fv2%2Fmedia&parent=40217"}],"wp:term":[{"taxonomy":"category","embeddable":true,"href":"https:\/\/www.bibula.com\/index.php?rest_route=%2Fwp%2Fv2%2Fcategories&post=40217"},{"taxonomy":"post_tag","embeddable":true,"href":"https:\/\/www.bibula.com\/index.php?rest_route=%2Fwp%2Fv2%2Ftags&post=40217"}],"curies":[{"name":"wp","href":"https:\/\/api.w.org\/{rel}","templated":true}]}}