{"id":39979,"date":"2011-06-28T20:56:35","date_gmt":"2011-06-29T01:56:35","guid":{"rendered":"http:\/\/www.bibula.com\/?p=39979"},"modified":"2011-06-28T20:57:11","modified_gmt":"2011-06-29T01:57:11","slug":"niesolowski-na-granicy-obledu","status":"publish","type":"post","link":"https:\/\/www.bibula.com\/?p=39979","title":{"rendered":"Nieso\u0142owski na granicy ob\u0142\u0119du"},"content":{"rendered":"<p><strong><em>Platforma nie mo\u017ce prze\u0142kn\u0105\u0107 faktu, \u017ce o. Tadeusz Rydzyk jest autorytetem dla sporej grupy spo\u0142ecznej, i aby go zdyskredytowa\u0107, jest gotowa do powa\u017cnego nadu\u017cywania w\u0142adzy<\/em><\/strong><\/p>\r\n<p><strong>Z Marcinem Zarzeckim, socjologiem polityki, rozmawia Paulina Jarosi\u0144ska<\/strong><\/p>\r\n<p><strong>Jak  skomentowa\u0142by Pan poniedzia\u0142kow\u0105 wypowied\u017a Stefana Niesio\u0142owskiego dla  TVN 24, kt\u00f3r\u0105 da\u0142 upust swojemu zaciek\u0142emu antyklerykalizmowi, w spos\u00f3b  niewybredny atakuj\u0105c o. Tadeusza Rydzyka, polski Episkopat, a nawet  Katolicki Uniwersytet Lubelski?<\/strong><\/p>\r\n<p>&#8211; W pierwszej kolejno\u015bci wyra\u017c\u0119  swoje zdziwienie faktem, \u017ce do tej pory wypowiedziami Stefana  Niesio\u0142owskiego nie zaj\u0119\u0142a si\u0119 Komisja Etyki Poselskiej. S\u0105dz\u0119, \u017ce  Stefan Niesio\u0142owski pr\u00f3buje bi\u0107 swoje w\u0142asne rekordy w wyra\u017caniu  nasyconych przemoc\u0105 werbaln\u0105, agresj\u0105 i cynicznym krytykanctwie  wypowiedzi. Ten spos\u00f3b ekspresji jest przez media, niestety, bardzo  \u0142atwo absorbowany. Niesio\u0142owski przyj\u0105\u0142 tak\u0105 form\u0119 &#8222;komunikowania si\u0119&#8221;  za swoj\u0105 cech\u0119 charakterystyczn\u0105 i jego og\u00f3ln\u0105 tendencj\u0105 jest to, aby w  ka\u017cdej wypowiedzi znalaz\u0142 si\u0119 odpowiedni stopie\u0144 agresji, wyj\u0105tkowej  buty i obra\u017cania wszystkich, kt\u00f3rzy my\u015bl\u0105 inaczej ni\u017c partia rz\u0105dz\u0105ca.  Po drugie, Niesio\u0142owski po to jest w Platformie, aby stanowi\u0107 tak\u0105 tub\u0119  agresji &#8211; na zasadzie kontrastu. Ot\u00f3\u017c im wi\u0119cej takiego agresywnego  j\u0119zyka w ustach poszczeg\u00f3lnych polityk\u00f3w PO, tym \u0142agodniejszy wydaje si\u0119  Donald Tusk. Jest to zatem cz\u0119\u015b\u0107 pewnego marketingu politycznego. Po  trzecie, te ostatnie s\u0142owa Niesio\u0142owskiego, w tym jego skandaliczny atak  na o. Tadeusza Rydzyka i na polski Ko\u015bci\u00f3\u0142 oraz pr\u00f3ba zdefiniowania  przedstawicieli Ko\u015bcio\u0142a w kategoriach ekstremist\u00f3w, \u015bwiadczy tylko o  jednym: Platforma pod\u0105\u017ca wyznaczon\u0105 z g\u00f3ry \u015bcie\u017ck\u0105, zmierzaj\u0105c\u0105  nieuchronnie ku sojuszowi z lewic\u0105 i radykalnemu zwrotowi ku lewicowemu  elektoratowi. To jest cel koniunkturalny i czysto polityczny. Co wi\u0119cej &#8211;  jak wida\u0107, politycy PO nie przebieraj\u0105 w \u015brodkach, aby go osi\u0105gn\u0105\u0107.  Teraz najwa\u017cniejsze dla Platformy jest za wszelk\u0105 cen\u0119 utrzyma\u0107 w\u0142adz\u0119, i  aby to uczyni\u0107, nie cofnie si\u0119 ona przed niezwykle agresywn\u0105 form\u0105  zwalczania &#8211; dos\u0142ownie &#8211; potencjalnych przeciwnik\u00f3w i \u015brodowisk, kt\u00f3re  mog\u0105 zagra\u017ca\u0107 jej hegemonii.<\/p>\r\n<p><strong>Politycy PO bardzo istotnie  przekraczaj\u0105 granice dopuszczalnej krytyki &#8211; atakuj\u0105 niewygodne dla  siebie grupy spo\u0142eczne ju\u017c nie tylko werbalnie, jak czyni\u0142 i czyni to  dalej Niesio\u0142owski, ale podejmuj\u0105 konkretne pr\u00f3by uniemo\u017cliwienia im  normalnej dzia\u0142alno\u015bci.<\/strong><\/p>\r\n<p>&#8211; Stefan Niesio\u0142owski pe\u0142ni rol\u0119 &#8211; jak  ju\u017c powiedzia\u0142em &#8211; takiej tuby, kt\u00f3ra ma &#8222;jednoczy\u0107&#8221; wok\u00f3\u0142  antyklerykalnych hase\u0142 i obra\u017cania opozycji lewicowy elektorat.  Platforma najwidoczniej zamierza teraz zbudowa\u0107 sw\u00f3j program wok\u00f3\u0142 dw\u00f3ch  element\u00f3w: walki z PiS i walki z Ko\u015bcio\u0142em. Jestem pewien, \u017ce PO zdaje  sobie spraw\u0119 z tego, jak twardy jest elektorat PiS, oraz z si\u0142y  \u015brodowisk skupionych wok\u00f3\u0142 Radia Maryja i pozosta\u0142ych dzie\u0142 wyros\u0142ych  przy nim. Dlatego te\u017c w okre\u015blony spos\u00f3b formuje walk\u0119 z tymi grupami  spo\u0142ecznymi &#8211; poprzez o\u015bmieszanie i dyskredytowanie ich.<\/p>\r\n<p><strong>Mo\u017cna  odnie\u015b\u0107 wra\u017cenie, \u017ce jednym z podstawowych cel\u00f3w tej ostatnio  zintensyfikowanej nagonki na Radio Maryja i polski Ko\u015bci\u00f3\u0142 jest  wm\u00f3wienie spo\u0142ecze\u0144stwu i opinii publicznej, \u017ce to s\u0105 najwi\u0119ksi wrogowie  Polski&#8230;<\/strong><\/p>\r\n<p>&#8211; Ostatnie wydarzenie i wpisuj\u0105ca si\u0119 w nie wypowied\u017a  Stefana Niesio\u0142owskiego pokazuj\u0105 dobitnie, \u017ce w postpolityce nie liczy  si\u0119 wymiana argument\u00f3w &#8211; chodzi o sformu\u0142owanie pewnego przekazu, kt\u00f3rym  zdob\u0119dzie si\u0119 wyborc\u00f3w czy zwolennik\u00f3w, i utrzyma si\u0119 przy w\u0142adzy.  Obecny j\u0119zyk prominentnych polityk\u00f3w PO nie tylko szybko zakorzenia si\u0119 w  mediach i rozprzestrzenia si\u0119 b\u0142yskawicznie. W konsekwencji za pomoc\u0105  takiego j\u0119zyka buduje si\u0119 r\u00f3wnie\u017c obraz polityki bardzo szkodliwy dla  demokracji. Spokojnie mo\u017cna powiedzie\u0107, \u017ce na polskiej scenie  politycznej zapanowa\u0142 j\u0119zyk ob\u0142\u0119du politycznego, kt\u00f3rego tw\u00f3rc\u0105 wydaje  si\u0119 partia rz\u0105dz\u0105ca. Warto pami\u0119ta\u0107 bardzo wa\u017cn\u0105 rzecz: j\u0119zyk jest  zawsze no\u015bnikiem okre\u015blonych warto\u015bci i poj\u0119\u0107.<\/p>\r\n<p><strong>Wicemarsza\u0142ek  Sejmu chce pozbawi\u0107 funkcji biskupa i profesora KUL, szef dyplomacji  wystosowuje do Watykanu not\u0119 dyplomatyczn\u0105 b\u0119d\u0105c\u0105 w istocie skarg\u0105 na  ojca redemptoryst\u0119, lidera opozycji maj\u0105 zbada\u0107 biegli psychiatrzy na  okoliczno\u015b\u0107 jego rzekomej niepoczytalno\u015bci. Czy Platforma ju\u017c zupe\u0142nie  zrzuci\u0142a mask\u0119?<\/strong><\/p>\r\n<p>&#8211; W pewnym sensie tak. Platforma naprawd\u0119 zrobi  wiele, \u017ceby utrzyma\u0107 swoj\u0105 dominacj\u0119 na scenie politycznej i w mediach.  Wszystkie pozosta\u0142e, szerokie i silne grupy spo\u0142eczne, kt\u00f3re maj\u0105  odmienn\u0105 wizj\u0119 spo\u0142eczno-polityczn\u0105 ni\u017c partia rz\u0105dz\u0105ca, s\u0105 na celowniku  &#8211; najbardziej dotyczy to Radia Maryja i Prawa i Sprawiedliwo\u015bci. By\u0142em  zupe\u0142nie zdumiony not\u0105 dyplomatyczn\u0105 MSZ do Watykanu i jestem pewien, \u017ce  nie by\u0142em w tym zdumieniu odosobniony. Platforma najwidoczniej nie mo\u017ce  prze\u0142kn\u0105\u0107 faktu, \u017ce o. Tadeusz Rydzyk jest autorytetem dla ca\u0142kiem  sporej grupy spo\u0142ecznej i aby go zdyskredytowa\u0107, politycy partii  rz\u0105dz\u0105cej gotowi s\u0105 do powa\u017cnego nadu\u017cywania w\u0142adzy. W polskiej polityce  dziej\u0105 si\u0119 obecnie przera\u017caj\u0105ce rzeczy. Mieli\u015bmy do czynienia z tyloma  skandalicznymi wypowiedziami r\u00f3\u017cnych polityk\u00f3w, europos\u0142\u00f3w, kt\u00f3re  szkodzi\u0142y wizerunkowi naszego kraju za granic\u0105, i jako\u015b w\u00f3wczas nikt nie  alarmowa\u0142 o nich w notach dyplomatycznych do jakichkolwiek pa\u0144stw.  Reasumuj\u0105c: sk\u0142adanie noty na polskiego obywatela do pa\u0144stwa  watyka\u0144skiego jest jakim\u015b g\u0142\u0119bokim nieporozumieniem &#8211; dodatkowo ob\u0142udnym  i paradoksalnym. Ca\u0142a absurdalna sytuacja o\u015bmieszy\u0142a MSZ. Chcia\u0142bym  tylko przypomnie\u0107 jedn\u0105 bardzo wa\u017cn\u0105 spraw\u0119 naszym decydentom  politycznym: istota demokracji i roztropna troska o dobro wsp\u00f3lne  naprawd\u0119 nie polega na zwalczaniu opozycji i &#8222;niewygodnych&#8221; \u015brodowisk  oraz n\u0119kaniu adwersarzy za pomoc\u0105 nadu\u017cywania prerogatyw w\u0142adzy.<\/p>\r\n<p><strong>Dzi\u0119kuj\u0119 za rozmow\u0119.<\/strong><\/p>\r\n<blockquote>\r\n<h2>Niesio\u0142owski odes\u0142any do muszek<\/h2>\r\n<p><strong><em>Ks. bp Wies\u0142aw Mering: Znam reakcj\u0119 wicemarsza\u0142ka Sejmu Stefana Niesio\u0142owskiego, kt\u00f3ry si\u0119 bardzo zdenerwowa\u0142 moj\u0105 wypowiedzi\u0105. Ot\u00f3\u017c ja si\u0119 panu Niesio\u0142owskiemu nie wtr\u0105cam w jego motylki, \u0107my ani muchy, kt\u00f3rymi si\u0119 zawodowo zajmuje. Dlatego prosi\u0142bym, \u017ceby on te\u017c si\u0119 nie miesza\u0142 w sprawy zwi\u0105zane z moimi obywatelskimi prawami<\/em><\/strong>.<\/p>\r\n<p><strong>Ksi\u0105dz biskup Wies\u0142aw Mering k\u0142amie, ks. Federico Lombardi si\u0119 boi, a  ks. prof. J\u00f3zef Krukowski to chory cz\u0142owiek. Kto powiedzia\u0142 te s\u0142owa?  Nie \u017caden z antykleryka\u0142\u00f3w czy dzia\u0142aczy lewicowych partii lub  organizacji, ale wicemarsza\u0142ek Sejmu Stefan Niesio\u0142owski (PO), kt\u00f3ry  nieraz przecie\u017c podkre\u015bla\u0142 sw\u00f3j katolicyzm i przywi\u0105zanie do Ko\u015bcio\u0142a.  Wicemarsza\u0142ka z r\u00f3wnowagi wyprowadzi\u0142 fakt, \u017ce \u017caden z wy\u017cej  wymienionych kap\u0142an\u00f3w nie chcia\u0142 &#8211; tak jak oczekiwa\u0142a tego Platforma  Obywatelska &#8211; pot\u0119pi\u0107 rzekomych antypolskich wypowiedzi o. Tadeusza  Rydzyka podczas seminarium w Brukseli.<\/strong><\/p>\r\n<p>Stefan Niesio\u0142owski  by\u0142 ponownie gwiazd\u0105 programu &#8222;Kropka nad i&#8221; w TVN 24. Tym razem posun\u0105\u0142  si\u0119 do spotykanej tylko w skrajnych kr\u0119gach antyklerykalnych brutalnej  krytyki i inwektyw wobec dyrektora Radia Maryja, innych kap\u0142an\u00f3w i  biskup\u00f3w. Posz\u0142o o wypowied\u017a o. Tadeusza Rydzyka CSsR w Brukseli.  Zinterpretowano j\u0105 jako &#8222;wypowied\u017a antypolsk\u0105&#8221; i cho\u0107 o. Tadeusz Rydzyk  wyja\u015bni\u0142 dok\u0142adnie swoje s\u0142owa i pokaza\u0142, na czym polega\u0142a medialna  manipulacja w sprawie jego wypowiedzi, to wicemarsza\u0142ek Stefan  Niesio\u0142owski &#8222;wie swoje&#8221; i po swojemu tak\u017ce zareagowa\u0142.<br \/>W wywiadzie  nie zabrak\u0142o atak\u00f3w na za\u0142o\u017cyciela i dyrektora Radia Maryja. &#8211; Rydzyk  nie jest \u017cadnym &#8222;ojcem&#8221;, tylko politykiem. Jakim ojcem? Nie wiem, czyim  ojcem &#8211; stwierdzi\u0142 w swoim &#8222;eleganckim&#8221; i &#8222;pe\u0142nym kultury&#8221; stylu  Niesio\u0142owski. A potem by\u0142o ju\u017c tylko lepiej. Najbardziej dosta\u0142o si\u0119 ks.  bp. Wies\u0142awowi Meringowi, ordynariuszowi diecezji w\u0142oc\u0142awskiej, kt\u00f3ry  stan\u0105\u0142 w obronie o. Tadeusza Rydzyka. Z tego samego powodu wicemarsza\u0142ek  skrytykowa\u0142 ks. abp. J\u00f3zefa Michalika, przewodnicz\u0105cego Konferencji  Episkopatu Polski. &#8211; I teraz go niekt\u00f3rzy biskupi broni\u0105. Jaki\u015b biskup  Mering. To jest biskup? To jest festiwal hipokryzji biskupa Meringa. Po  co taki biskup w og\u00f3le potrzebny? Po co jest biskup, kt\u00f3ry k\u0142amie? &#8211;  m\u00f3wi\u0142 Niesio\u0142owski. &#8211; W Episkopacie jest niez\u0142a kolekcja takich biskup\u00f3w  od Radia Maryja. Prosz\u0119 zapyta\u0107 biskupa Michalika, biskupa Meringa,  jeszcze paru. Nie wiem, czym biskupowi Michalikowi imponuje Tadeusz  Rydzyk. Je\u015bli Ko\u015bci\u00f3\u0142 w Polsce kiedy\u015b straci powo\u0142ania, straci  inteligencj\u0119 i m\u0142odzie\u017c, to niech podzi\u0119kuje tym biskupom i Tadeuszowi  Rydzykowi &#8211; stwierdzi\u0142 w innym momencie wicemarsza\u0142ek.<\/p>\r\n<p>Dosta\u0142o si\u0119  tak\u017ce rzecznikowi Stolicy Apostolskiej ks. Federico Lombardiemu, kt\u00f3ry,  przypomnijmy, powiedzia\u0142, \u017ce Watykan nie b\u0119dzie odnosi\u0142 si\u0119 do  wypowiedzi dyrektora Radia Maryja, bo by\u0142a to prywatna wypowied\u017a.  Zdaniem Niesio\u0142owskiego, to dow\u00f3d na brak odwagi ks. Lombardiego. &#8211;  Ksi\u0105dz Lombardi te\u017c \u017ale powiedzia\u0142, bo si\u0119 boi. Boi si\u0119 biskupa Meringa,  boi si\u0119 awantur. Ko\u015bci\u00f3\u0142 zap\u0142aci wielk\u0105 cen\u0119 za takich jak biskup  Mering, jak ks. Lombardi. Ko\u015bci\u00f3\u0142 zap\u0142aci tak\u0105 cen\u0119 jak za pedofili\u0119. I  za Rydzyka, i Radio Maryja zap\u0142aci &#8211; atakowa\u0142 polityk PO.<\/p>\r\n<p>Brutalny  atak zosta\u0142 tak\u017ce skierowany na ks. prof. J\u00f3zefa Krukowskiego z KUL,  kt\u00f3ry m.in. na \u0142amach &#8222;Naszego Dziennika&#8221; t\u0142umaczy\u0142, dlaczego nota MSZ  do Watykanu w sprawie wypowiedzi o. Tadeusza Rydzyka by\u0142a posuni\u0119ciem  pozbawionym sensu. &#8211; To jest chory cz\u0142owiek. Chory z nienawi\u015bci  cz\u0142owiek, kt\u00f3ry powinien zdj\u0105\u0107 sutann\u0119, zapisa\u0107 si\u0119 do PiS, p\u00f3j\u015b\u0107 sobie  pod ten krzy\u017c i namiot i tam g\u0142osi\u0107 te brednie. To profesor jest?  Pozbawi\u0107 funkcji! To \u015bwietnych specjalist\u00f3w kszta\u0142ci KUL. Pogratulowa\u0107.  (&#8230;) To jest kompletny nieuk, niegodny w og\u00f3le chyba noszenia sutanny &#8211;  tak cenionego naukowca z ogromnym dorobkiem, jakim jest ks. prof.  Krukowski, ocenia wicemarsza\u0142ek polskiego Sejmu.<\/p>\r\n<p>&#8211; Znam reakcj\u0119  wicemarsza\u0142ka Sejmu Stefana Niesio\u0142owskiego, kt\u00f3ry si\u0119 bardzo  zdenerwowa\u0142 moj\u0105 wypowiedzi\u0105. Ot\u00f3\u017c ja si\u0119 panu Niesio\u0142owskiemu nie  wtr\u0105cam w jego motylki, \u0107my ani muchy, kt\u00f3rymi si\u0119 zawodowo zajmuje.  Dlatego prosi\u0142bym, \u017ceby on te\u017c si\u0119 nie miesza\u0142 w sprawy zwi\u0105zane z moimi  obywatelskimi prawami. Ja r\u00f3wnie\u017c, jako biskup, mam prawo powiedzie\u0107,  co s\u0105dz\u0119 o danej sprawie. Nie po to zosta\u0142em biskupem, \u017ceby si\u0119 obawia\u0107  wypowiada\u0107 swoje pogl\u0105dy &#8211; m\u00f3wi w rozmowie z &#8222;Naszym Dziennikiem&#8221; ks. bp  Wies\u0142aw Mering. Podkre\u015bla te\u017c, \u017ce reakcja na s\u0142owa dyrektora Radia  Maryja jest niewsp\u00f3\u0142mierna. &#8211; Jak mo\u017cna na pojedynczego obywatela  wytacza\u0107 tego typu dzia\u0142a? Jak mo\u017cna, metodami administracyjnymi,  pr\u00f3bowa\u0107 zastraszy\u0107 jednego z obywateli Polski? Nie mog\u0119 si\u0119 z tym  zgodzi\u0107. Mnie to irytuje, denerwuje i bardzo mi przeszkadza. To jest  taka sytuacja: jak d\u0142ugo b\u0119d\u0119 m\u00f3wi\u0142 to, co jest zgodne z polityczn\u0105  poprawno\u015bci\u0105, to wszystko jest w porz\u0105dku. Natomiast kiedy si\u0119 odwa\u017c\u0119 w  czym\u015b skrytykowa\u0107, wbrew panuj\u0105cym trendom i opiniom szerzonym przez  \u015brodki przekazu, to natychmiast b\u0119d\u0119 oskar\u017cony &#8211; stwierdzi\u0142 ks. bp  Mering.<\/p>\r\n<p>Katolicki Uniwersytet Lubelski nie kryje zdumienia s\u0142owami  wicemarsza\u0142ka Niesio\u0142owskiego. Rzecznik prasowy KUL Rados\u0142aw Ha\u0142as w  przes\u0142anym do naszej redakcji stanowisku napisa\u0142: &#8222;Po zapoznaniu si\u0119 z  nagraniem mog\u0119 jedynie stwierdzi\u0107, \u017ce s\u0142\u00f3w Wicemarsza\u0142ka Sejmu Stefana  Niesio\u0142owskiego, skierowanych pod adresem ks. prof. J\u00f3zefa Krukowskiego,  wieloletniego pracownika KUL, osoby o uznanym autorytecie, nie spos\u00f3b  komentowa\u0107. W debacie publicznej, zw\u0142aszcza z udzia\u0142em wysokich  przedstawicieli w\u0142adzy ustawodawczej, nie powinno by\u0107 miejsca dla tak  obra\u017aliwego j\u0119zyka&#8221;.<\/p>\r\n<p><em><strong>Krzysztof Losz<\/strong><\/em><\/p>\r\n<p class=\"zrodlo\">Za: <a href=\"http:\/\/www.naszdziennik.pl\/index.php?dat=20110629&amp;typ=po&amp;id=po07.txt\">Nasz Dziennik, \u015aroda, 29 czerwca 2011, Nr 149 (4080)<\/a><\/p>\r\n<\/blockquote>","protected":false},"excerpt":{"rendered":"Platforma nie mo\u017ce prze\u0142kn\u0105\u0107 faktu, \u017ce o. Tadeusz Rydzyk jest autorytetem dla sporej grupy spo\u0142ecznej, i aby go zdyskredytowa\u0107, jest gotowa do powa\u017cnego nadu\u017cywania w\u0142adzy Z Marcinem Zarzeckim, socjologiem polityki, rozmawia Paulina Jarosi\u0144ska Jak skomentowa\u0142by Pan poniedzia\u0142kow\u0105 wypowied\u017a Stefana Niesio\u0142owskiego dla TVN 24, kt\u00f3r\u0105 da\u0142 upust swojemu zaciek\u0142emu antyklerykalizmowi, w spos\u00f3b niewybredny atakuj\u0105c o. Tadeusza [&hellip;]","protected":false},"author":1,"featured_media":0,"comment_status":"closed","ping_status":"closed","sticky":false,"template":"","format":"standard","meta":{"_acf_changed":false,"_monsterinsights_skip_tracking":false,"_monsterinsights_sitenote_active":false,"_monsterinsights_sitenote_note":"","_monsterinsights_sitenote_category":0,"ngg_post_thumbnail":0,"footnotes":"","_wp_rev_ctl_limit":""},"categories":[8],"tags":[98,83],"acf":[],"_links":{"self":[{"href":"https:\/\/www.bibula.com\/index.php?rest_route=\/wp\/v2\/posts\/39979"}],"collection":[{"href":"https:\/\/www.bibula.com\/index.php?rest_route=\/wp\/v2\/posts"}],"about":[{"href":"https:\/\/www.bibula.com\/index.php?rest_route=\/wp\/v2\/types\/post"}],"author":[{"embeddable":true,"href":"https:\/\/www.bibula.com\/index.php?rest_route=\/wp\/v2\/users\/1"}],"replies":[{"embeddable":true,"href":"https:\/\/www.bibula.com\/index.php?rest_route=%2Fwp%2Fv2%2Fcomments&post=39979"}],"version-history":[{"count":0,"href":"https:\/\/www.bibula.com\/index.php?rest_route=\/wp\/v2\/posts\/39979\/revisions"}],"wp:attachment":[{"href":"https:\/\/www.bibula.com\/index.php?rest_route=%2Fwp%2Fv2%2Fmedia&parent=39979"}],"wp:term":[{"taxonomy":"category","embeddable":true,"href":"https:\/\/www.bibula.com\/index.php?rest_route=%2Fwp%2Fv2%2Fcategories&post=39979"},{"taxonomy":"post_tag","embeddable":true,"href":"https:\/\/www.bibula.com\/index.php?rest_route=%2Fwp%2Fv2%2Ftags&post=39979"}],"curies":[{"name":"wp","href":"https:\/\/api.w.org\/{rel}","templated":true}]}}