{"id":39922,"date":"2011-06-28T22:32:57","date_gmt":"2011-06-29T03:32:57","guid":{"rendered":"http:\/\/www.bibula.com\/?p=39922"},"modified":"2011-06-27T15:41:52","modified_gmt":"2011-06-27T20:41:52","slug":"czego-nie-zrobili-niemcy-zrobili-swoi","status":"publish","type":"post","link":"https:\/\/www.bibula.com\/?p=39922","title":{"rendered":"Czego nie zrobili Niemcy, zrobili swoi"},"content":{"rendered":"<p><strong><em>Ty To\u0142ysz, musisz zrewidowa\u0107 swoje pogl\u0105dy, a ju\u017c na pewno mniej gada\u0107.  Jak nie b\u0119dziesz ostro\u017cnym, to ani si\u0119 obejrzysz, jak ci\u0119 spasuj\u0105 na  rycerza i bez biletu wywioz\u0105 na Wsch\u00f3d.<\/em><\/strong><\/p>\r\n<p>W\u0142adys\u0142awowi To\u0142yszowi uda\u0142o si\u0119 jednak unikn\u0105\u0107 powo\u0142ania do s\u0142u\u017cby wojskowej w Ludowym Wojsku Polskim pomimo, \u017ce na studia na Uniwersytecie Jagiello\u0144skim\u00a0 nie zosta\u0142 oczywi\u015bcie przyj\u0119ty. Mia\u0142 po prostu du\u017co szcz\u0119\u015bcia i spotka\u0142 na swojej drodze \u017cyczliwych ludzi.<\/p>\r\n<p>&#8211; Po wyj\u015bciu z komisji rekrutacyjnej gor\u0105czkowo my\u015bla\u0142em, co robi\u0107 dalej &#8211; m\u00f3wi. Do wojska i\u015b\u0107 nie chcia\u0142em nie tylko dlatego, \u017ce by\u0142o ono \u201eludowe\u201d, ale uwa\u017ca\u0142em, \u017ce nawojowa\u0142em si\u0119 ju\u017c w \u017cyciu dostatecznie. Poza tym chcia\u0142em si\u0119 uczy\u0107. Postanowi\u0142em p\u00f3j\u015b\u0107 do dziekana wydzia\u0142u. Wcze\u015bniej dowiadywa\u0142em si\u0119, kto zacz. Wiedzia\u0142em, \u017ce pochodzi\u0142 ze Lwowa i mia\u0142 opini\u0119 porz\u0105dnego cz\u0142owieka. Dziekana nie by\u0142o. Siad\u0142em pod drzwiami gabinetu i czekam. Wkr\u00f3tce przyszed\u0142 i uprzejmie zapyta\u0142, czy d\u0142ugo czekam. Odpowiedzia\u0142em, \u017ce jakie\u015b pi\u0119tna\u015bcie minut. Wiedzia\u0142 ju\u017c o awanturze zwi\u0105zanej z moj\u0105 osob\u0105. Kaza\u0142 mi usi\u0105\u015b\u0107 i bez ogr\u00f3dek o\u015bwiadczy\u0142, ze przewodnicz\u0105ca komisji zrobi wszystko, \u017cebym na uniwersytet si\u0119 nie dosta\u0142. Potwierdzi\u0142, ze mam bardzo dobre wyniki egzaminu i w odr\u00f3\u017cnieniu od innych kandydat\u00f3w mia\u0142em w liceum \u0142acin\u0119, co jest wymagane, ale on nic nie poradzi. Zadeklarowa\u0142, \u017ce wpisze mnie na I miejsce na list\u0119 rezerwow\u0105. Zaproponowa\u0142 te\u017c, \u017ce wyda mi za\u015bwiadczenie o zdanych egzaminach, kt\u00f3re powinienem przed\u0142o\u017cy\u0107 w Akademii Ekonomicznej. Umo\u017cliwi mi ono dostanie si\u0119 na studia na tej uczelni i uzyskanie odroczenia od s\u0142u\u017cby wojskowej. Studia ekonomiczne nie by\u0142y moim marzeniem, ale co mia\u0142em robi\u0107. Zosta\u0142em na akademi\u0119 przyj\u0119ty. Uko\u0144czy\u0142em j\u0105 w terminie i obroni\u0142em prac\u0119 magistersk\u0105 zatytu\u0142owan\u0105 \u201eKierunki rozwoju radia i telewizji w Polsce\u201d. Dosta\u0142em za ni\u0105 nagrod\u0119 Rady Wydzia\u0142u i medal od rektora. Ten gratuluj\u0105c mi powiedzia\u0142, \u017ce rzadko czyta prace absolwent\u00f3w, ale moj\u0105 przeczyta\u0142 od deski do deski&#8230;<\/p>\r\n<p><strong>Prze\u015bladowania rodziny<\/strong><\/p>\r\n<p>Studia dla W\u0142adys\u0142awa To\u0142ysza nie by\u0142y z pewno\u015bci\u0105 okresem \u0142atwym, cho\u0107 bynajmniej nie ze wzgl\u0119d\u00f3w naukowych. UB zacz\u0119\u0142o prze\u015bladowa\u0107 jego rodzin\u0119. Na jego rodzin\u0119 kto\u015b z\u0142o\u017cy\u0142 donos i zosta\u0142a ona uznana za \u201ewrog\u00f3w ludu\u201d. &#8211; Najbardziej UB zn\u0119ca\u0142o si\u0119 nad moim ojcem Janem. &#8211; Sformu\u0142owano\u00a0 przeciwko niemu kilkana\u015bcie zarzut\u00f3w i poddano bardzo brutalnemu \u015bledztwu. Mia\u0142 on m.in. sprzeciwia\u0107 si\u0119 kolektywizacji, uprawia\u0107 szeptan\u0105 propagand\u0119 itp. M\u00f3j ojciec bez w\u0105tpienia by\u0142 patriot\u0105. Wspiera\u0142 polsk\u0105 konspiracj\u0119, w drugiej kompanii batalionu \u201dKorda\u201d pracowa\u0142 w kwatermistrzostwie, organizuj\u0105c dla niej \u017cywno\u015b\u0107 , co uwa\u017ca\u0142 za sw\u00f3j obowi\u0105zek. Mama z kolei, jako sanitariuszka opiekowa\u0142a si\u0119 uciekinierami z mordowanych polskich wsi, kt\u00f3rzy cz\u0119sto byli poranieni i pokaleczeni.<\/p>\r\n<table class=\"outset\" width=\"275\" height=\"397\" align=\"left\">\r\n<tbody>\r\n<tr>\r\n<td><img decoding=\"async\" src=\"http:\/\/static.kresy.pl\/image\/ma\/e4c0951524483e3b13cdedd76dbf65e5.jpg\" alt=\"\" \/><\/td>\r\n<\/tr>\r\n<tr>\r\n<td>\r\n<p class=\"podpis_sz\">PRL-owski plakat propagandowy dezawuuj\u0105cy Armi\u0119 Krajow\u0105<\/p>\r\n<\/td>\r\n<\/tr>\r\n<\/tbody>\r\n<\/table>\r\n<p>Za t\u0105 dzia\u0142alno\u015b\u0107 zosta\u0142a odznaczona Z\u0142otym Krzy\u017cem Zas\u0142ugi z Mieczami. Mamie UB jako\u015b darowa\u0142o, ale po aresztowaniu ojca, wyrzucono j\u0105 z m\u0142odszym rodze\u0144stwem z gospodarstwa, kt\u00f3re zosta\u0142o zarekwirowane na Skarb Pa\u0144stwa. Aresztowano te\u017c moich dw\u00f3ch starszych braci. Najstarszy walczy\u0142 jako ochotnik w 13 Pu\u0142ku Artylerii w R\u00f3wnem i w 1939 r. bra\u0142 udzia\u0142 w walkach z Niemcami, wykazuj\u0105c si\u0119 ogromnym bohaterstwem. Za kampani\u0119 wrze\u015bniow\u0105 otrzyma\u0142 Order Virtuti Militari i Krzy\u017c Walecznych. Uda\u0142o mu si\u0119 unikn\u0105\u0107 niewoli i tak jak ja walczy\u0142 p\u00f3\u017aniej w dywizji, za co odznaczony zosta\u0142\u00a0 \u201eZ\u0142otym Krzy\u017cem Zas\u0142ugi z Mieczami\u201d. UB zarzuci\u0142o mu, \u017ce pomaga\u0142 ojcu w \u201eszeptanej propagandzie\u201d w tworzeniu grup konspiracyjnych, d\u0105\u017c\u0105cych do obalenia ustroju i temu podobne bzdury.\u00a0 Nie mia\u0142o ono \u017cadnych podstaw, ale dla UB nie mia\u0142o to \u017cadnego znaczenia. Na si\u0142\u0119 szukali wrog\u00f3w ludu i musieli ich znale\u017a\u0107. UB aresztowa\u0142o te\u017c mojego drugiego brata, kt\u00f3ry w czasie II wojny \u015bwiatowej cudem unikn\u0105\u0142 \u015bmierci z r\u0105k Niemc\u00f3w. Zosta\u0142 wywieziony na roboty przymusowe do Niemiec.<\/p>\r\n<p><strong>Wyrok \u015bmierci na brata<\/strong><\/p>\r\n<p>&#8211; Pracowa\u0142 w wiosce Chamendorf u gospodarza Niemca. We wsi tej Polak\u00f3w, a tak\u017ce przedstawicieli innych narodowo\u015bci w niej pracuj\u0105cych traktowano bardzo \u017ale. Najzwyczajniej si\u0119 nad nimi zn\u0119cali, traktuj\u0105c gorzej ni\u017c byd\u0142o. Zdarza\u0142o si\u0119, \u017ce ich zabijali. We wsi powsta\u0142a polsko-francuska grupa konspiracyjna , kt\u00f3ra na najwi\u0119kszych zwyrodnialcach wykonywa\u0142a wyroki \u015bmierci. Funkcjonowa\u0142a ona rok a\u017c znalaz\u0142 si\u0119 jednak Polak zdrajca, kt\u00f3ry j\u0105 ca\u0142a zadenuncjowa\u0142. Wszyscy jej cz\u0142onkowie zostali aresztowani i po rocznym \u015bledztwie skazani na \u015bmier\u0107. Trzymano ich we Wroc\u0142awiu w wi\u0119zieniu. Jak Sowieci otoczyli miasto i zacz\u0119li szturm, to gestapowcy zacz\u0119li wyci\u0105ga\u0107 na dziedziniec tych siedz\u0105cych w celach w dolnych pi\u0119trach, a si\u0119ga\u0142y one trzy kondygnacje w d\u00f3\u0142. Nie zd\u0105\u017cyli doj\u015b\u0107 do najwy\u017cszej kondygnacji bez okien, w kt\u00f3rej siedzieli skazani na \u015bmier\u0107, w tym r\u00f3wnie\u017c i m\u00f3j brat. Jak gestapowcy sprowadzili na d\u00f3\u0142 przedostatnie pi\u0119tro, to bram\u0119 wi\u0119zienia wywali\u0142 sowiecki czo\u0142g. Sowieci natychmiast uwolnili wi\u0119\u017ani\u00f3w\u00a0 przygotowanych do egzekucji, rozbroili gestapowc\u00f3w i ich ustawili pod \u015bcian\u0105. Sprawdzili te\u017c poszczeg\u00f3lne pi\u0119tra, uwalniaj\u0105c reszt\u0119 wi\u0119\u017ani\u00f3w. Brat, kt\u00f3ry zna\u0142 rosyjski, wyja\u015bni\u0142 oficerowi, kim byli siedz\u0105cy w celach bez okien. Ten od razu zapyta\u0142 &#8211; a ty kto, Ruski? &#8211; brat zaprzeczy\u0142 m\u00f3wi\u0105c, \u017ce jest Polakiem z Wo\u0142ynia. Oficer wyci\u0105gn\u0105\u0142 karabin maszynowy ustawi\u0142 przed \u015bcian\u0105, pod kt\u00f3r\u0105 stali gestapowcy i powiedzia\u0142 bratu, \u017ce b\u0119dzie podawa\u0142 ta\u015bmy. Wystrzela\u0142 ich wszystkich do nogi. Brat wr\u00f3ci\u0142 po wojnie do domu rodzic\u00f3w pod Bydgoszcz\u0105, ale ju\u017c ze zniszczonym zdrowiem.<\/p>\r\n<p><strong>\u015amiertelny zastrzyk<\/strong><\/p>\r\n<p>&#8211; Roczne \u015bledztwo w Gestapo, a nast\u0119pnie pobyt w celi \u015bmierci zrobi\u0142o swoje. UB oskar\u017cy\u0142o go, \u017ce to on wykonywa\u0142 na murach napisy przeciw w\u0142adzy komunistycznej itp. By\u0142a to zwyk\u0142a bzdura, bo brat czym\u015b takim absolutnie si\u0119 nie zajmowa\u0142. Wszyscy trzej zostali w wi\u0119zieniu w Bydgoszczy zam\u0119czeni na \u015bmier\u0107 i zgin\u0119li bez wyroku. Jak p\u00f3\u017aniej ustali\u0142 prokurator, kt\u00f3ry robi\u0142 przegl\u0105d sprawy ojca, ubowscy oprawcy ci\u0105gn\u0119li go z pokoju przes\u0142ucha\u0144 do celi nieprzytomnego za nogi. Jego cela mie\u015bci\u0142a si\u0119 na wy\u017cszym pi\u0119trze, wi\u0119c ci\u0105gn\u0119li go po schodach, a jego g\u0142owa obija\u0142a si\u0119 o kolejne stopnie. Brat, kt\u00f3ry ocala\u0142 z niemieckiej katowni, te\u017c zmar\u0142 w wi\u0119zieniu po kilku miesi\u0105cach, najstarszemu bratu, kt\u00f3ry mia\u0142 najtwardsze zdrowie dano jaki\u015b zastrzyk i po dw\u00f3ch dniach te\u017c odszed\u0142 z tego \u015bwiata. UB aresztowa\u0142o te\u017c kuzyna, mojego drugiego wujka, ca\u0142kowicie Bogu ducha winnego cz\u0142owieka o nieskazitelnej przesz\u0142o\u015bci. Jego syn zgin\u0105\u0142 na Polesiu jako celowniczy karabinu maszynowego, pocisk z czo\u0142gu niemieckiego rozszarpa\u0142 go na kawa\u0142ki. Ja mia\u0142em szcz\u0119\u015bcie, bo nie mieszka\u0142em w Bydgoszczy tylko w Krakowie i UB nie mog\u0142o mnie znale\u017a\u0107. Nie znajdowa\u0142em si\u0119 na ich celowniku. Ono jednak stopniowo dobiera\u0142o si\u0119 do mojej rodziny. Prawie wszyscy kuzyni ze strony matki mieszkaj\u0105cy w okolicach Che\u0142ma zostali aresztowani i osadzeni w wi\u0119zieniu we W\u0142odawie. Los matki, kt\u00f3ra pozosta\u0142a na wolno\u015bci te\u017c nie by\u0142 wiele lepszy. Po wyrzuceniu z gospodarstwa mieszka\u0142a w przydzielonej norze, w kt\u00f3rej w czasie deszczu woda si\u0119 la\u0142a przez dziurawy dach na po\u015bciel.<\/p>\r\n<p><strong>W\u0119szenie UB<\/strong><\/p>\r\n<p>UB tak do ko\u0144ca to jednak W\u0142adys\u0142awa To\u0142ysza w spokoju nie zostawi\u0142o. &#8211; Pierwszy raz zosta\u0142em zatrzymany po kt\u00f3rym\u015b 11 listopada, kiedy na Rynku Krakowskim obchodzono \u015awi\u0119to Niepodleg\u0142o\u015bci &#8211; wspomina. &#8211; Po tym zdarzeniu by\u0142em wielokrotnie wzywany na przes\u0142uchania do takiego ponurego gmachu przy Placu Inwalid\u00f3w w Krakowie.\u00a0 Zadawano mi r\u00f3\u017cne dziwne pytania, pr\u00f3bowano zwerbowa\u0107 do wsp\u00f3\u0142pracy, gro\u017cono, \u017ce je\u017celi si\u0119 nie zgodz\u0119, to nie sko\u0144cz\u0119 studi\u00f3w. Po jednej z tych rozm\u00f3w uzna\u0142em, \u017ce nie ma co czeka\u0107 na nast\u0119pne wezwanie i dop\u00f3ki sytuacja si\u0119 nie uspokoi, trzeba znika\u0107 z Krakowa. Pojecha\u0142em do Warszawy do kolegi, kt\u00f3ry studiowa\u0142 w Szkole G\u0142\u00f3wnej Gospodarstwa Wiejskiego, a p\u00f3\u017aniej zosta\u0142 profesorem. Wraz z jego dziadkiem, kt\u00f3ry wcze\u015bniej mia\u0142 maj\u0105tek na Polesiu mieszka\u0142em na Kazimierzowskiej. Warunki by\u0142y ci\u0119\u017ckie, we trzech spali\u015bmy na jednym tapczanie. Przesiedzia\u0142em tam jaki\u015b czas i wr\u00f3ci\u0142em do Krakowa. UB ju\u017c si\u0119 mnie nie czepia\u0142o i szcz\u0119\u015bliwie uda\u0142o mi si\u0119 zrobi\u0107 magisterium. Po uko\u0144czeniu studi\u00f3w postanowi\u0142em na wszelki wypadek przenie\u015b\u0107 si\u0119 z Krakowa do Warszawy, \u017ceby zatrze\u0107 za sob\u0105 \u015blady. Zacz\u0105\u0142em prac\u0119 w Ministerstwie \u0179eglugi. Jeden z moich koleg\u00f3w, kt\u00f3ry by\u0142 w wojsku oficerem zawodowym od razu poradzi\u0142 mi &#8211; ty To\u0142ysz, musisz zrewidowa\u0107 swoje pogl\u0105dy, a ju\u017c na pewno mniej gada\u0107. Jak nie b\u0119dziesz ostro\u017cnym, to ani si\u0119 obejrzysz, jak ci\u0119 spasuj\u0105 na rycerza i bez biletu wywioz\u0105 na Wsch\u00f3d. -Ministerstwu podlega\u0142o przedsi\u0119biorstwo \u017ceglugi, kt\u00f3re wysy\u0142a\u0142o swoich przedstawicieli do Chin, kt\u00f3rzy zajmowali si\u0119 m.in. obs\u0142ug\u0105 polskich statk\u00f3w, dzia\u0142aj\u0105cych w tamtym regionie. Ja te\u017c by\u0142em brany pod uwag\u0119 w\u015br\u00f3d kandydat\u00f3w do wyjazdu do Chin. W zasadzie ju\u017c decyzja, \u017ce jad\u0119, zapad\u0142a.<\/p>\r\n<p><strong>Donosy \u017cyczliwych<\/strong><\/p>\r\n<p>&#8211; Znalaz\u0142 si\u0119 jednak jaki\u015b \u017cyczliwy, kt\u00f3ry doni\u00f3s\u0142, \u017ce by\u0142em w AK. To wystarczy\u0142o, \u017ce prze\u0142o\u017ceni uznali, \u017ce musz\u0105 to sprawdzi\u0107, zastanowi\u0107 si\u0119, czy kwalifikuj\u0119 si\u0119 do takiego odpowiedzialnego wyjazdu. Ostatecznie do Chin nie pojecha\u0142em. Postanowi\u0142em si\u0119 wi\u0119c zwolni\u0107. Gdy z\u0142o\u017cy\u0142em wym\u00f3wienie, wezwa\u0142 mnie dyrektor departamentu ekonomicznego. Funkcj\u0119 t\u0119 pe\u0142ni\u0142 \u017byd z \u0141ucka, niskiego wzrostu, maj\u0105cy jak si\u0119 m\u00f3wi metr pi\u0119\u0107 w kapeluszu. W ministerstwie go szanowali i bali si\u0119 jednocze\u015bnie, bo by\u0142 cz\u0142onkiem Centralnej Komisji Kontroli Partyjnej KC PZPR i wiele m\u00f3g\u0142. Mia\u0142em z nim dobre kontakty, bo wobec mnie zachowywa\u0142 si\u0119 porz\u0105dnie, podobnie jak jego zast\u0119pca r\u00f3wnie\u017c pochodz\u0105cy z narodu wybranego. Zapyta\u0142 mnie &#8211; dlaczego chc\u0119 si\u0119 zwolni\u0107? Odpowiedzia\u0142em mu, \u017ce nie chc\u0119 na korytarzu spotyka\u0107 ludzi, kt\u00f3rzy mi \u017ale \u017cycz\u0105 i kt\u00f3rzy najch\u0119tniej utopiliby mnie w \u0142y\u017cce wody. Nadmieni\u0142em, \u017ce nie dotyczy to jego i zast\u0119pcy, z kt\u00f3rymi mi si\u0119 dobrze wsp\u00f3\u0142pracowa\u0142o. Po odej\u015bciu z Ministerstwa \u0179eglugi zatrudni\u0142em si\u0119 w Ministerstwie \u0141\u0105czno\u015bci w Departamencie Ekonomicznym. Tam te\u017c trafi\u0142em na dyrektora z narodu wybranego, ale wspania\u0142ego cz\u0142owieka, dobrego fachowca, kt\u00f3ry przed wojn\u0105 studiowa\u0142 z J\u00f3zefem Cyrankiewiczem. On tak\u017ce zacz\u0105\u0142 nasz\u0105 rozmow\u0119 od pytania, dlaczego odszed\u0142em z Ministerstwa \u0179eglugi. Odpowiedzia\u0142em mu pytaniem &#8211; a czy pan chcia\u0142by pracowa\u0107 z cz\u0142owiekiem, kt\u00f3ry codziennie ok\u0142ada\u0142by pana \u0142opat\u0105?\u00a0 Tamten pokiwa\u0142 g\u0142ow\u0105 i zgodzi\u0142 si\u0119, \u017ce te\u017c nie chcia\u0142by pracowa\u0107 z kim\u015b kto sk\u0142ada\u0142by na niego donosy. Przyj\u0105\u0142 mnie do pracy, ale smr\u00f3d z poprzedniego miejsca pracy ci\u0105gn\u0105\u0142 si\u0119 za mn\u0105 jeszcze d\u0142ugo. Zosta\u0142em zatrzymany przez milicj\u0119 i przes\u0142uchiwany w komisariacie pod zarzutem niegospodarno\u015bci w Ministerstwie \u0179eglugi.<\/p>\r\n<p><strong>Zagranie va banque<\/strong><\/p>\r\n<p>&#8211; Zarzucono mi, \u017ce przyczyni\u0142em si\u0119 do skierowania du\u017cych jednostek rybackich na remont do stoczni w Finlandii, co wi\u0105za\u0142o si\u0119 oczywi\u015bcie z wydaniem du\u017cych ilo\u015bci dewiz, zamiast naprawi\u0107 statki w kraju. Przes\u0142uchiwano mnie wiele, wiele godzin do p\u00f3\u017anego wieczora. Ju\u017c pogodzi\u0142em si\u0119 z my\u015bl\u0105, \u017ce nie wr\u00f3c\u0119 na noc do domu, ale postanowi\u0142em zagra\u0107 va bank. Powiedzia\u0142em kapitanowi, kt\u00f3ry mnie przes\u0142uchiwa\u0142, \u017ce mu wsp\u00f3\u0142czuj\u0119. Ten zdziwi\u0142 si\u0119 i zapyta\u0142 &#8211; w jakim sensie? &#8211; Powiedzia\u0142em, \u017ce nawet je\u017celi mnie aresztuje, to mnie i tak za tydzie\u0144 zwolni\u0105, a jego wsadz\u0105. Ten zdumia\u0142 si\u0119, a ja mu t\u0142umacz\u0119, \u017ce owszem wys\u0142ali\u015bmy nasze statki rybackie do Finlandii, ale nie z powodu niegospodarno\u015bci tylko dlatego, \u017ce w polskich stoczniach by\u0142y w tym czasie remontowane \u0142odzie podwodne. Zapyta\u0142em go, czy wed\u0142ug niego mieli\u015bmy wys\u0142a\u0107 te \u0142odzie do Finlandii. Oficer chwil\u0119 pomy\u015bla\u0142 i kaza\u0142 da\u0107 do podpisania przepustk\u0119. Za tydzie\u0144 aresztowani zostali czo\u0142owi funkcjonariusze Urz\u0119du Bezpiecze\u0144stwa, kt\u00f3rych oskar\u017cono o nadu\u017cycie w\u0142adzy. W Ministerstwie \u0141\u0105czno\u015bci pracowa\u0142o mi si\u0119 bardzo dobrze. Po pewnym czasie wiceminister przesun\u0105\u0142 mnie do Zjednoczenia Stacji Radiowych i Telewizyjnych, gdzie zosta\u0142em mianowany naczelnikiem wydzia\u0142u.<\/p>\r\n<p><strong>K\u0142opoty z parti\u0105 <\/strong><\/p>\r\n<p>&#8211; To spowodowa\u0142o znowu problemy z moj\u0105 osob\u0105. Nie nale\u017ca\u0142em do partii, a w KC uznano, \u017ce bezpartyjny nie mo\u017ce zajmowa\u0107 tak wa\u017cnego stanowiska. Mojego prze\u0142o\u017conego czterokrotnie wzywano do KC i urabiano proponuj\u0105c nast\u0119puj\u0105ce rozwi\u0105zanie. Ja mia\u0142em zosta\u0107 zast\u0119pc\u0105 naczelnika i m\u00f3j zast\u0119pca, partyjny, ale kompletny idiota, zaj\u0105\u0107 moje miejsce. Prze\u0142o\u017cony t\u0142umaczy\u0142, \u017ce takie rozwi\u0105zanie nie wchodzi w gr\u0119, bo ja go nie zaakceptuj\u0119. Nie zgodz\u0119 si\u0119 bowiem na odwalanie za kogo\u015b roboty i si\u0119 zwolni\u0119, a on nie chce traci\u0107 dobrego pracownika. Do tego problemu doszed\u0142 wkr\u00f3tce nast\u0119pny. Ministerstwo \u0141\u0105czno\u015bci nie by\u0142o bowiem zwyk\u0142ym resortem. Opracowywano w nim tak\u017ce plany \u0142\u0105czno\u015bci na wypadek wojny. Istnia\u0142 departament wojskowy \u015bci\u015ble tajny. Ka\u017cdy naczelnik musia\u0142 mie\u0107 zgod\u0119 Ministerstwa Obrony Narodowej i Ministerstwa Spraw Wewn\u0119trznych na dost\u0119p do tajnych informacji, zastrze\u017conych do bardzo w\u0105skiego kr\u0119gu os\u00f3b. Spodziewa\u0142em si\u0119, \u017ce z tym b\u0119d\u0105 powa\u017cne k\u0142opoty. Rzeczywisto\u015b\u0107 okaza\u0142a si\u0119 nie taka straszna. Wszechw\u0142adza Urz\u0119du Bezpiecze\u0144stwa Publicznego przechodzi\u0142a do historii.<\/p>\r\n<p><em><strong>Marek A. Koprowski <\/strong><\/em><\/p>","protected":false},"excerpt":{"rendered":"Ty To\u0142ysz, musisz zrewidowa\u0107 swoje pogl\u0105dy, a ju\u017c na pewno mniej gada\u0107. Jak nie b\u0119dziesz ostro\u017cnym, to ani si\u0119 obejrzysz, jak ci\u0119 spasuj\u0105 na rycerza i bez biletu wywioz\u0105 na Wsch\u00f3d. W\u0142adys\u0142awowi To\u0142yszowi uda\u0142o si\u0119 jednak unikn\u0105\u0107 powo\u0142ania do s\u0142u\u017cby wojskowej w Ludowym Wojsku Polskim pomimo, \u017ce na studia na Uniwersytecie Jagiello\u0144skim\u00a0 nie zosta\u0142 oczywi\u015bcie [&hellip;]","protected":false},"author":1,"featured_media":0,"comment_status":"closed","ping_status":"closed","sticky":false,"template":"","format":"standard","meta":{"_acf_changed":false,"_monsterinsights_skip_tracking":false,"_monsterinsights_sitenote_active":false,"_monsterinsights_sitenote_note":"","_monsterinsights_sitenote_category":0,"ngg_post_thumbnail":0,"footnotes":"","_wp_rev_ctl_limit":""},"categories":[9],"tags":[66,81],"acf":[],"_links":{"self":[{"href":"https:\/\/www.bibula.com\/index.php?rest_route=\/wp\/v2\/posts\/39922"}],"collection":[{"href":"https:\/\/www.bibula.com\/index.php?rest_route=\/wp\/v2\/posts"}],"about":[{"href":"https:\/\/www.bibula.com\/index.php?rest_route=\/wp\/v2\/types\/post"}],"author":[{"embeddable":true,"href":"https:\/\/www.bibula.com\/index.php?rest_route=\/wp\/v2\/users\/1"}],"replies":[{"embeddable":true,"href":"https:\/\/www.bibula.com\/index.php?rest_route=%2Fwp%2Fv2%2Fcomments&post=39922"}],"version-history":[{"count":0,"href":"https:\/\/www.bibula.com\/index.php?rest_route=\/wp\/v2\/posts\/39922\/revisions"}],"wp:attachment":[{"href":"https:\/\/www.bibula.com\/index.php?rest_route=%2Fwp%2Fv2%2Fmedia&parent=39922"}],"wp:term":[{"taxonomy":"category","embeddable":true,"href":"https:\/\/www.bibula.com\/index.php?rest_route=%2Fwp%2Fv2%2Fcategories&post=39922"},{"taxonomy":"post_tag","embeddable":true,"href":"https:\/\/www.bibula.com\/index.php?rest_route=%2Fwp%2Fv2%2Ftags&post=39922"}],"curies":[{"name":"wp","href":"https:\/\/api.w.org\/{rel}","templated":true}]}}