{"id":39740,"date":"2011-06-23T21:14:57","date_gmt":"2011-06-24T02:14:57","guid":{"rendered":"http:\/\/www.bibula.com\/?p=39740"},"modified":"2020-09-21T17:00:35","modified_gmt":"2020-09-21T21:00:35","slug":"zaszczuc-ksiedza","status":"publish","type":"post","link":"https:\/\/www.bibula.com\/?p=39740","title":{"rendered":"Zaszczu\u0107 ksi\u0119dza"},"content":{"rendered":"<p><strong><em>Agresywna manifestacja wrogo\u015bci polityk\u00f3w obozu rz\u0105dz\u0105cego wobec w\u0142asnych obywateli, polskich redemptoryst\u00f3w.<\/em><\/strong><\/p>\r\n<p><strong>Prymitywna, prowokacyjna i radykalnie obra\u017aliwa demonstracja wrogo\u015bci wobec stanu kap\u0142a\u0144skiego w wykonaniu polityk\u00f3w Platformy Obywatelskiej i Polska Jest Najwa\u017cniejsza. Micha\u0142 Kami\u0144ski, eurodeputowany EKR, zwi\u0105zany obecnie z PJN, w rozes\u0142anym do wszystkich polskich pos\u0142\u00f3w w Parlamencie Europejskim e-mailu odgra\u017ca si\u0119, \u017ce spo\u0142ecznymi inicjatywami o. Tadeusza Rydzyka zajm\u0105 si\u0119 &#8222;s\u0142u\u017cby&#8221;. W podobny ton uderzy\u0142 minister spraw zagranicznych Rados\u0142aw Sikorski, zapowiadaj\u0105c w imieniu &#8222;pa\u0144stwa polskiego&#8221; akcj\u0119 odwetow\u0105 na dyrektorze Radia Maryja.<\/strong><br \/>\r\n<br \/>\r\nPolitycy Europejskiej Partii Ludowej, frakcji zrzeszaj\u0105cej m.in. dzia\u0142aczy Platformy Obywatelskiej i Polskiego Stronnictwa Ludowego, pr\u00f3buj\u0105 wygenerowa\u0107 sztuczn\u0105 afer\u0119 w zwi\u0105zku z kr\u00f3tk\u0105 wizyt\u0105 o. Tadeusza Rydzyka, dyrektora Radia Maryja, w brukselskiej siedzibie Parlamentu Europejskiego. Z o\u015bwiadczeniem protestuj\u0105cym przeciwko wypowiedziom i samej obecno\u015bci za\u0142o\u017cyciela Radia Maryja w Brukseli wyst\u0105pili skupieni w EKR pos\u0142owie PO i PSL. Ale nie tylko. Przy\u0142\u0105czy\u0142 si\u0119 do nich jeden z wiceprzewodnicz\u0105cych frakcji Europejskich Konserwatyst\u00f3w i Reformator\u00f3w (EKR), do kt\u00f3rej nale\u017c\u0105 r\u00f3wnie\u017c europos\u0142owie PiS, Brytyjczyk Timothy Kirkhope. &#8211; Parlament Europejski nie mo\u017ce by\u0107 miejscem, \u017ceby promowa\u0107 interesy ludzi o pogl\u0105dach ksenofobicznych i homofobicznych, jakie g\u0142osi ojciec Rydzyk &#8211; stwierdzi\u0142, przyznaj\u0105c jednak, \u017ce nie zna ani samego zakonnika, ani nigdy nie s\u0142ysza\u0142 wypowiadanych przez niego s\u0142\u00f3w i nie uczestniczy\u0142 we wtorkowym sympozjum. Do tego rodzaju star\u0107 s\u0142ownych wewn\u0105trz tej grupy politycznej dochodzi do\u015b\u0107 cz\u0119sto, gdy\u017c niewolniczo przywi\u0105zani do poprawno\u015bci politycznej brytyjscy konserwaty\u015bci zaskakuj\u0105 swoich koleg\u00f3w skrajnie permisywnym stanowiskiem g\u0142\u00f3wnie w sprawach obyczajowych.<\/p>\r\n<p>Jednak najbardziej radykaln\u0105 i obra\u017aliw\u0105 form\u0105 manifestacji niezadowolenia pos\u0142u\u017cy\u0142 si\u0119 inny eurodeputowany EKR, zwi\u0105zany obecnie z PJN Micha\u0142 Kami\u0144ski. W e-mailu przes\u0142anym wszystkim polskim cz\u0142onkom PE nazwa\u0142 on o. Tadeusza Rydzyka mianem &#8222;biznesmena z Torunia&#8221;, kt\u00f3ry ma by\u0107 &#8222;znany z ksenofobicznych postaw&#8221;, a kt\u00f3ry konferencj\u0119 o energii odnawialnej wykorzysta\u0142 rzekomo do &#8222;promocji jednego ze swych interes\u00f3w&#8221;.<\/p>\r\n<p>Okazj\u0105 do wyra\u017cenia przytoczonych wy\u017cej, prymitywnych sformu\u0142owa\u0144 by\u0142a sama w sobie niezrozumia\u0142a i kontrowersyjna inicjatywa europos\u0142\u00f3w Marka Migalskiego (tak\u017ce PJN) i Paw\u0142a Zalewskiego (PO), aby ca\u0142a polska delegacja do PE wsp\u00f3lnie wystosowa\u0142a w internecie apel &#8222;o niewykorzystywanie w kampanii wyborczej do Sejmu i Senatu RP argument\u00f3w nacjonalistycznych i ksenofobicznych zwr\u00f3conych przeciw jakimkolwiek grupom narodowym czy regionalnym&#8221;. Wzmianka o grupach regionalnych jest prawdopodobnie aluzj\u0105 do sympatii, jak\u0105 deputowany Migalski darzy ruch \u015bl\u0105skich separatyst\u00f3w. Nietrudno by\u0142o si\u0119 spodziewa\u0107, \u017ce pomys\u0142 apelu nie spotka si\u0119 z jednomy\u015blnym entuzjazmem. Jednak reakcja Micha\u0142a Kami\u0144skiego jest tylko z pozoru odmowna.<\/p>\r\n<p>W istocie list jest ironiczno-szydercz\u0105, agresywn\u0105 manifestacj\u0105 niech\u0119ci do o. Tadeusza Rydzyka oraz do Prawa i Sprawiedliwo\u015bci. Wed\u0142ug Kami\u0144skiego, to ta partia jest najbardziej ksenofobiczn\u0105 si\u0142\u0105 polityczn\u0105 w Polsce. W bardzo niedbale zredagowanej notatce znajdujemy tej ksenofobii rzekome dowody. Jednym z nich ma by\u0107 czyja\u015b wypowied\u017a, \u017ce mianowicie &#8222;Prezydent Kaczy\u0144ski zgin\u0105\u0142 w Smole\u0144sku ukarany przez boga [sic!] za podpisanie Traktatu Lizbo\u0144skiego&#8221;. Trudno sobie wyobrazi\u0107, \u017ceby to stwierdzenie pad\u0142o z ust akurat polityka ugrupowania Jaros\u0142awa Kaczy\u0144skiego. Kami\u0144ski podnosi zarzut promocji na sympozjum inwestycji w geotermi\u0119 Fundacji Lux Veritatis. Prezentacja osi\u0105gni\u0119\u0107 i plan\u00f3w toru\u0144skiej geotermii jest oczywi\u015bcie form\u0105 promocji tego sposobu pozyskiwania energii odnawialnej, co jest jednak pod ka\u017cdym wzgl\u0119dem zgodne z polityk\u0105 i priorytetami Unii Europejskiej i nie spos\u00f3b dopatrzy\u0107 si\u0119 w tym zabiegania o jakie\u015b partykularne korzy\u015bci.<\/p>\r\n<p>Tymczasem Micha\u0142 Kami\u0144ski sugeruje wr\u0119cz konieczno\u015b\u0107 zbadania przebiegu wydarzenia przez unijne s\u0142u\u017cby antykorupcyjne. &#8211; Tu odbywaj\u0105 si\u0119 setki spotka\u0144 o stricte lobbingowym charakterze, tysi\u0105ce ludzi jest w Brukseli zarejestrowanych jako oficjalni lobby\u015bci. Ale ta konferencja mia\u0142a charakter wyra\u017anie informacyjno-naukowy. Ja si\u0119 o wielu rzeczach na niej dowiedzia\u0142em, za co jestem wdzi\u0119czny naszym go\u015bciom. O \u017cadnym lobbingu mowy by\u0107 nie mog\u0142o, bo nie by\u0142o za czym lobbowa\u0107 &#8211; t\u0142umaczy eurodeputowany Ryszard Czarnecki, kt\u00f3ry uczestniczy\u0142 w konferencji. Rzeczywi\u015bcie \u017cadne cia\u0142o PE nie przygotowuje obecnie decyzji w sprawie, kt\u00f3ra mog\u0142aby interesowa\u0107 producent\u00f3w energii odnawialnej, za\u015b og\u00f3lna strategiczna decyzja o wsparciu tych technologii zosta\u0142a ju\u017c dawno podj\u0119ta i nie budzi najmniejszej kontrowersji.<br \/>\r\nNa wtorkowej konferencji w Brukseli o. Tadeusz Rydzyk zabra\u0142 g\u0142os pod sam koniec i wypowiada\u0142 si\u0119 kilka minut, przede wszystkim dzi\u0119kuj\u0105c organizatorom i uczestnikom spotkania za podj\u0119cie tematu i ciekawe wyst\u0105pienia.<\/p>\r\n<p>Nawi\u0105za\u0142 przy tym do decyzji urz\u0119dnik\u00f3w rz\u0105du Donalda Tuska z grudnia 2007 roku o wstrzymaniu przyznanej ju\u017c dotacji ze \u015brodk\u00f3w unijnych na poszukiwania z\u0142\u00f3\u017c geotermalnych. Dyrektor Radia Maryja skrytykowa\u0142 \u00f3wczesn\u0105 komisarz ds. polityki regionalnej Danut\u0119 H\u017abner, kt\u00f3ra popar\u0142a stronnicz\u0105 polityk\u0119 Ministerstwa \u015arodowiska. Na dow\u00f3d tego zdarzenia uczestnikom rozdano kopi\u0119 notatki z narady w resorcie, podczas kt\u00f3rej wiceminister Stanis\u0142aw Gaw\u0142owski nakaza\u0142 znalezienie sposobu wycofania si\u0119 z finansowania projektu. Ta notatka z 2007 roku, opublikowana przez &#8222;Nasz Dziennik&#8221; w 2008 roku, wzbudzi\u0142a du\u017ce zainteresowanie, zosta\u0142a zacytowana w depeszy PAP i odnotowana w wielu mediach.<\/p>\r\n<p>By\u0107 mo\u017ce to w\u0142a\u015bnie rozsierdzi\u0142o eurodeputowanego Kami\u0144skiego, kt\u00f3ry w wyniku widocznego fiaska PJN szuka dla siebie miejsca najpewniej w obozie obecnie rz\u0105dz\u0105cym. Autor listu w 2004 roku, podczas debaty na temat antysemickich i antypolskich eksces\u00f3w wywo\u0142ywanych przez nacjonalistyczne ugrupowania na Ukrainie, stwierdzi\u0142, \u017ce w Polsce mamy do czynienia z antysemityzmem takim samym jak na Ukrainie. Szkalowanie w\u0142asnego pa\u0144stwa za granic\u0105 przynosi najwyra\u017aniej jakie\u015b polityczne profity, bo europose\u0142 wraca do niego, atakuj\u0105c bez \u017cadnego powodu zas\u0142u\u017conego redemptoryst\u0119, za\u0142o\u017cyciela Radia Maryja, Telewizji Trwam, inicjatora niezliczonych przedsi\u0119wzi\u0119\u0107 religijnych i spo\u0142ecznych.<\/p>\r\n<p>Sam o. Tadeusz Rydzyk niech\u0119tnie komentuje incydent. &#8211; Ka\u017cdy wydaje o sobie \u015bwiadectwo. Nie chc\u0119 tego komentowa\u0107. Ale Polak nie powinien wyst\u0119powa\u0107 przeciw Polakowi na arenie mi\u0119dzynarodowej, odbiera\u0107 mu dobre imi\u0119. Tak prawdziwy polityk nie post\u0119puje. To jest smutne i po prostu szkodzi Polsce &#8211; m\u00f3wi &#8222;Naszemu Dziennikowi&#8221; dyrektor Radia Maryja. Jak zauwa\u017ca, sukces mo\u017ce przynie\u015b\u0107 tylko dzia\u0142anie pozytywne, a nie oszczerstwa. &#8211; Wiem, \u017ce trzeba jeszcze wi\u0119cej pracowa\u0107 i \u017ce jest to te\u017c pole do ewangelizacji &#8211; dodaje.<\/p>\r\n<p>Zdecydowanie wyst\u0105pienie Kami\u0144skiego pot\u0119piaj\u0105 eurodeputowani PiS. &#8211; To szale\u0144stwo i przekroczenie regu\u0142. W Polsce jest dobry obyczaj wyra\u017cania si\u0119 z szacunkiem o osobach duchownych. A po drugie, \u017ce naszych spor\u00f3w wewn\u0119trznych na zewn\u0105trz si\u0119 nie wynosi. Obie te zasady Micha\u0142 Kami\u0144ski z\u0142ama\u0142. Zosta\u0142 wybrany z listy PiS i powinien przynajmniej uszanowa\u0107 swoich wyborc\u00f3w, dla kt\u00f3rych wiara i Ojczyzna s\u0105 warto\u015bciami kluczowymi i nierozerwalnymi &#8211; m\u00f3wi nam Ryszard Czarnecki, kt\u00f3ry odbiera tak\u017ce wyst\u0105pienie swojego by\u0142ego kolegi partyjnego jako cenzur\u0119 i ingerencj\u0119 w swobod\u0119 wykonywania mandatu. &#8211; B\u0119dziemy zaprasza\u0107 tego, kogo chcemy, w tym osoby duchowne. To z mojej inicjatywy w grudniu 2004 roku po raz pierwszy w PE zosta\u0142a odprawiona katolicka Msza \u015awi\u0119ta. Obecno\u015b\u0107 ksi\u0119\u017cy w Parlamencie jest dla mnie czym\u015b naturalnym, a szczeg\u00f3lnie tych kap\u0142an\u00f3w, kt\u00f3rzy zabieraj\u0105 g\u0142os w sprawach publicznych, kt\u00f3rych symbolem jest ks. Piotr Skarga &#8211; dodaje eurodeputowany.<\/p>\r\n<p>Kolejne dzia\u0142ania przeciwko ojcu Tadeuszowi Rydzykowi i polskim redemptorystom wprost zapowiedzia\u0142 minister spraw zagranicznych Rados\u0142aw Sikorski. W blogu prowadzonym w serwisie internetowym Twitter wpisa\u0142 wczoraj: &#8222;Ko\u015bci\u00f3\u0142 ma zas\u0142ugi dla Polski, ale Ojciec Dyrektor przekracza granice. Zakony podlegaj\u0105 bezpo\u015brednio Rzymowi. Pa\u0144stwo polskie zareaguje&#8221;. Nie wyja\u015bni\u0142, jakie w\u0142a\u015bciwie granice mia\u0142y zosta\u0107 przekroczone, skoro planuje a\u017c interwencj\u0119 dyplomatyczn\u0105 w Stolicy Apostolskiej, jednak po latach atak\u00f3w i wszelakiej dyskryminacji nawet taka determinacja w szkodzeniu w\u0142asnym obywatelom ju\u017c zaskakuje. W wypowiedzi dla PAP sam o. Tadeusz Rydzyk poda\u0142 przyk\u0142ad Niemiec, kt\u00f3re promuj\u0105 w\u0142asny sektor energetyczny. &#8211; Jestem zachwycony tym, co robi\u0105 w\u0142a\u015bnie w polityce ochrony \u015brodowiska, odnawialnych \u017ar\u00f3de\u0142. To jest niesamowita sprawa, z kt\u00f3rej nale\u017cy wzi\u0105\u0107 przyk\u0142ad &#8211; stwierdzi\u0142. Jak powszechnie wiadomo, Niemcy bardzo aktywnie wykorzystuj\u0105 \u015brodki dyplomatyczne do ochrony bezpiecze\u0144stwa energetycznego i wsparcia w\u0142asnych firm z tej bran\u017cy. Tak\u017ce na forum unijnym w zamian za ust\u0119pstwa w innych dziedzinach przeforsowali na pocz\u0105tku 2010 roku kandydatur\u0119 G\u017anthera Oettingera na komisarza ds. energii.<br \/>\r\n<br \/>\r\n<em><strong>Piotr Falkowski<\/strong><\/em><br \/>\r\n<br \/>\r\n<br \/>\r\n<\/p>\r\n<hr \/>\r\n<p style=\"padding-left: 30px;\">Z cala pewnoscia wspaniala inicjatywa! Niestety niektore twierdzenia zawarte w Twoim pismie uniemozliwiaja mi jego podpisanie. Byles laskaw stwierdzic ze ugrupowania odwolujace sie do ksenofobii nie maja dzis szans na wejscie do polskiego Sejmu. NIestety nie jest to prawda. Chocby dzis ,na zaproszenie europoslow PiS przebywal w PE znany ze swych ksenofobicznych postaw torunski biznesmen Tadeusz Rydzyk. Jego akolici dosc powszechnie obecni na listach PiS maja ogromne szanse na dostanie sie do nastepnego Sejmu. Znani sa oni ze stwierdzen ze wybor Obamy to koniec cywilizacji bialego czlowieka, ze sp Prezydent Kaczynski zginal w Smolensku ukarany przez boga za podpisanie Traktatu Lizbonskiego itd itd. Pomijajac juz fakt ze poslowie frakcji ECR mam nadzieje ze nie za pieniadze naszej frakcji umozliwili biznesmenowi z Torunia promocje jednego ze swoich interesow, co mam nadzieje bedzie przedmiotem zainteresowania sluzb badajacych kontakty poslow z biznesem, nie sposob nie zauwazyc ze bznesmen z Torunia kreuje wizje spoleczenstwa jakze odleglego od pieknie odmalowanych przez Ciebie idealow tolerancyjnej Polski.<br \/>\r\nZ najlepszymi zyczeniami,<br \/>\r\nMichal<br \/>\r\n<br \/>\r\n<\/p>\r\n<hr \/>\r\n<p>Tre\u015b\u0107 listu rozes\u0142anego przez Micha\u0142a Kami\u0144skiego. Pisownia oryginalna.<\/p>\r\n<p class=\"zrodlo\">Za: <a href=\"http:\/\/www.naszdziennik.pl\/index.php?dat=20110624&amp;typ=po&amp;id=po01.txt\">Nasz Dziennik, Pi\u0105tek, 24 czerwca 2011, Nr 145 (4076)<\/a><\/p>\r\n<h4>\u00a0<\/h4>\r\n<hr style=\"background-color: #000000; border-width: 0; color: #000000; height: 2px; line-height: 0; text-align: center; width: 100%;\" \/>\r\n<h4>\u00a0<\/h4>\r\n<h2>Syndrom Palikota<\/h2>\r\n<p><em><strong>Z prof. Jackiem Bartyzelem, specjalizuj\u0105cym si\u0119 w zagadnieniach filozofii politycznej, historii idei i teatrologii, rozmawia Piotr Falkowski<\/strong><\/em><br \/>\r\n<br \/>\r\n<strong>Co Pan Profesor s\u0105dzi o li\u015bcie europos\u0142a Kami\u0144skiego?<\/strong><br \/>\r\n&#8211; A\u017c mi si\u0119 nie chce wierzy\u0107. Przeczyta\u0142 mi pan list Micha\u0142a Kami\u0144skiego?<br \/>\r\n<br \/>\r\n<strong>Tak, na pewno jego.<\/strong><br \/>\r\n&#8211; Ten list jest daleko posuni\u0119tym aktem wrogo\u015bci. Je\u017celi polityk, kt\u00f3ry wcze\u015bniej podkre\u015bla\u0142 swoje zwi\u0105zki z Ko\u015bcio\u0142em czy w og\u00f3le swoj\u0105 religijno\u015b\u0107, wyra\u017ca si\u0119 o jakimkolwiek kap\u0142anie katolickim per &#8222;biznesmen&#8221;, to daje dow\u00f3d swojej arogancji i prymitywnego antyklerykalizmu. Po drugie, gdyby nawet wzi\u0105\u0107 te s\u0142owa na serio, to dlaczego w podr\u0119cznikach historii wychwala si\u0119 ksi\u0119\u017cy, kt\u00f3rzy byli aktywni na polu spo\u0142eczno-gospodarczym. Ksi\u0105dz Stanis\u0142aw Staszic, tw\u00f3rca przemys\u0142owej Fundacji Hrubieszowskiej, czy ks. Wac\u0142aw Blizi\u0144ski &#8211; dzia\u0142acz gospodarczy, organizuj\u0105cy Polak\u00f3w w warunkach zaboru pruskiego, pionier ruchu sp\u00f3\u0142dzielczego. By\u0142o takich wi\u0119cej i s\u0105 uwa\u017cani za bardzo zas\u0142u\u017cone osoby, w\u0142a\u015bnie dlatego, \u017ce nie poprzestawali na tym, do czego zostali powo\u0142ani z natury funkcji kap\u0142a\u0144skiej, ale byli te\u017c promotorami samoorganizacji spo\u0142ecze\u0144stwa czy rozwoju gospodarczego. Wi\u0119c dlaczego dzisiaj mia\u0142oby to by\u0107 okoliczno\u015bci\u0105 obci\u0105\u017caj\u0105c\u0105?<br \/>\r\n<br \/>\r\n<strong>Dlaczego politycy, i to wywodz\u0105cy si\u0119 z prawicy, si\u0119gaj\u0105 po antyklerykalizm?<\/strong><br \/>\r\n&#8211; Najbardziej charakterystycznym przejawem antyko\u015bcielno\u015bci (bo nawet nie antyklerykalizmu) jest przyjmowanie takiego stanowiska, \u017ce Ko\u015bci\u00f3\u0142 zajmuje si\u0119 nie tym, czym powinien, albo tym, czym powinien, zajmuje si\u0119 \u017ale. Wyst\u0119powanie w roli \u017cyczliwych, ale wiedz\u0105cych lepiej, co potrzeba Ko\u015bcio\u0142owi. To bardzo wygodna pozycja i nie dziwi\u0119 si\u0119, \u017ce atakuj\u0105 Ko\u015bci\u00f3\u0142 w ten spos\u00f3b ludzie od niego odlegli albo wr\u0119cz mu wrodzy. Natomiast, gdy tego j\u0119zyka zaczyna u\u017cywa\u0107 polityk, kt\u00f3ry wielokrotnie podkre\u015bla\u0142, \u017ce identyfikuje si\u0119 z Ko\u015bcio\u0142em i religi\u0105 katolick\u0105, to jest to g\u0142\u0119boko zasmucaj\u0105ce. R\u00f3\u017cni ludzie, w r\u00f3\u017cne strony uciekaj\u0105 i oczywi\u015bcie my\u015bl\u0105, jak znale\u017a\u0107 si\u0119 na jakiejkolwiek li\u015bcie. Potwierdzi\u0142o si\u0119 to, co m\u00f3wi\u0142em kilka miesi\u0119cy temu, tak\u017ce w wywiadzie dla &#8222;Naszego Dziennika&#8221;, \u017ce PJN to tylko przedsi\u0119wzi\u0119cie ratunkowe dla pewnej grupy ludzi. Okaza\u0142o si\u0119 przeciekaj\u0105c\u0105 \u0142ajb\u0105, wi\u0119c panuje tam zasada &#8222;Ratuj si\u0119, kto mo\u017ce&#8221;, i ka\u017cdy, gdzie mo\u017ce, ucieka. Nawet w kierunku antyklerykalizmu. G\u0142\u0119boko zasmucaj\u0105cy jest przypadek pos\u0142a Jana Filipa Libickiego, kt\u00f3rego kiedy\u015b bardzo ceni\u0142em. Jego zachowanie by\u0142o bardzo dziwaczne. Nie rozumiem, jak b\u0119d\u0105c katolickim tradycjonalist\u0105, mo\u017cna znale\u017a\u0107 si\u0119 w jednej partii z Joann\u0105 Kluzik-Rostkowsk\u0105. Potem dosz\u0142y inicjatywy przeciw Radiu Maryja. Najwyra\u017aniej Micha\u0142 Kami\u0144ski do niego do\u0142\u0105czy\u0142.<br \/>\r\n<br \/>\r\n<strong>Jakie s\u0105 szanse znalezienia poparcia dla takich polityk\u00f3w?<\/strong><br \/>\r\n&#8211; Ten list Kami\u0144skiego \u015bwiadczy o tym, \u017ce chcia\u0142by odgrywa\u0107 rol\u0119 Palikota prawicy. Je\u015bli tak, to z r\u00f3wnie marnym skutkiem. Powinien to potraktowa\u0107 jako przestrog\u0119, \u017ce to nie przynosi profit\u00f3w. Micha\u0142 Kami\u0144ski kilkakrotnie w swoim \u017cyciu odcina\u0142 si\u0119 od tego, co robi\u0142 wcze\u015bniej, jak cho\u0107by jego kajanie si\u0119 przed &#8222;Gazet\u0105 Wyborcz\u0105&#8221; z powodu wizyty u gen. Pinocheta [w 1999 roku, gdy Pinochet zosta\u0142 aresztowany w Wielkiej Brytanii &#8211; przyp red.]. Ale tak desperackie kroki prowadz\u0105 do przepa\u015bci.<br \/>\r\n<br \/>\r\n<strong>Pretekstem do napisania przez Micha\u0142a Kami\u0144skiego listu by\u0142a propozycja podpisania przez wszystkich polskich europos\u0142\u00f3w apelu &#8222;o niewykorzystywanie w kampanii wyborczej argument\u00f3w nacjonalistycznych i ksenofobicznych&#8221;. Jaki sens maj\u0105 tego typu inicjatywy?<\/strong><br \/>\r\n&#8211; To typowy przyk\u0142ad demoliberalnej nowomowy. S\u0105 s\u0142owa klucze, kt\u00f3re maj\u0105 stygmatyzowa\u0107 kogo\u015b, ale tak naprawd\u0119 nie wiadomo, co one oznaczaj\u0105. &#8222;Nacjonalizm&#8221; jest po prostu jednym z kierunk\u00f3w my\u015bli politycznej, do czego dodano ksenofobi\u0119, termin kojarzony jednoznacznie pejoratywnie. Wzmianka o &#8222;grupach regionalnych&#8221; ma z pewno\u015bci\u0105 zwi\u0105zek z pewnymi pogl\u0105dami czy sympatiami pana doktora Migalskiego w kierunku Ruchu Autonomii \u015al\u0105ska. Ja uznaj\u0119 prawo pana Migalskiego do takiej identyfikacji, natomiast inni maj\u0105 prawo do wyra\u017cania niepokoju z powodu nastroj\u00f3w separatystycznych, zw\u0142aszcza wypowiedzi wyra\u017caj\u0105cych nie tylko dystans, ale i wrogo\u015b\u0107 wobec polsko\u015bci czy pa\u0144stwa polskiego. Pomy\u015blmy jednak, czym jest w istocie ten apel, kt\u00f3ry wyra\u017ca d\u0105\u017cenie do autocenzury. Je\u017celi nie odwo\u0142ujemy si\u0119 do \u017cadnych zasad albo warto\u015bci narodowych (lub religijnych), to pojawia si\u0119 pytanie, do czego w\u0142a\u015bciwie wolno si\u0119 odwo\u0142ywa\u0107 w polityce. Tylko do kwestii materialnych? Czy\u017cby przedmiotem debaty publicznej mia\u0142a by\u0107 tylko ekonomia? To by\u0142by absurd. Wymiar duchowy, narodowy, pa\u0144stwowy i religijny &#8211; to s\u0105 podstawowe tryby egzystencji cz\u0142owieka. Dlaczego maj\u0105 by\u0107 eliminowane z polityki? Dlaczego maj\u0105 by\u0107 eliminowane jako przedmiot debaty? Oczywi\u015bcie mam na my\u015bli debat\u0119 uczciw\u0105, a nie jak\u0105\u015b demagogiczn\u0105. Wi\u0119c taki apel, gdyby go potraktowa\u0107 na serio, prowadzi do nies\u0142ychanej prymitywizacji debaty publicznej, do materialistycznego redukcjonizmu. Natomiast jest on deklaracj\u0105 lojalno\u015bci wobec urz\u0119dowej ideologii, kt\u00f3ra panuje w Europie.<br \/>\r\n<br \/>\r\n<strong>Dzi\u0119kuj\u0119 za rozmow\u0119.<\/strong><\/p>\r\n<p class=\"zrodlo\"><strong>Za: <\/strong><a href=\"http:\/\/www.naszdziennik.pl\/index.php?dat=20110624&amp;typ=po&amp;id=po06.txt\">Nasz Dziennik, Pi\u0105tek, 24 czerwca 2011, Nr 145 (4076)<\/a><\/p>\r\n<h4>\u00a0<\/h4>\r\n<hr style=\"background-color: #000000; border-width: 0; color: #000000; height: 2px; line-height: 0; text-align: center; width: 100%;\" \/>\r\n<h4>\u00a0<\/h4>","protected":false},"excerpt":{"rendered":"Agresywna manifestacja wrogo\u015bci polityk\u00f3w obozu rz\u0105dz\u0105cego wobec w\u0142asnych obywateli, polskich redemptoryst\u00f3w. Prymitywna, prowokacyjna i radykalnie obra\u017aliwa demonstracja wrogo\u015bci wobec stanu kap\u0142a\u0144skiego w wykonaniu polityk\u00f3w Platformy Obywatelskiej i Polska Jest Najwa\u017cniejsza. Micha\u0142 Kami\u0144ski, eurodeputowany EKR, zwi\u0105zany obecnie z PJN, w rozes\u0142anym do wszystkich polskich pos\u0142\u00f3w w Parlamencie Europejskim e-mailu odgra\u017ca si\u0119, \u017ce spo\u0142ecznymi inicjatywami o. Tadeusza [&hellip;]","protected":false},"author":1,"featured_media":0,"comment_status":"closed","ping_status":"closed","sticky":false,"template":"","format":"standard","meta":{"_acf_changed":false,"_monsterinsights_skip_tracking":false,"_monsterinsights_sitenote_active":false,"_monsterinsights_sitenote_note":"","_monsterinsights_sitenote_category":0,"ngg_post_thumbnail":0,"footnotes":"","_wp_rev_ctl_limit":""},"categories":[8],"tags":[132,35,23,98],"acf":[],"_links":{"self":[{"href":"https:\/\/www.bibula.com\/index.php?rest_route=\/wp\/v2\/posts\/39740"}],"collection":[{"href":"https:\/\/www.bibula.com\/index.php?rest_route=\/wp\/v2\/posts"}],"about":[{"href":"https:\/\/www.bibula.com\/index.php?rest_route=\/wp\/v2\/types\/post"}],"author":[{"embeddable":true,"href":"https:\/\/www.bibula.com\/index.php?rest_route=\/wp\/v2\/users\/1"}],"replies":[{"embeddable":true,"href":"https:\/\/www.bibula.com\/index.php?rest_route=%2Fwp%2Fv2%2Fcomments&post=39740"}],"version-history":[{"count":2,"href":"https:\/\/www.bibula.com\/index.php?rest_route=\/wp\/v2\/posts\/39740\/revisions"}],"predecessor-version":[{"id":118673,"href":"https:\/\/www.bibula.com\/index.php?rest_route=\/wp\/v2\/posts\/39740\/revisions\/118673"}],"wp:attachment":[{"href":"https:\/\/www.bibula.com\/index.php?rest_route=%2Fwp%2Fv2%2Fmedia&parent=39740"}],"wp:term":[{"taxonomy":"category","embeddable":true,"href":"https:\/\/www.bibula.com\/index.php?rest_route=%2Fwp%2Fv2%2Fcategories&post=39740"},{"taxonomy":"post_tag","embeddable":true,"href":"https:\/\/www.bibula.com\/index.php?rest_route=%2Fwp%2Fv2%2Ftags&post=39740"}],"curies":[{"name":"wp","href":"https:\/\/api.w.org\/{rel}","templated":true}]}}