{"id":39725,"date":"2011-06-22T21:37:09","date_gmt":"2011-06-23T02:37:09","guid":{"rendered":"http:\/\/www.bibula.com\/?p=39725"},"modified":"2011-06-22T21:37:09","modified_gmt":"2011-06-23T02:37:09","slug":"ukraincy-beda-uroczyscie-swietowac-%e2%80%9ewyzwolenie-od-rzeczypospolitej%e2%80%9d","status":"publish","type":"post","link":"https:\/\/www.bibula.com\/?p=39725","title":{"rendered":"Ukrai\u0144cy b\u0119d\u0105 uroczy\u015bcie \u015bwi\u0119towa\u0107 \u201ewyzwolenie od Rzeczypospolitej&#8221;"},"content":{"rendered":"<p><strong>Rada Najwy\u017csza Ukrainy popar\u0142a uchwa\u0142\u0119 o obchodach  pa\u0144stwowych 360.  rocznicy bitwy pod Beresteczkiem. Jak napisano w projekcie uchwa\u0142y,  bitwa ta ma wielkie znaczenie dla \u201ewyzwolenia Ukrainy od  Rzeczypospolitej\u201d.<\/strong><\/p>\r\n<p>Inicjatorem  projektu uchwa\u0142y jest pose\u0142 z partii &#8222;Nasza Ukraina-Ludowa Samoobrona&#8221;  Petro Juszczenko (starszy brat by\u0142ego prezydenta Ukrainy), informuje  oficjalna strona internetowa  Rady Najwy\u017cszej.<br \/> <br \/>&#8222;W roku 2011 up\u0142ywa 360 lat od czasu bitwy wojsk Bohdana  Chmielnickiego pod Beresteczkiem (28.06 &#8211; 10.07.1651)&#8221; &#8211; podano w  informacji za\u0142\u0105czonej do projektu. -. &#8222;Ze wzgl\u0119du ma wielkie historyczne  znaczenie tego wydarzenia dla wyzwolenia Ukrainy od Rzeczypospolitej i  jego rol\u0119 w patriotycznym wychowaniu obywateli Ukrainy, ta znacz\u0105ca data  jest godna obchod\u00f3w na szczeblu pa\u0144stwowym. &#8222;<br \/> <br \/>282 g\u0142osami parlament zdecydowa\u0142:<br \/><br \/>1. Uczci\u0107 na szczeblu pa\u0144stwowym 360 rocznic\u0119 bitwy pod Beresteczkiem.<br \/>2. Zaleci\u0107 Gabinetowi Ministr\u00f3w Ukrainy:<br \/>&#8211;  w terminie dw\u00f3ch tygodni od daty przyj\u0119cia tej Uchwa\u0142y powo\u0142a\u0107 komitet  organizacyjny do spraw przygotowania i przeprowadzenia obchod\u00f3w z okazji  360 rocznicy bitwy pod Beresteczkiem, w\u0142\u0105czaj\u0105c do jego sk\u0142adu  przedstawicieli centralnych i lokalnych organ\u00f3w wykonawczych w\u0142adzy,  w\u0142adze samorz\u0105dowe, stowarzyszenia obywatelskie i naukowc\u00f3w;<br \/> &#8211; w terminie dw\u00f3ch tygodni po powo\u0142aniu Komitetu Organizacyjnego  opracowa\u0107 i zatwierdzi\u0107 plan dzia\u0142a\u0144, zwi\u0105zanych z obchodami 360  rocznicy bitwy pod Beresteczkiem, zapewni\u0107 finansowe i materialno &#8211;  techniczne zabezpieczenie tych dzia\u0142a\u0144.<br \/>3. Rekomendowa\u0107 Pa\u0144stwowemu Komitetowi ds. Telewizji i Radiofonii  Ukrainy zorganizowanie pokaz\u00f3w film\u00f3w, kronik historycznych i transmisji  z uroczysto\u015bci obchod\u00f3w na szczeblu pa\u0144stwowym 360 rocznicy bitwy pod  Beresteczkiem.<br \/>4. Zaproponowa\u0107 Poczcie Ukrai\u0144skiej \u201eUkrpoczta\u201d wydanie serii znaczk\u00f3w  po\u015bwi\u0119conych wydarzeniu 360 rocznicy bitwy pod Beresteczkiem&#8221;.<br \/><br \/> Bitwa pod Beresteczkiem by\u0142a jedn\u0105 z najwi\u0119kszych bitew l\u0105dowych  XVII-wiecznej Europy, rozegra\u0142a si\u0119 w dniach 28-30 czerwca 1651 w  trakcie powstania Chmielnickiego mi\u0119dzy wojskami polskimi pod dow\u00f3dztwem  Jana Kazimierza a si\u0142ami tatarsko-kozackimi.<\/p>\r\n<p>Bitwa zako\u0144czy\u0142a si\u0119 zwyci\u0119stwem strony polskiej. Wygrana jest  zas\u0142ug\u0105 dowodz\u0105cego wojskami polskimi Jana Kazimierza, kt\u00f3ry zastosowa\u0142  skuteczn\u0105 taktyk\u0119 szachownicow\u0105. Polega\u0142a ona na ustawieniu oddzia\u0142\u00f3w  piechoty na przemian z jazd\u0105.  W decyduj\u0105cej fazie bitwy wa\u017cne okaza\u0142o si\u0119 te\u017c wykorzystanie przez  znajduj\u0105c\u0105 si\u0119 w centrum ugrupowania polskiego piechot\u0119 si\u0142y ognia muszkiet\u00f3w i artylerii.<\/p>\r\n<p>Istpravda.com.ua\/Kresy.pl\/Wies\u0142aw Tokarczuk<\/p>","protected":false},"excerpt":{"rendered":"Rada Najwy\u017csza Ukrainy popar\u0142a uchwa\u0142\u0119 o obchodach pa\u0144stwowych 360. rocznicy bitwy pod Beresteczkiem. Jak napisano w projekcie uchwa\u0142y, bitwa ta ma wielkie znaczenie dla \u201ewyzwolenia Ukrainy od Rzeczypospolitej\u201d. Inicjatorem projektu uchwa\u0142y jest pose\u0142 z partii &#8222;Nasza Ukraina-Ludowa Samoobrona&#8221; Petro Juszczenko (starszy brat by\u0142ego prezydenta Ukrainy), informuje oficjalna strona internetowa Rady Najwy\u017cszej. &#8222;W roku 2011 up\u0142ywa [&hellip;]","protected":false},"author":1,"featured_media":0,"comment_status":"closed","ping_status":"closed","sticky":false,"template":"","format":"standard","meta":{"_acf_changed":false,"_monsterinsights_skip_tracking":false,"_monsterinsights_sitenote_active":false,"_monsterinsights_sitenote_note":"","_monsterinsights_sitenote_category":0,"ngg_post_thumbnail":0,"footnotes":"","_wp_rev_ctl_limit":""},"categories":[6],"tags":[65,167],"acf":[],"_links":{"self":[{"href":"https:\/\/www.bibula.com\/index.php?rest_route=\/wp\/v2\/posts\/39725"}],"collection":[{"href":"https:\/\/www.bibula.com\/index.php?rest_route=\/wp\/v2\/posts"}],"about":[{"href":"https:\/\/www.bibula.com\/index.php?rest_route=\/wp\/v2\/types\/post"}],"author":[{"embeddable":true,"href":"https:\/\/www.bibula.com\/index.php?rest_route=\/wp\/v2\/users\/1"}],"replies":[{"embeddable":true,"href":"https:\/\/www.bibula.com\/index.php?rest_route=%2Fwp%2Fv2%2Fcomments&post=39725"}],"version-history":[{"count":0,"href":"https:\/\/www.bibula.com\/index.php?rest_route=\/wp\/v2\/posts\/39725\/revisions"}],"wp:attachment":[{"href":"https:\/\/www.bibula.com\/index.php?rest_route=%2Fwp%2Fv2%2Fmedia&parent=39725"}],"wp:term":[{"taxonomy":"category","embeddable":true,"href":"https:\/\/www.bibula.com\/index.php?rest_route=%2Fwp%2Fv2%2Fcategories&post=39725"},{"taxonomy":"post_tag","embeddable":true,"href":"https:\/\/www.bibula.com\/index.php?rest_route=%2Fwp%2Fv2%2Ftags&post=39725"}],"curies":[{"name":"wp","href":"https:\/\/api.w.org\/{rel}","templated":true}]}}