{"id":39701,"date":"2011-06-22T08:56:16","date_gmt":"2011-06-22T13:56:16","guid":{"rendered":"http:\/\/www.bibula.com\/?p=39701"},"modified":"2011-06-22T09:07:58","modified_gmt":"2011-06-22T14:07:58","slug":"wystarczy-jedna-rodzina-aby-miejscowosc-miala-dodatkowa-nazwe-w-jezyku-niemieckim","status":"publish","type":"post","link":"https:\/\/www.bibula.com\/?p=39701","title":{"rendered":"Wystarczy jedna rodzina, aby miejscowo\u015b\u0107 mia\u0142a dodatkow\u0105 nazw\u0119 w j\u0119zyku niemieckim"},"content":{"rendered":"<p>Znamy ju\u017c wyniki konsultacji spo\u0142ecznych w niekt\u00f3rych miejscowo\u015bciach gminy Ozimek w sprawie dodatkowych nazw miejscowo\u015bci w j\u0119zyku niemieckim. To zdumiewaj\u0105ce, ale do tego, by zgodnie z uchwa\u0142\u0105 Rady Miejskiej w Ozimku, pojawi\u0142a si\u0119 dodatkowa nazwa miejscowo\u015bci wystarczy czasem jedna rodzina! To nie \u017cart. Tak by\u0142o dzi\u015b w miejscowo\u015bci Chobie, gdzie na konsultacje spo\u0142eczne w tej sprawie przysz\u0142y 4 osoby.\u00a0Na tym nie koniec absurd\u00f3w. Dodatkowa nazwa w j\u0119zyku niemieckim b\u0119dzie taka sama, jak w j\u0119zyku polskim. To drugi taki przypadek w woj. opolskim. Konsultacje trwa\u0142y ok. 10 minut, wiem, bo si\u0119 sp\u00f3\u017ani\u0142em i by\u0142em zaskoczony, \u017ce tak szybko si\u0119 sko\u0144czy\u0142y! P\u00f3ki, co w kilku miejscowo\u015bciach zwolennicy tablic byli w wi\u0119kszo\u015bci. W kilku miejscowo\u015bciach spo\u0142ecze\u0144stwo podzieli\u0142o si\u0119 r\u00f3wno po po\u0142owie. W samym Ozimku dotychczas za tablicami opowiedzia\u0142o si\u0119 \u0142\u0105cznie 19 os\u00f3b, a przeciwko by\u0142o 392 osoby.<\/p>\r\n<p>Z relacji zaanga\u017cowanego w t\u0119 spraw\u0119 Tomasza Strza\u0142kowskiego wiemy, \u017ce naprawd\u0119 gor\u0105co by\u0142o na konsultacjach w miejscowo\u015bci Antoni\u00f3w, gdzie zebra\u0142o si\u0119 22 zwolennik\u00f3w i tyle samo przeciwnik\u00f3w dwuj\u0119zycznych tablic. Reasumuj\u0105c, w gminie Ozimek mo\u017ce pojawi\u0107 si\u0119 5 dwuj\u0119zycznych tablic z nazwami miejscowo\u015bci: Chobie, Krasiej\u00f3w, Krzy\u017cowa Dolina, Mnichus i Szczedrzyk. Po zako\u0144czeniu konsultacji wypowie si\u0119 w tym temacie Rada Miejska w Ozimku. Potem sprawa trafi do specjalnej komisji przy MSWiA. Dodajmy, \u017ce gdyby dosz\u0142o do postawienia tych tablic, to zostan\u0105 one wymienione na koszt polskiego podatnika, o czym <a href=\"http:\/\/www.ngopole.pl\/2011\/05\/27\/kosztowne-polsko-niemieckie-tablice-informacyjne\/\">wcze\u015bniej informowali\u015bmy<\/a>.<\/p>\r\n<table class=\"outsetborder\" border=\"1\" cellspacing=\"0\" cellpadding=\"7\" width=\"515\">\r\n<colgroup> <col width=\"190\"><\/col> <col width=\"191\"><\/col> <col width=\"190\"><\/col> <\/colgroup> \r\n<tbody>\r\n<tr valign=\"TOP\">\r\n<td width=\"190\">\r\n<p>Miejscowo\u015b\u0107<\/p>\r\n<\/td>\r\n<td width=\"191\">\r\n<p>Za<\/p>\r\n<\/td>\r\n<td width=\"190\">\r\n<p>Przeciw<\/p>\r\n<\/td>\r\n<\/tr>\r\n<tr valign=\"TOP\">\r\n<td width=\"190\">\r\n<p>Ozimek I (osiedlami g\u0142osowano)<\/p>\r\n<\/td>\r\n<td width=\"191\">4<\/td>\r\n<td width=\"190\">61<\/td>\r\n<\/tr>\r\n<tr valign=\"TOP\">\r\n<td width=\"190\">Antoni\u00f3w<\/td>\r\n<td width=\"191\">22<\/td>\r\n<td width=\"190\">22<\/td>\r\n<\/tr>\r\n<tr valign=\"TOP\">\r\n<td width=\"190\">Krasiej\u00f3w<\/td>\r\n<td width=\"191\">43<\/td>\r\n<td width=\"190\">6<\/td>\r\n<\/tr>\r\n<tr valign=\"TOP\">\r\n<td width=\"190\">Ozimek II<\/td>\r\n<td width=\"191\">7<\/td>\r\n<td width=\"190\">146<\/td>\r\n<\/tr>\r\n<tr valign=\"TOP\">\r\n<td width=\"190\">Ozimek III<\/td>\r\n<td width=\"191\">7<\/td>\r\n<td width=\"190\">9<\/td>\r\n<\/tr>\r\n<tr valign=\"TOP\">\r\n<td width=\"190\">Nowa Schodnia<\/td>\r\n<td width=\"191\">3<\/td>\r\n<td width=\"190\">3<\/td>\r\n<\/tr>\r\n<tr valign=\"TOP\">\r\n<td width=\"190\">Jedlice<\/td>\r\n<td width=\"191\">1<\/td>\r\n<td width=\"190\">15<\/td>\r\n<\/tr>\r\n<tr valign=\"TOP\">\r\n<td width=\"190\">Ozimek IV<\/td>\r\n<td width=\"191\">1<\/td>\r\n<td width=\"190\">176<\/td>\r\n<\/tr>\r\n<tr valign=\"TOP\">\r\n<td width=\"190\">Chobie<\/td>\r\n<td width=\"191\">4<\/td>\r\n<td width=\"190\">0<\/td>\r\n<\/tr>\r\n<tr valign=\"TOP\">\r\n<td width=\"190\">Szczedrzyk<\/td>\r\n<td width=\"191\">56<\/td>\r\n<td width=\"190\">50<\/td>\r\n<\/tr>\r\n<tr valign=\"TOP\">\r\n<td width=\"190\">Krzy\u017cowa Dol.<\/td>\r\n<td width=\"191\">brak danych<\/td>\r\n<td width=\"190\">decyzja na \u201etak\u201d<\/td>\r\n<\/tr>\r\n<tr valign=\"TOP\">\r\n<td width=\"190\">Mnichus<\/td>\r\n<td width=\"191\">brak danych<\/td>\r\n<td width=\"190\">decyzja na \u201etak\u201d<\/td>\r\n<\/tr>\r\n<\/tbody>\r\n<\/table>\r\n<p>Warto przeczyta\u0107 podsumowanie konsultacji na stronie oficjalnej MN, czyli\u00a0<a href=\"http:\/\/www.tskn.vdg.pl\/de\/kommentare-erklaerungen\/463-dwujzyczne-nazwy-miejscowoci\">TSKN<\/a> [<em>Towarzystwo Spo\u0142eczno-Kulturalne Niemc\u00f3w na \u015al\u0105sku Opolskim<\/em>]. Czytamy tam m.in., \u017ce:\u00a0\u00a0\u201eMieszka\u0144cy gminy Ozimek na dniach decyduj\u0105, czy chc\u0105 by\u0107 w Europie. Aktualnie wiadomo ju\u017c \u017ce miasto Ozimek\/Malapane nie chce by\u0107 w Europie. Wioska Krasiej\u00f3w\/Krascheow, Mnichus\/M\u00fcnchhausen, Szczedrzyk\/Sczedrzik, Krzy\u017cowa Dolina\/Kreuztal powiedzia\u0142a tak\u201d.<\/p>\r\n<p><strong><em>Tomasz Kwiatek<\/em><\/strong><\/p>","protected":false},"excerpt":{"rendered":"Znamy ju\u017c wyniki konsultacji spo\u0142ecznych w niekt\u00f3rych miejscowo\u015bciach gminy Ozimek w sprawie dodatkowych nazw miejscowo\u015bci w j\u0119zyku niemieckim. To zdumiewaj\u0105ce, ale do tego, by zgodnie z uchwa\u0142\u0105 Rady Miejskiej w Ozimku, pojawi\u0142a si\u0119 dodatkowa nazwa miejscowo\u015bci wystarczy czasem jedna rodzina! To nie \u017cart. Tak by\u0142o dzi\u015b w miejscowo\u015bci Chobie, gdzie na konsultacje spo\u0142eczne w tej [&hellip;]","protected":false},"author":1,"featured_media":0,"comment_status":"closed","ping_status":"closed","sticky":false,"template":"","format":"standard","meta":{"_acf_changed":false,"_monsterinsights_skip_tracking":false,"_monsterinsights_sitenote_active":false,"_monsterinsights_sitenote_note":"","_monsterinsights_sitenote_category":0,"ngg_post_thumbnail":0,"footnotes":"","_wp_rev_ctl_limit":""},"categories":[8],"tags":[124,98],"acf":[],"_links":{"self":[{"href":"https:\/\/www.bibula.com\/index.php?rest_route=\/wp\/v2\/posts\/39701"}],"collection":[{"href":"https:\/\/www.bibula.com\/index.php?rest_route=\/wp\/v2\/posts"}],"about":[{"href":"https:\/\/www.bibula.com\/index.php?rest_route=\/wp\/v2\/types\/post"}],"author":[{"embeddable":true,"href":"https:\/\/www.bibula.com\/index.php?rest_route=\/wp\/v2\/users\/1"}],"replies":[{"embeddable":true,"href":"https:\/\/www.bibula.com\/index.php?rest_route=%2Fwp%2Fv2%2Fcomments&post=39701"}],"version-history":[{"count":0,"href":"https:\/\/www.bibula.com\/index.php?rest_route=\/wp\/v2\/posts\/39701\/revisions"}],"wp:attachment":[{"href":"https:\/\/www.bibula.com\/index.php?rest_route=%2Fwp%2Fv2%2Fmedia&parent=39701"}],"wp:term":[{"taxonomy":"category","embeddable":true,"href":"https:\/\/www.bibula.com\/index.php?rest_route=%2Fwp%2Fv2%2Fcategories&post=39701"},{"taxonomy":"post_tag","embeddable":true,"href":"https:\/\/www.bibula.com\/index.php?rest_route=%2Fwp%2Fv2%2Ftags&post=39701"}],"curies":[{"name":"wp","href":"https:\/\/api.w.org\/{rel}","templated":true}]}}