{"id":39411,"date":"2011-06-15T22:14:33","date_gmt":"2011-06-16T03:14:33","guid":{"rendered":"http:\/\/www.bibula.com\/?p=39411"},"modified":"2011-06-15T22:14:33","modified_gmt":"2011-06-16T03:14:33","slug":"watykan-kolejna-runda-negocjacji-z-izraelem","status":"publish","type":"post","link":"https:\/\/www.bibula.com\/?p=39411","title":{"rendered":"Watykan: kolejna runda negocjacji z Izraelem"},"content":{"rendered":"<p>O \u201ebardzo znacz\u0105cych post\u0119pach\u201d negocjacji watyka\u0144sko-izraelskich w  sprawach ekonomicznych i fiskalnych Ko\u015bcio\u0142a katolickiego w Izraelu m\u00f3wi  wsp\u00f3lny komunikat, wydany r\u00f3wnocze\u015bnie w Watykanie i w Jerozolimie.  Spotkanie odby\u0142o si\u0119 wczoraj w watyka\u0144skim Pa\u0142acu Apostolskim.<br \/><br \/>Kolejna  sesja plenarna Sta\u0142ej Dwustronnej Komisji mi\u0119dzy Stolic\u0105 Apostolsk\u0105 a  Pa\u0144stwem Izrael, jak czytamy w komunikacie, up\u0142yn\u0119\u0142a \u201ew atmosferze  otwartej, przyjaznej i konstruktywnej. Obie strony uzgodni\u0142y przysz\u0142e  kroki ku osi\u0105gni\u0119ciu porozumienia\u201d we wspomnianych kwestiach. Nie podano  jednak \u017cadnych innych szczeg\u00f3\u0142\u00f3w, pr\u00f3cz tego, \u017ce nast\u0119pn\u0105 sesj\u0119  plenarn\u0105 dwustronnej komisji zaplanowano na 1 grudnia b.r. w siedzibie  izraelskiego ministerstwa spraw zagranicznych w Jerozolimie. P\u00f3\u0142roczny  odst\u0119p takich sesji jest w ostatnich latach regularn\u0105 praktyk\u0105. Na  wczorajszym spotkaniu 9-osobowej delegacji Stolicy Apostolskiej  przewodniczy\u0142 pra\u0142. Ettore Balestrero, podsekretarz ds. relacji z  pa\u0144stwami w watyka\u0144skim Sekretariacie Stanu. Natomiast na czele  13-osobowej delegacji izraelskiej sta\u0142 wiceminister spraw zagranicznych  Danny Ayalon. Obaj przewodnicz\u0105 negocjacjom ju\u017c od kilku lat.<br \/> <br \/> Cho\u0107 od podpisania w 1993 r. og\u00f3lnego porozumienia mi\u0119dzy Stolic\u0105  Apostolsk\u0105 a Izraelem minie ju\u017c w tym roku 18 lat, negocjacje na temat  fiskalnej i prawnej sytuacji Ko\u015bcio\u0142a w pa\u0144stwie izraelskim tocz\u0105 si\u0119  bardzo powoli. Jednak po kilkuletniej faktycznej przerwie odbywaj\u0105 si\u0119  teraz regularnie. Co pewien czas w Izraelu podnoszone s\u0105 polemiki, np. w  zwi\u0105zku z upominaniem si\u0119 przez Ko\u015bci\u00f3\u0142 o ulgi podatkowych. \u017bydowscy  polemi\u015bci zapominaj\u0105 przy tym nieraz, \u017ce nie prowadzi on w Ziemi \u015awi\u0119tej  dzia\u0142alno\u015bci dochodowej, ale dobroczynn\u0105.<br \/><br \/> ak\/ rv<\/p>","protected":false},"excerpt":{"rendered":"O \u201ebardzo znacz\u0105cych post\u0119pach\u201d negocjacji watyka\u0144sko-izraelskich w sprawach ekonomicznych i fiskalnych Ko\u015bcio\u0142a katolickiego w Izraelu m\u00f3wi wsp\u00f3lny komunikat, wydany r\u00f3wnocze\u015bnie w Watykanie i w Jerozolimie. Spotkanie odby\u0142o si\u0119 wczoraj w watyka\u0144skim Pa\u0142acu Apostolskim.Kolejna sesja plenarna Sta\u0142ej Dwustronnej Komisji mi\u0119dzy Stolic\u0105 Apostolsk\u0105 a Pa\u0144stwem Izrael, jak czytamy w komunikacie, up\u0142yn\u0119\u0142a \u201ew atmosferze otwartej, przyjaznej i konstruktywnej. [&hellip;]","protected":false},"author":1,"featured_media":0,"comment_status":"closed","ping_status":"closed","sticky":false,"template":"","format":"standard","meta":{"_acf_changed":false,"_monsterinsights_skip_tracking":false,"_monsterinsights_sitenote_active":false,"_monsterinsights_sitenote_note":"","_monsterinsights_sitenote_category":0,"ngg_post_thumbnail":0,"footnotes":"","_wp_rev_ctl_limit":""},"categories":[6],"tags":[61,41],"acf":[],"_links":{"self":[{"href":"https:\/\/www.bibula.com\/index.php?rest_route=\/wp\/v2\/posts\/39411"}],"collection":[{"href":"https:\/\/www.bibula.com\/index.php?rest_route=\/wp\/v2\/posts"}],"about":[{"href":"https:\/\/www.bibula.com\/index.php?rest_route=\/wp\/v2\/types\/post"}],"author":[{"embeddable":true,"href":"https:\/\/www.bibula.com\/index.php?rest_route=\/wp\/v2\/users\/1"}],"replies":[{"embeddable":true,"href":"https:\/\/www.bibula.com\/index.php?rest_route=%2Fwp%2Fv2%2Fcomments&post=39411"}],"version-history":[{"count":0,"href":"https:\/\/www.bibula.com\/index.php?rest_route=\/wp\/v2\/posts\/39411\/revisions"}],"wp:attachment":[{"href":"https:\/\/www.bibula.com\/index.php?rest_route=%2Fwp%2Fv2%2Fmedia&parent=39411"}],"wp:term":[{"taxonomy":"category","embeddable":true,"href":"https:\/\/www.bibula.com\/index.php?rest_route=%2Fwp%2Fv2%2Fcategories&post=39411"},{"taxonomy":"post_tag","embeddable":true,"href":"https:\/\/www.bibula.com\/index.php?rest_route=%2Fwp%2Fv2%2Ftags&post=39411"}],"curies":[{"name":"wp","href":"https:\/\/api.w.org\/{rel}","templated":true}]}}