{"id":393,"date":"2006-06-07T00:00:00","date_gmt":"2006-06-07T00:00:00","guid":{"rendered":""},"modified":"2016-06-07T10:22:13","modified_gmt":"2016-06-07T14:22:13","slug":"niewyczerpana-inwencja-posoborowych-ksiezy","status":"publish","type":"post","link":"https:\/\/www.bibula.com\/?p=393","title":{"rendered":"Niewyczerpana inwencja posoborowych ksi\u0119\u017cy"},"content":{"rendered":"<p><strong>Nowy nuncjusz papieski w Stanach Zjednoczonych, arcybiskup Pietro Sambi powiedzia\u0142 3 kwietnia 2006, \u017ce jest &#8222;pod wra\u017ceniem \u017cywotno\u015bci katolicyzmu w USA&#8221;. Podobne s\u0142owa nadchodz\u0105 od hierarch\u00f3w z innych stron \u015bwiata. Ciekawe jak\u0105 to &#8222;\u017cywotno\u015b\u0107&#8221; maj\u0105 na my\u015bli?<\/strong><\/p><p>Sp\u00f3jrzmy na statystyki. W 1963 roku 72% katolik\u00f3w ameryka\u0144skich ucz\u0119szcza\u0142o na niedzieln\u0105 Msz\u0119 \u015bw., a w roku 2000 wska\u017anik ten wynosi oko\u0142o 23%. A wi\u0119c kilkudziesi\u0119cioprocentowy spadek nazywany jest w posoborowej nowomowie &#8222;\u017cywotno\u015bci\u0105 katolicyzmu&#8221;. No dobrze, to mo\u017ce nie o ilo\u015b\u0107 chodzi lecz o jako\u015b\u0107? Tu okazuje si\u0119, \u017ce wyniki jeszcze bardziej zapieraj\u0105 dech: z tych co chodz\u0105 na msze, nikt ju\u017c prawie nie przyst\u0119puje do sakramentu pokuty. Zatem &#8211; co\u015b nie tak, &#8222;\u017cywotno\u015b\u0107&#8221; ta musi tkwi\u0107 gdzie indziej. A mo\u017ce tylko kondycja Ko\u015bcio\u0142a w USA jest taka &#8222;\u017cywotna&#8221;?<\/p><p>Okazuje si\u0119, \u017ce nie jest to tylko specyfika Ameryki i w takiej Europie jest jeszcze bardziej &#8222;\u017cywotnie&#8221;. We Francji czy w samym Rzymie, liczby uczestnictwa we Mszach s\u0105 jednocyfrowe, a w Holandii, szczycz\u0105cej si\u0119 nie tak dawno, zaledwie 40 lat temu, ponad 90-procentowym wska\u017anikiem, liczba ta spad\u0142a ju\u017c chyba poni\u017cej jednego procenta. No, ale widocznie takie twierdzenia i prezentowanie liczb wynikaj\u0105 z niecnych pobudek i s\u0105 zwyk\u0142\u0105 z\u0142o\u015bliwo\u015bci\u0105 a mo\u017ce i pod\u0142o\u015bci\u0105. No bo jak\u017ce to: o post\u0119puj\u0105cej odnowie i rozkwicie nieustannie powtarzaj\u0105 wszyscy posoborowi papie\u017ce, a szczeg\u00f3lnie aktywny na polu przypominania sukces\u00f3w Ko\u015bcio\u0142a by\u0142 &#8222;\u015bwi\u0119ty&#8221; Jan Pawe\u0142 II, jak wi\u0119c mo\u017cna im nie wierzy\u0107?<\/p><p>Okazuje si\u0119 jednak, \u017ce niezaprzeczalnie s\u0105 pola wielkich sukces\u00f3w. Najwi\u0119kszym osi\u0105gni\u0119ciem jest wyzwolenie drzemi\u0105cych w cz\u0142owieku wielkich po\u0142aci kosmicznych energii, kt\u00f3ra przek\u0142ada si\u0119 na nieograniczon\u0105 inwencj\u0119. Tak, inwencja i kreatywno\u015b\u0107 staj\u0105 si\u0119 motorem wsp\u00f3\u0142czesnego Ko\u015bcio\u0142a. Ksi\u0119\u017ca g\u0142owi\u0105 si\u0119 jak tu uprzyjemni\u0107 spotkania Ludu Bo\u017cego wok\u00f3\u0142 sto\u0142u, jak\u0105 to now\u0105 melodi\u0119 za\u015bpiewa\u0107, jak zmodernizowa\u0107 ko\u015bci\u00f3\u0142. Bo przecie\u017c powtarzanie co niedziel\u0119 tych samych formu\u0142ek staje si\u0119 nudne, wi\u0119c trzeba troch\u0119 z humorem, ze \u015bmiechem , &#8222;na luzie&#8221;. &#8222;Jezus jest zajebisty!&#8221; &#8211; m\u00f3wi do m\u0142odzie\u017cy polski dominikanin (<a class=\"content_sz\" href=\"http:\/\/www.bibula.com\/?p=00331\" target=\"_blank\">link<\/a>). Ten przynajmniej zna j\u0119zyk m\u0142odzie\u017cy i idzie z &#8222;duchem czasu&#8221;. Nie jest zacofany, nie utkwi\u0142 w st\u0119ch\u0142ej przesz\u0142o\u015bci.<\/p><p>A w\u0142a\u015bnie przesz\u0142o\u015bci i zwi\u0105zanej z ni\u0105 Tradycji nie kochali ci, kt\u00f3rzy &#8222;otworzyli okno&#8221;, by wpu\u015bci\u0107 troch\u0119 &#8222;\u015bwie\u017cego powietrza Tego \u015awiata&#8221;. Poni\u017cej zestawili\u015bmy kilka zdj\u0119\u0107 ukazuj\u0105cych w praktyce s\u0142owa papie\u017ca Paw\u0142a VI m\u00f3wi\u0105cego o szata\u0144skich si\u0142ach, kt\u00f3re wtargn\u0119\u0142y do Ko\u015bcio\u0142a. Mia\u0142 racj\u0119 &#8211; sam je zreszt\u0105 wprowadzi\u0142 otwieraj\u0105c po Janie XXIII jeszcze szerzej &#8222;okno na \u015bwiat&#8221;. P\u00f3\u017aniej przyszed\u0142 Jan Pawe\u0142 II, kt\u00f3ry pokazywa\u0142, \u017ce jedn\u0105 r\u0119k\u0105 chce to okno przymkn\u0105\u0107, lecz drug\u0105 otwiera\u0142 je jeszcze bardziej. Teraz mamy Benedykta XVI, kt\u00f3ry jako m\u0142ody <em>peritus<\/em> sam rozwala\u0142 podczas Soboru zamki do tego okna, a teraz m\u00f3wi, \u017ce co\u015b z tym oknem trzeba zrobi\u0107. Zamkni\u0119cie okna nie wchodzi w gr\u0119 (&#8222;od Soboru nie ma odwrotu!&#8221;), wi\u0119c wymy\u015bla si\u0119 jakie\u015b sztuczki ba\u0142amuc\u0105c wiernych. Dewastacja Winnicy trwa.<\/p><p><strong><em>Lech Maziakowski <\/em><\/strong><br \/> Washington, DC | 7 czerwca 2006 | www.bibula.com<\/p><p>&nbsp;<\/p><p><strong>DEWASTACJA WINNICY TRWA<\/strong><\/p><p><em> <strong>Mini-Galeria<\/strong><\/em><\/p><p><img fetchpriority=\"high\" decoding=\"async\" class=\"\" src=\"http:\/\/www.bibula.com\/images\/00393_BeerJug.jpg\" alt=\"\" width=\"599\" height=\"498\" \/><\/p><p>Msza pierwszokomunijna w Austrii. (Jakie eleganckie te kufle do piwa&#8230;)<\/p><p>&nbsp;<\/p><p><img decoding=\"async\" class=\"\" src=\"http:\/\/www.bibula.com\/images\/00393_Drums.jpg\" alt=\"\" width=\"599\" height=\"493\" \/><\/p><p>Dziewczynki na tam-tamach podczas Pierwszej Komunii.<\/p><p>&nbsp;<\/p><p><img decoding=\"async\" class=\"\" src=\"http:\/\/www.bibula.com\/images\/00393_dance.jpg\" alt=\"\" width=\"599\" height=\"399\" \/><\/p><p>Obowi\u0105zkowe ta\u0144ce dziewcz\u0105t na konsekracj\u0119 nowego ko\u015bcio\u0142a.<\/p><p>&nbsp;<\/p><p><img loading=\"lazy\" decoding=\"async\" class=\"\" src=\"http:\/\/www.bibula.com\/images\/00393_dscn2944.jpg\" alt=\"\" width=\"600\" height=\"451\" \/><\/p><p>Niedziela Palmowa w ko\u015bciele \u015bw. Franciszka w Wels, Austria<\/p><p>&nbsp;<\/p><p><img loading=\"lazy\" decoding=\"async\" class=\"\" src=\"http:\/\/www.bibula.com\/images\/00393_kn2131b.jpg\" alt=\"\" width=\"599\" height=\"414\" \/><\/p><p>Msze z &#8222;kap\u0142ank\u0105&#8221; w holenderskiej Diecezji Breda.<\/p><blockquote><p><strong>Przypomnijmy:<\/strong><\/p><p><strong> Instrukcja<em> Redemptionis Sacramentum<\/em>: <br \/> &#8222;153. Ponadto \u015bwieckim nigdy nie wolno przyjmowa\u0107 funkcji diakona lub kap\u0142ana lub nak\u0142ada\u0107 ich szat albo innych do nich podobnych.&#8221;<\/strong><\/p><\/blockquote><p>&nbsp;<\/p><p><img loading=\"lazy\" decoding=\"async\" class=\"\" src=\"http:\/\/www.bibula.com\/images\/00393_Reception1.jpg\" alt=\"\" width=\"600\" height=\"451\" \/><\/p><p>Msza dla m\u0142odzie\u017cy w St Poelten w Austrii<\/p><p>&nbsp;<\/p><p><img loading=\"lazy\" decoding=\"async\" class=\"\" src=\"http:\/\/www.bibula.com\/images\/00393_Catastrophics.jpg\" alt=\"\" width=\"598\" height=\"895\" \/><\/p><p>Nabo\u017ce\u0144stwo Wielkiego Czwartku w ko\u015bciele w Stanach Zjednoczonych<\/p><p>&nbsp;<\/p><p><img loading=\"lazy\" decoding=\"async\" class=\"\" src=\"http:\/\/www.bibula.com\/images\/00393_Stealth4.jpg\" alt=\"\" width=\"602\" height=\"452\" \/><\/p><p>Rockowo-laserowa msza dla m\u0142odzie\u017cy w Wiedniu.<\/p><p>&nbsp;<\/p><p><img loading=\"lazy\" decoding=\"async\" class=\"\" src=\"http:\/\/www.bibula.com\/images\/0393_Frankfurt3.jpg\" alt=\"\" width=\"600\" height=\"451\" \/><\/p><p>Psychodeliczna msza dla m\u0142odzie\u017cy we Frankfurcie.<\/p><p>&nbsp;<\/p><p><img loading=\"lazy\" decoding=\"async\" class=\"\" src=\"http:\/\/www.bibula.com\/images\/00393_Techno.jpg\" alt=\"\" width=\"599\" height=\"423\" \/><\/p><p>Nowoczesna msza w stylu Techno czyli <em> Techno Mass<\/em> w ko\u015bciele <em>St.-Lucia-Kirche<\/em> w Niemczech w Harsewinkel<\/p><p>&nbsp;<\/p><p><img loading=\"lazy\" decoding=\"async\" class=\"\" src=\"http:\/\/www.bibula.com\/images\/00393_Techno2.jpg\" alt=\"\" width=\"601\" height=\"851\" \/><\/p><p>Og\u0142oszenie i zaproszenie na <em> Techno Mass<\/em><\/p><p>&nbsp;<\/p><p><img loading=\"lazy\" decoding=\"async\" class=\"\" src=\"http:\/\/www.bibula.com\/images\/00393_Techno3.jpg\" alt=\"\" width=\"598\" height=\"849\" \/><\/p><p>Techno-ksi\u0105dz Willi Strohbandt<\/p><p>&nbsp;<\/p><blockquote><p>&#8222;W pi\u0105tek 7 kwietnia 2006 r. w niemieckiej parafii \u015bw. \u0141ucji w Harsewinkel zosta\u0142a odprawiona pierwsza &#8222;msza&#8221; techno &#8211; &#8222;Technomesse&#8221;. Wzi\u0119\u0142o w niej udzia\u0142 blisko 550 uczestnik\u00f3w, m.in. ze Steinfurtu, M\u00fcnster i Paderborn. &#8222;Msza&#8221; obywa\u0142a si\u0119 w <a class=\"content_sz\" href=\"http:\/\/pl.wikipedia.org\/wiki\/Rave\">stylu &#8222;rave&#8221;<\/a>, przeplatana by\u0142a odjazdowymi ta\u0144cami oraz piosenkami. <br \/> &#8222;Techno-msza&#8221; wywo\u0142a\u0142a u wszystkich obecnych uczucie zadowolenia. Nawet ci, kt\u00f3rzy pocz\u0105tkowo byli do niej sceptycznie nastawieni, szybko zmienili zdanie. Jak g\u0142osi komunikat na stronie internetowej miejscowego, m\u0142odzie\u017cowego duszpasterstwa &#8211; &#8222;techno-msza&#8221; by\u0142a wspania\u0142ym prze\u017cyciem. Po jej zako\u0144czeniu organizatorzy przyst\u0105pili go gruntownego sprz\u0105tania i uporz\u0105dkowania ko\u015bcio\u0142a, tak aby przywr\u00f3ci\u0107 jego pierwotny wygl\u0105d. Sukces &#8222;mszy&#8221; techno spowodowa\u0142, \u017ce b\u0119dzie ona organizowana odt\u0105d regularnie co miesi\u0105c.&#8221;<\/p><p>&nbsp;<\/p><\/blockquote><p><img loading=\"lazy\" decoding=\"async\" class=\"\" src=\"http:\/\/www.bibula.com\/images\/00393_Brucath 025.jpg\" alt=\"\" width=\"600\" height=\"960\" \/><\/p><p>Ekspozycja sztuki nowoczesnej w katedrze w Brukseli. Obok historycznego O\u0142tarza wystawiono &#8222;dzie\u0142o&#8221; zatytu\u0142owane <em>Krzy\u017c w ci\u0105\u017cy<\/em> (&#8222;Pregnant Cross&#8221;).<\/p><p>&nbsp;<\/p><p><img loading=\"lazy\" decoding=\"async\" class=\"\" src=\"http:\/\/www.bibula.com\/images\/00393_indian_ministry.jpg\" alt=\"\" width=\"598\" height=\"398\" \/><\/p><p>&#8217;Msza&#8217; w jednej z parafii w\u00a0 Minneapolis&#8230;<\/p><p>&nbsp;<\/p><p><img loading=\"lazy\" decoding=\"async\" class=\"\" src=\"http:\/\/www.bibula.com\/images\/00393_fff1.jpg\" alt=\"\" width=\"599\" height=\"399\" \/><\/p><p>Msza dla m\u0142odzie\u017cy.<\/p><p>&nbsp;<\/p><p><img loading=\"lazy\" decoding=\"async\" class=\"\" src=\"http:\/\/www.bibula.com\/images\/00393_Christmas.jpg\" alt=\"\" width=\"601\" height=\"531\" \/><\/p><p>Msza Bo\u017conarodzeniowa w Austrii&#8230;<\/p><p>&nbsp;<\/p><p><img loading=\"lazy\" decoding=\"async\" class=\"\" src=\"http:\/\/www.bibula.com\/images\/00393_KKH1.jpg\" alt=\"\" width=\"601\" height=\"802\" \/><\/p><p>&#8222;Jezuicki dom modlitewny&#8221; <em>Cardinal Koenig House<\/em> w Wiedniu.<\/p><p>&nbsp;<\/p><p><img loading=\"lazy\" decoding=\"async\" class=\"\" src=\"http:\/\/www.bibula.com\/images\/00393_Vienna1.jpg\" alt=\"\" width=\"599\" height=\"901\" \/><\/p><p>Posoborowi ksi\u0119\u017ca&#8230; Na zdj\u0119ciu ksi\u0105dz austriacki.<\/p><p>&nbsp;<\/p><p><img loading=\"lazy\" decoding=\"async\" class=\"\" src=\"http:\/\/www.bibula.com\/images\/00393_Vienna.jpg\" alt=\"\" width=\"599\" height=\"799\" \/><\/p><p>Posoborowy ksi\u0105dz odprawia posoborow\u0105 msz\u0119 (Austria).<\/p><p><strong>No i na koniec: Czy ma kto\u015b mo\u017ce skojarzenia z &#8222;kajakowymi&#8221; mszami pewnego ksi\u0119dza z Krakowa, kt\u00f3ry zrobi\u0142 karier\u0119 w Ko\u015bciele? W\u0142a\u015bnie od takich kajakowych nowatorskich ksi\u0119\u017cy i w Polsce zacz\u0119\u0142a si\u0119 &#8222;posoborowa wiosna&#8221;. Acha &#8211; jeszcze jej nie wida\u0107 tak dok\u0142adnie w Polsce, jeszcze s\u0105 rozmodlone grupy w starych ko\u015bci\u00f3\u0142kach? Poczekajmy, poczekajmy, bo machina destrukcji dzia\u0142a nie zawsze szybko, lecz zawsze skutecznie. Znikn\u0105 i rozmodlone grupki, zast\u0105pione gitarowymi pseudozakonnicami, znikn\u0105 te\u017c i same stare ko\u015bci\u00f3\u0142ki, bo trzeba w ich miejsce budowa\u0107 architektoniczne okropie\u0144stwa neomodernizmu. Ko\u015bci\u00f3\u0142 ud\u0142awi si\u0119 sam r\u0119kami swoich w\u0142asnych posoborowych ksi\u0119\u017cy-clown\u00f3w. <\/strong><\/p><p class=\"zrodlo\">Photo sources: <a class=\"content_sz\" href=\"http:\/\/cathcon.blogspot.com\/\" target=\"_blank\">Catholic Church Conservation<\/a><\/p>","protected":false},"excerpt":{"rendered":"Nowy nuncjusz papieski w Stanach Zjednoczonych, arcybiskup Pietro Sambi powiedzia\u0142 3 kwietnia 2006, \u017ce jest &#8222;pod wra\u017ceniem \u017cywotno\u015bci katolicyzmu w USA&#8221;. Podobne s\u0142owa nadchodz\u0105 od hierarch\u00f3w z innych stron \u015bwiata. Ciekawe jak\u0105 to &#8222;\u017cywotno\u015b\u0107&#8221; maj\u0105 na my\u015bli?Sp\u00f3jrzmy na statystyki. W 1963 roku 72% katolik\u00f3w ameryka\u0144skich ucz\u0119szcza\u0142o na niedzieln\u0105 Msz\u0119 \u015bw., a w roku 2000 wska\u017anik [&hellip;]","protected":false},"author":1,"featured_media":0,"comment_status":"closed","ping_status":"open","sticky":false,"template":"","format":"standard","meta":{"_acf_changed":false,"_monsterinsights_skip_tracking":false,"_monsterinsights_sitenote_active":false,"_monsterinsights_sitenote_note":"","_monsterinsights_sitenote_category":0,"ngg_post_thumbnail":0,"footnotes":"","_wp_rev_ctl_limit":""},"categories":[3],"tags":[51,33],"acf":[],"_links":{"self":[{"href":"https:\/\/www.bibula.com\/index.php?rest_route=\/wp\/v2\/posts\/393"}],"collection":[{"href":"https:\/\/www.bibula.com\/index.php?rest_route=\/wp\/v2\/posts"}],"about":[{"href":"https:\/\/www.bibula.com\/index.php?rest_route=\/wp\/v2\/types\/post"}],"author":[{"embeddable":true,"href":"https:\/\/www.bibula.com\/index.php?rest_route=\/wp\/v2\/users\/1"}],"replies":[{"embeddable":true,"href":"https:\/\/www.bibula.com\/index.php?rest_route=%2Fwp%2Fv2%2Fcomments&post=393"}],"version-history":[{"count":0,"href":"https:\/\/www.bibula.com\/index.php?rest_route=\/wp\/v2\/posts\/393\/revisions"}],"wp:attachment":[{"href":"https:\/\/www.bibula.com\/index.php?rest_route=%2Fwp%2Fv2%2Fmedia&parent=393"}],"wp:term":[{"taxonomy":"category","embeddable":true,"href":"https:\/\/www.bibula.com\/index.php?rest_route=%2Fwp%2Fv2%2Fcategories&post=393"},{"taxonomy":"post_tag","embeddable":true,"href":"https:\/\/www.bibula.com\/index.php?rest_route=%2Fwp%2Fv2%2Ftags&post=393"}],"curies":[{"name":"wp","href":"https:\/\/api.w.org\/{rel}","templated":true}]}}