{"id":39218,"date":"2011-06-10T11:27:26","date_gmt":"2011-06-10T16:27:26","guid":{"rendered":"http:\/\/www.bibula.com\/?p=39218"},"modified":"2011-06-10T11:27:26","modified_gmt":"2011-06-10T16:27:26","slug":"polacy-nic-sie-stalo","status":"publish","type":"post","link":"https:\/\/www.bibula.com\/?p=39218","title":{"rendered":"Polacy nic si\u0119 sta\u0142o"},"content":{"rendered":"<p><strong>Wczoraj w Sejmie w  ramach pyta\u0144 w sprawach bie\u017c\u0105cych, odby\u0142a si\u0119 debata dotycz\u0105ca stanu  budowy dr\u00f3g w Polsce w tym w szczeg\u00f3lno\u015bci tych, kt\u00f3re s\u0105 zwi\u0105zane z  projektem Euro 2012.<\/strong><\/p>\r\n<p>Minister  Infrastruktury Cezary Grabarczyk mia\u0142 wyja\u015bni\u0107 pos\u0142om sytuacj\u0119 z wi\u0105zan\u0105  z realizacj\u0105 autostrady A-2 przez chi\u0144sk\u0105 firm\u0119 COVEC ale poniewa\u017c  temat jest wyj\u0105tkowo niewygodny, to m\u00f3wi\u0142 g\u0142\u00f3wnie o swoich \u201esukcesach\u201d w  budowie dr\u00f3g w ci\u0105gu blisko ju\u017c 4 lat kierowania resortem.<\/p>\r\n<p>M\u00f3wi\u0142 wi\u0119c o  wprowadzonych zmianach w polskim prawie, kt\u00f3re przy\u015bpieszy\u0142y realizacj\u0119  inwestycji infrastrukturalnych (to akurat prawda) i znalezieniu  finansowania dla programu finansowania budowy dr\u00f3g w naszym kraju. Tutaj  jednak minister pochwali\u0142 si\u0119 nie swoimi zas\u0142ugami.<\/p>\r\n<p><span class=\"pullquote\"><!-- Minister Grabarczyk o op\u00f3\u017anieniach nie wspomnia\u0142, za to pochwali\u0142 si\u0119 nie swoimi zas\u0142ugami: obecny fundusz na budow\u0119 dr\u00f3g przygotowany zosta\u0142 przez ministra Polaczka. --><\/span><\/p>\r\n<p>Program budowy dr\u00f3g  (autostrad, dr\u00f3g ekspresowych) przygotowa\u0142 bowiem Jerzy Polaczek  minister w rz\u0105dzie Premiera Kaczy\u0144skiego i by\u0142 on konsekwencj\u0105 \u015brodk\u00f3w  jakie uda\u0142o si\u0119 wynegocjowa\u0107 naszemu krajowi w Perspektywie Finansowej  na lata 2007-2013.<\/p>\r\n<p>Poniewa\u017c by\u0142a to  kwota a\u017c 68 mld euro na 7 lat g\u0142\u00f3wnie z Funduszu Rozwoju Regionalnego i  Funduszu Sp\u00f3jno\u015bci to blisko 1\/5 z nich skierowano na realizacj\u0119  projekt\u00f3w transportowych (drogowych i kolejowych).<\/p>\r\n<p>Rz\u0105d Tuska zdecydowa\u0142  si\u0119 tylko na powo\u0142anie Krajowego Funduszu Drogowego, kt\u00f3ry emituj\u0105c  obligacje i po\u017cyczaj\u0105c w Europejskim Banku Inwestycyjnym przygotowuje  \u015brodki na tzw. wk\u0142ad krajowy do projekt\u00f3w z udzia\u0142em \u015brodk\u00f3w  europejskich oraz \u015brodki na projekty realizowane bez udzia\u0142u UE.<\/p>\r\n<p>Fundusz ten po\u017cyczy\u0142  do tej pory ju\u017c oko\u0142o 30 mld z\u0142 i w zwi\u0105zku z tym razem ze \u015brodkami  europejskimi po raz pierwszy w naszej historii, resort infrastruktury  dysponuje tak ogromnymi \u015brodkami finansowymi na realizacj\u0119 projekt\u00f3w  drogowych.<\/p>\r\n<p>Mimo korzystnych  zmian w prawie i zapewnieniu finansowania budowy dr\u00f3g, realizacja  programu drogowego idzie jednak jak po grudzie. Zaraz po korzystnym dla  Platformy wyniku wybor\u00f3w samorz\u0105dowych, w grudniu 2010 roku, Minister  Grabarczyk og\u0142osi\u0142 powa\u017cn\u0105 redukcj\u0119 inwestycji drogowych.<\/p>\r\n<p>Zrezygnowano  przynajmniej do ko\u0144ca 2013 roku z ponad 1000 km dr\u00f3g krajowych (g\u0142\u00f3wnie  autostrad i dr\u00f3g szybkiego ruchu) w tym kilkudziesi\u0119ciu wa\u017cnych  obwodnic, uzasadniaj\u0105c to brakiem \u015brodk\u00f3w finansowych.<\/p>\r\n<p>Par\u0119 dni temu NIK  opublikowa\u0142 raport zwi\u0105zany z realizacj\u0105 inwestycji na Euro 2012,  kt\u00f3rego g\u0142\u00f3wna konkluzja jest nast\u0119puj\u0105ca \u201eskala op\u00f3\u017anie\u0144, zarzuconych  przedsi\u0119wzi\u0119\u0107 oraz \u017ale wykonanych inwestycji jest tak du\u017ca, \u017ce mo\u017ce to  zagra\u017ca\u0107 prawid\u0142owemu przebiegowi imprezy\u201d.<\/p>\r\n<p>Kontrolerzy NIK spor\u0105  cz\u0119\u015b\u0107 raportu po\u015bwi\u0119caj\u0105 inwestycjom drogowym. Stwierdzaj\u0105, \u017ce nie  oddane zostanie do u\u017cytku a\u017c 14 odcink\u00f3w dr\u00f3g o \u0142\u0105cznej d\u0142ugo\u015bci ponad  400 km w tym a\u017c 7 odcink\u00f3w autostrad okre\u015blanych jako kluczowe o \u0142\u0105cznej  d\u0142ugo\u015bci ponad 300 km.<\/p>\r\n<p>Dotyczy to wszystkich  autostrad i dr\u00f3g ekspresowych \u0142\u0105cz\u0105cych miasta w kt\u00f3rych b\u0119d\u0105 si\u0119  odbywa\u0142y rozgrywki (Poznania, Wroc\u0142awia, Gda\u0144ska i Warszawy) co oznacza  ,\u017ce do \u017cadnego z nich nie b\u0119dzie mo\u017cna bezkolizyjnie dojecha\u0107  dwujezdniow\u0105 drog\u0105 ekspresow\u0105 b\u0105d\u017a autostrad\u0105.<\/p>\r\n<p>Raport NIK wskazuje  r\u00f3wnie\u017c jako zagro\u017cone dwa odcinki o \u0142\u0105cznej d\u0142ugo\u015bci 50 km autostrady  A-2 pomi\u0119dzy Strykowem i Konotop\u0105 nie wymieniaj\u0105c wykonawcy ale ju\u017c w  tej chwili wiemy, \u017ce chodzi o odcinki realizowane przez chi\u0144sk\u0105 firm\u0119  COVEC. Wiemy tak\u017ce, ze je\u017celi ta firma ostatecznie wycofa si\u0119 z  realizacji tej inwestycji to i do Warszawy t\u0105 autostrad\u0105 nie da si\u0119  dojecha\u0107 w przewidywanym wcze\u015bniej terminie (czyli do czerwca 2012  roku).<\/p>\r\n<p>3. Minister  Grabarczyk odpowiada\u0142 na pytania pos\u0142\u00f3w jakby tego raportu druzgoc\u0105cego  jego dokonania drogowe, nie by\u0142o. Przy takiej skali inwestycji  op\u00f3\u017anienia musz\u0105 by\u0107 m\u00f3wi\u0142, poza tym ubieg\u0142oroczna pow\u00f3d\u017a zniszczy\u0142a  niekt\u00f3re place bud\u00f3w i st\u0105d te op\u00f3\u017anienia. By\u0142o oczywi\u015bcie i o PiS-ie,  \u017ce przygotowa\u0142 zbyt ambitny program budowy dr\u00f3g ale w tej sprawie  minister zorientowa\u0142 dopiero po 3 latach obecno\u015bci w resorcie.<\/p>\r\n<p>Generalnie  wyst\u0105pienie ministra by\u0142o nacechowane ogromnym optymizmem i uznaniem dla  w\u0142asnej dzia\u0142alno\u015bci. Komunikat \u201ePolacy nic si\u0119 nie sta\u0142o\u201d poszed\u0142 w  Polsk\u0119 i tylko po zej\u015bciu z m\u00f3wnicy nikt ministrowi nie wr\u0119czy\u0142 kwiat\u00f3w,  bo po og\u0142oszeniu takich sukces\u00f3w bukiet Ministrowi Grabarczykowi jak  najbardziej si\u0119 nale\u017ca\u0142.<\/p>\r\n<p><strong><em>Zbigniew Ku\u017amiuk<\/em><\/strong><\/p>","protected":false},"excerpt":{"rendered":"Wczoraj w Sejmie w ramach pyta\u0144 w sprawach bie\u017c\u0105cych, odby\u0142a si\u0119 debata dotycz\u0105ca stanu budowy dr\u00f3g w Polsce w tym w szczeg\u00f3lno\u015bci tych, kt\u00f3re s\u0105 zwi\u0105zane z projektem Euro 2012. Minister Infrastruktury Cezary Grabarczyk mia\u0142 wyja\u015bni\u0107 pos\u0142om sytuacj\u0119 z wi\u0105zan\u0105 z realizacj\u0105 autostrady A-2 przez chi\u0144sk\u0105 firm\u0119 COVEC ale poniewa\u017c temat jest wyj\u0105tkowo niewygodny, to [&hellip;]","protected":false},"author":1,"featured_media":0,"comment_status":"closed","ping_status":"closed","sticky":false,"template":"","format":"standard","meta":{"_acf_changed":false,"_monsterinsights_skip_tracking":false,"_monsterinsights_sitenote_active":false,"_monsterinsights_sitenote_note":"","_monsterinsights_sitenote_category":0,"ngg_post_thumbnail":0,"footnotes":"","_wp_rev_ctl_limit":""},"categories":[9],"tags":[98,104],"acf":[],"_links":{"self":[{"href":"https:\/\/www.bibula.com\/index.php?rest_route=\/wp\/v2\/posts\/39218"}],"collection":[{"href":"https:\/\/www.bibula.com\/index.php?rest_route=\/wp\/v2\/posts"}],"about":[{"href":"https:\/\/www.bibula.com\/index.php?rest_route=\/wp\/v2\/types\/post"}],"author":[{"embeddable":true,"href":"https:\/\/www.bibula.com\/index.php?rest_route=\/wp\/v2\/users\/1"}],"replies":[{"embeddable":true,"href":"https:\/\/www.bibula.com\/index.php?rest_route=%2Fwp%2Fv2%2Fcomments&post=39218"}],"version-history":[{"count":0,"href":"https:\/\/www.bibula.com\/index.php?rest_route=\/wp\/v2\/posts\/39218\/revisions"}],"wp:attachment":[{"href":"https:\/\/www.bibula.com\/index.php?rest_route=%2Fwp%2Fv2%2Fmedia&parent=39218"}],"wp:term":[{"taxonomy":"category","embeddable":true,"href":"https:\/\/www.bibula.com\/index.php?rest_route=%2Fwp%2Fv2%2Fcategories&post=39218"},{"taxonomy":"post_tag","embeddable":true,"href":"https:\/\/www.bibula.com\/index.php?rest_route=%2Fwp%2Fv2%2Ftags&post=39218"}],"curies":[{"name":"wp","href":"https:\/\/api.w.org\/{rel}","templated":true}]}}