{"id":38986,"date":"2011-06-06T10:38:32","date_gmt":"2011-06-06T15:38:32","guid":{"rendered":"http:\/\/www.bibula.com\/?p=38986"},"modified":"2011-06-06T10:38:32","modified_gmt":"2011-06-06T15:38:32","slug":"litwa-przelom-ws-upamietnienia-zbrodni-w-ponarach","status":"publish","type":"post","link":"https:\/\/www.bibula.com\/?p=38986","title":{"rendered":"Litwa: prze\u0142om ws. upami\u0119tnienia zbrodni w Ponarach"},"content":{"rendered":"<p><strong>Litewski rz\u0105d zamierza uporz\u0105dkowa\u0107 miejsce masowych mord\u00f3w w  podwile\u0144skich Ponarach. Podczas II wojny \u015bwiatowej Niemcy z pomoc\u0105  Litwin\u00f3w wymordowali tam przesz\u0142o 100 tys. os\u00f3b &#8211; w tym kilkana\u015bcie  tysi\u0119cy Polak\u00f3w.<\/strong><\/p>\r\n<p>Dotychczas   temat mordu w Ponarach  by\u0142 na Litwie tematem tabu. Obecnie za\u015b, szef  kancelarii litewskiego rz\u0105du  Dejwidas Matulionis zapewni\u0142, \u017ce w\u0142adze na  Litwie do\u0142o\u017c\u0105 stara\u0144, by  o wydarzeniach  w Ponarach w latach   1941-1944 dowiedzia\u0142y si\u0119 szersze rzesze spo\u0142ecze\u0144stwa i szczeg\u00f3lnie, by  informacje te dotar\u0142y do m\u0142odzie\u017cy.  \t<br \/><br \/>W ko\u0144cu maja w Wilnie odby\u0142o si\u0119 spotkanie mi\u0119dzynarodowych ekspert\u00f3w,  kt\u00f3rzy dyskutowali o reorganizacji miejsca  Pami\u0119ci w Ponarach.  \t Przedstawiciele muzeum w Stutthofie, Yad Vashem i Muzeum Auschwitz-  Birkenau przedstawili swoje propozycje urz\u0105dzenia miejsca pami\u0119ci w  Ponarach. Eksperci zaproponowali te\u017c, by w  programach szkolnych wi\u0119cej  uwagi zwraca\u0107 na temat zag\u0142ady  \u017byd\u00f3w i  polityki eksterminacyjnej  nazistowskich Niemiec. Rz\u0105d litewski obieca\u0142 uwzgl\u0119dni\u0107 wszystkie  propozycje ekspert\u00f3w.<br \/><br \/>IAR\/Kresy.pl<\/p>","protected":false},"excerpt":{"rendered":"Litewski rz\u0105d zamierza uporz\u0105dkowa\u0107 miejsce masowych mord\u00f3w w podwile\u0144skich Ponarach. Podczas II wojny \u015bwiatowej Niemcy z pomoc\u0105 Litwin\u00f3w wymordowali tam przesz\u0142o 100 tys. os\u00f3b &#8211; w tym kilkana\u015bcie tysi\u0119cy Polak\u00f3w. Dotychczas temat mordu w Ponarach by\u0142 na Litwie tematem tabu. Obecnie za\u015b, szef kancelarii litewskiego rz\u0105du Dejwidas Matulionis zapewni\u0142, \u017ce w\u0142adze na Litwie do\u0142o\u017c\u0105 stara\u0144, [&hellip;]","protected":false},"author":1,"featured_media":0,"comment_status":"closed","ping_status":"closed","sticky":false,"template":"","format":"standard","meta":{"_acf_changed":false,"_monsterinsights_skip_tracking":false,"_monsterinsights_sitenote_active":false,"_monsterinsights_sitenote_note":"","_monsterinsights_sitenote_category":0,"ngg_post_thumbnail":0,"footnotes":"","_wp_rev_ctl_limit":""},"categories":[6],"tags":[50],"acf":[],"_links":{"self":[{"href":"https:\/\/www.bibula.com\/index.php?rest_route=\/wp\/v2\/posts\/38986"}],"collection":[{"href":"https:\/\/www.bibula.com\/index.php?rest_route=\/wp\/v2\/posts"}],"about":[{"href":"https:\/\/www.bibula.com\/index.php?rest_route=\/wp\/v2\/types\/post"}],"author":[{"embeddable":true,"href":"https:\/\/www.bibula.com\/index.php?rest_route=\/wp\/v2\/users\/1"}],"replies":[{"embeddable":true,"href":"https:\/\/www.bibula.com\/index.php?rest_route=%2Fwp%2Fv2%2Fcomments&post=38986"}],"version-history":[{"count":0,"href":"https:\/\/www.bibula.com\/index.php?rest_route=\/wp\/v2\/posts\/38986\/revisions"}],"wp:attachment":[{"href":"https:\/\/www.bibula.com\/index.php?rest_route=%2Fwp%2Fv2%2Fmedia&parent=38986"}],"wp:term":[{"taxonomy":"category","embeddable":true,"href":"https:\/\/www.bibula.com\/index.php?rest_route=%2Fwp%2Fv2%2Fcategories&post=38986"},{"taxonomy":"post_tag","embeddable":true,"href":"https:\/\/www.bibula.com\/index.php?rest_route=%2Fwp%2Fv2%2Ftags&post=38986"}],"curies":[{"name":"wp","href":"https:\/\/api.w.org\/{rel}","templated":true}]}}