{"id":38920,"date":"2011-06-04T21:22:01","date_gmt":"2011-06-05T02:22:01","guid":{"rendered":"http:\/\/www.bibula.com\/?p=38920"},"modified":"2011-06-04T21:22:01","modified_gmt":"2011-06-05T02:22:01","slug":"komorowski-odznacza-komunistow-sb-kow-salonowcow","status":"publish","type":"post","link":"https:\/\/www.bibula.com\/?p=38920","title":{"rendered":"Komorowski odznacza komunist\u00f3w, SB-k\u00f3w, &#8222;salonowc\u00f3w&#8221;"},"content":{"rendered":"<p><strong>W przeddzie\u0144 rocznicy wybor\u00f3w 4 czerwca prezydent Bronis\u0142aw  Komorowski wr\u0119czy\u0142 ordery osobom &#8222;zas\u0142u\u017conym dla przemian ustrojowych w  Polsce&#8221;, cz\u0142onkom rz\u0105d\u00f3w okresu transformacji. Oto, kto zosta\u0142  odznaczony za &#8222;wybitne zas\u0142ugi dla transformacji ustrojowej Polski, za  kszta\u0142towanie demokratycznych zasad pa\u0144stwa prawa, za osi\u0105gni\u0119cia w  dzia\u0142alno\u015bci pa\u0144stwowej i publicznej&#8221;.<\/strong><br \/> <br \/> <span style=\"text-decoration: underline;\">Krzy\u017cem Wielkim Orderu Odrodzenia Polsk<\/span>i uhonorowany zosta\u0142 <strong>Krzysztof Koz\u0142owski<\/strong> &#8211; by\u0142y minister spraw wewn\u0119trznych i szef Urz\u0119du Ochrony Pa\u0144stwa. Jeden  z najzacieklejszych przeciwnik\u00f3w lustracji. To Koz\u0142owski jako szef MSW  wpu\u015bci\u0142 do archiw\u00f3w komunistycznych s\u0142u\u017cb specjalnych tzw. komisj\u0119  Michnika. Do &#8222;badania&#8221; akt dosz\u0142o mi\u0119dzy 12 kwietnia a 27 czerwca 1990  r., a Michnikowi towarzyszyli historycy Andrzej Ajnenkiel i Jerzy Holzer  (wieloletni cz\u0142onek PZPR, wsp\u00f3\u0142pracownik SB) oraz dyrektor Archiwum Akt  Nowych Bogdan Kroll.<br \/> <br \/> <span style=\"text-decoration: underline;\">Krzy\u017cem Komandorskim Orderu Odrodzenia Polski<\/span> odznaczono m.in.:<br \/> &#8211; <strong>Waldemara Kuczy\u0144skieg<\/strong><strong>o <\/strong>&#8211;  ministra przekszta\u0142ce\u0144 w\u0142asno\u015bciowych (PZPR, Unia Demokratyczna, Unia  Wolno\u015bci) w czasie, gdy wybucha\u0142o wiele afer prywatyzacyjnych, obecnie  zajad\u0142ego krytyka PiS. Cytat z ubieg\u0142orocznego artyku\u0142u Kuczy\u0144skiego:  &#8222;Jestem Polakiem, ale boj\u0119 si\u0119 r\u00f3\u017cnych przebudze\u0144 narodu w\u0142a\u015bnie  dlatego, \u017ce wi\u0119\u017a narodowa potrafi si\u0119 zamienia\u0107 w takiego wojowniczego  potwora. To wyt\u0142umaczalne, powstawa\u0142a ona bowiem i umacnia\u0142a si\u0119 w  wojnach, zaborczych i obronnych, i wojna jest w ni\u0105 wkomponowana. Wi\u0119\u017a  narodowa ujawnia si\u0119 najmocniej w\u0142a\u015bnie w wojnie, w zagro\u017ceniu wojn\u0105, w  przygotowywaniu do napa\u015bci na innych lub w surogacie wojny&#8221;.<br \/> &#8211; <strong>Janusza Lewandowskiego<\/strong> &#8211; by\u0142ego specjalist\u0119 od &#8222;prywatyzacji&#8221; i &#8222;transformacji&#8221; (opracowa\u0142  m.in. Program Powszechnej Prywatyzacji). W 1997 r. prokurator skierowa\u0142  przeciw niemu do s\u0105du akt oskar\u017cenia, zarzucaj\u0105c, \u017ce jako minister  przekszta\u0142ce\u0144 w\u0142asno\u015bciowych mia\u0142 dzia\u0142a\u0107 na szkod\u0119 interesu publicznego  i prywatnego, przekraczaj\u0105c uprawnienia i nie dope\u0142niaj\u0105c obowi\u0105zk\u00f3w  przy prywatyzacji na pocz\u0105tku lat 90. dw\u00f3ch krakowskich sp\u00f3\u0142ek Skarbu  Pa\u0144stwa. W marcu 2005 r. s\u0105d I instancji uniewinni\u0142 go od pope\u0142nienia  tych zarzut\u00f3w. W styczniu 2006 r. wyrok ten zosta\u0142 uchylony, a spraw\u0119  skierowano do ponownego rozpoznania. Ostatecznie w marcu 2009 r. S\u0105d  Okr\u0119gowy w Krakowie prawomocnie uniewinni\u0142 Janusza Lewandowskiego &#8211;  obecnie eurokomisarza z ramienia PO<br \/> &#8211; <strong>Janusza Onyszkiewicza<\/strong> &#8211; prominentnego polityka Unii Demokratycznej, by\u0142ego ministra obrony  narodowej. Jak czytamy w raporcie z likwidacji WSI &#8211; to Onyszkiewicz  podj\u0105\u0142 decyzj\u0119, \u017ce fundusz operacyjny WSI zostanie wyj\u0119ty spod kontroli  innych organ\u00f3w pa\u0144stwa (np. NIK), co dawa\u0142o tym postkomunistycznom  uprzywilejowan\u0105 pozycj\u0119.<br \/> <br \/> <span style=\"text-decoration: underline;\">Krzy\u017c Oficerski Orderu Odrodzenia Polski<\/span> dostali m.in.:<br \/> &#8211;<strong> Izabella Cywi\u0144ska <\/strong>&#8211; re\u017cyserka, zwolenniczka Unii Demokratycznej, minister kultury w rz\u0105dzie Tadeusza Mazowieckiego<br \/> &#8211; <strong>Marek D\u0105browsk<\/strong>i,  by\u0142y pose\u0142 Unii Demokratycznej, od 1991 do 1996 r. szef Rady  Przekszta\u0142ce\u0144 W\u0142asno\u015bciowych (patrz: Waldemar Kuczy\u0144ski i Janusz  Lewandowski), prezes Centrum Analiz Spo\u0142eczno-Ekonomicznych za\u0142o\u017conego  przez Leszka Balcerowicza<br \/> &#8211; <strong>Andrzej Olechowski<\/strong> &#8211; jeden z za\u0142o\u017cycieli PO. W PRL &#8211; gdy SB mordowa\u0142a i prze\u015bladowa\u0142a  patriot\u00f3w &#8211; pracowa\u0142 w instytucjach mi\u0119dzynarodowych i wsp\u00f3\u0142pracowa\u0142 z  wywiadem komunistycznym (Departament I MSW). By\u0142 kontaktem operacyjnym  Gromos\u0142awa Czempi\u0144skiego o pseudonimach &#8222;Tener&#8221; i nast\u0119pnie &#8222;Must&#8221;. W  1989 r. bra\u0142 udzia\u0142 w obradach &#8222;okr\u0105g\u0142ego sto\u0142u&#8221; po stronie komunist\u00f3w w  zespole ds. gospodarki i polityki spo\u0142ecznej.<br \/> &#8211; <strong>Tadeusz Syryjczyk<\/strong> &#8211; minister przemys\u0142u w rz\u0105dzie Tadeusza Mazowieckiego, potem pose\u0142 Unii Demokratycznej<br \/> &#8211; <strong>Marcin \u015awi\u0119cicki<\/strong> &#8211; dzia\u0142acz PZPR, W 1989 r. uczestniczy\u0142 w obradach  Okr\u0105g\u0142ego Sto\u0142u po stronie komunistycznej, w zespole ds. gospodarki i  polityki spo\u0142ecznej. Potem pose\u0142 Unii Demokratycznej, by\u0142y prezydent  Warszawy<br \/> &#8211; <strong>Waldemar D\u0105browsk<\/strong>i &#8211; minister kultury w rz\u0105dach Leszka Millera i Marka Belki<br \/> &#8211; <strong>Stanis\u0142aw Iwanicki<\/strong> &#8211; by\u0142y szef Kancelarii Prezydenta Lecha Wa\u0142\u0119sy zarejestrowanego jako  tajny wsp\u00f3\u0142pracownik SB &#8222;Bolek&#8221; oraz rady Instytutu Lecha Wa\u0142\u0119sy<br \/> &#8211; <strong>Wojciech Misi\u0105g <\/strong>&#8211;  w latach 1989-1991 zasiada\u0142 w radzie nadzorczej FOZZ; dzia\u0142alno\u015b\u0107 tego  Funduszu doprowadzi\u0142a do jednej z najwi\u0119kszych w historii III RP  defraudacji \u015brodk\u00f3w publicznych oraz kilkunastoletniego procesu  s\u0105dowego. W okresie 1984-1989 Misi\u0105g wchodzi\u0142 w sk\u0142ad Komisji Planowania  przy Radzie Ministr\u00f3w PRL. Nast\u0119pnie do 1994 r. zajmowa\u0142 stanowisko  podsekretarza stanu w Ministerstwie Finans\u00f3w w pi\u0119ciu kolejnych rz\u0105dach,  odpowiadaj\u0105c za polityk\u0119 finansow\u0105 i bud\u017cet. Wsp\u00f3\u0142pracowa\u0142 z Leszkiem  Balcerowiczem przy tworzeniu planu reform gospodarczych.<br \/> &#8211; <strong>Wojciech Oko\u0144ski<\/strong> &#8211; by\u0142y minister obrony narodowej, w latach 1998-2007 cz\u0142onek zarz\u0105du i  wiceprezes Prokom Investments &#8211; sp\u00f3\u0142ki nale\u017c\u0105cej do Ryszarda Krauzego<br \/> &#8211;\u00a0<strong>Tadeusz Zielniewicz <\/strong>&#8211;  historyk sztuki i konserwator zabytk\u00f3w architektury, by\u0142y instruktor  ds. kultury w Komitecie Wojew\u00f3dzkim PZPR w Lublinie. W latach 90. zosta\u0142  generalnym konserwatorem zabytk\u00f3w. Z tego stanowiska odszed\u0142 w  atmosferze skandalu &#8211; w 1995 r. zezwoli\u0142, mimo g\u0142o\u015bnych protest\u00f3w, na  wykre\u015blenie z rejestru zabytk\u00f3w <a id=\"anchorbbtBubble704\">pi\u0119knej<\/a> willi \u201eBrzozy\u201d przy ulicy Batorego w podwarszawskim Konstancinie.  Dzi\u0119ki tej kontrowersyjnej decyzji w\u0142a\u015bcicielka \u201eBrz\u00f3z\u201d, milionerka  Iwona B\u00fcchner (prezes m.in. <a id=\"anchorbbtBubble724\">domu<\/a> aukcyjnego Pol-Swiss Art), kilkana\u015bcie miesi\u0119cy p\u00f3\u017aniej wyburzy\u0142a  budynek i postawi\u0142a w tym miejscu \u201enowocze\u015bniejsz\u0105\u201d rezydencj\u0119. Kr\u00f3tko  przed rezygnacj\u0105 ze stanowiska generalnego konserwatora zabytk\u00f3w Tadeusz  Zielniewicz wyda\u0142 zezwolenie na wyw\u00f3z do Niemiec kilkuset XIX-wiecznych  wyrob\u00f3w kamiennych, zabranych z park\u00f3w i dwork\u00f3w Dolnego \u015al\u0105ska. 44  tiry z cennymi zabytkowymi dekoracjami zatrzymano w ostatniej chwili na  przej\u015bciu granicznym w Olszynie. Zawarto\u015b\u0107 ci\u0119\u017car\u00f3wek &#8211; jak si\u0119 okaza\u0142o &#8211;  mia\u0142a trafi\u0107 w r\u0119ce prywatnego niemieckiego obywatela, gdy\u017c &#8211; jak  oficjalnie t\u0142umaczyli urz\u0119dnicy Zielniewicza &#8211; by\u0142y to \u201ewyroby  niemieckie\u201d, kt\u00f3rych \u201ewyw\u00f3z nie spowoduje uszczerbku dla kultury  narodowej\u201d. Nied\u0142ugo po tym, jak \u00f3wczesny wiceminister kultury Tadeusz  Polak nazwa\u0142 t\u0119 operacj\u0119 \u201eskandalem i grabie\u017c\u0105\u201d, a prasa zainteresowa\u0142a  si\u0119 wykre\u015bleniem z rejestru zabytk\u00f3w willi \u201eBrzozy\u201d &#8211; Zielniewicz poda\u0142  si\u0119 do dymisji i podj\u0105\u0142 prac\u0119 jako doradca w Polskiej Radzie Biznesu,  za\u0142o\u017conej przez kilkunastu najbogatszych polskich przedsi\u0119biorc\u00f3w, w tym  Jana Wejcherta oraz Piotra B\u00fcchnera, m\u0119\u017ca Iwony B\u00fcchner.<br \/> <br \/> Na wr\u0119czeniu order\u00f3w obecni byli m.in. Lech Wa\u0142\u0119sa i Adam Michnik.<br \/> <br \/> Kto nigdy nie dostanie medalu od Bronis\u0142awa Komorowskiego? Np. Dariusz Bogdan, o kt\u00f3rym <a href=\"http:\/\/old.niezalezna.pl\/artykul\/ulga_dla_malolatow\/42413\/1\">wstrz\u0105saj\u0105cy tekst<\/a> napisa\u0142a Urszula Radziszewska.<\/p>","protected":false},"excerpt":{"rendered":"W przeddzie\u0144 rocznicy wybor\u00f3w 4 czerwca prezydent Bronis\u0142aw Komorowski wr\u0119czy\u0142 ordery osobom &#8222;zas\u0142u\u017conym dla przemian ustrojowych w Polsce&#8221;, cz\u0142onkom rz\u0105d\u00f3w okresu transformacji. Oto, kto zosta\u0142 odznaczony za &#8222;wybitne zas\u0142ugi dla transformacji ustrojowej Polski, za kszta\u0142towanie demokratycznych zasad pa\u0144stwa prawa, za osi\u0105gni\u0119cia w dzia\u0142alno\u015bci pa\u0144stwowej i publicznej&#8221;. Krzy\u017cem Wielkim Orderu Odrodzenia Polski uhonorowany zosta\u0142 Krzysztof Koz\u0142owski [&hellip;]","protected":false},"author":1,"featured_media":0,"comment_status":"closed","ping_status":"closed","sticky":false,"template":"","format":"standard","meta":{"_acf_changed":false,"_monsterinsights_skip_tracking":false,"_monsterinsights_sitenote_active":false,"_monsterinsights_sitenote_note":"","_monsterinsights_sitenote_category":0,"ngg_post_thumbnail":0,"footnotes":"","_wp_rev_ctl_limit":""},"categories":[8],"tags":[98,144,81,36],"acf":[],"_links":{"self":[{"href":"https:\/\/www.bibula.com\/index.php?rest_route=\/wp\/v2\/posts\/38920"}],"collection":[{"href":"https:\/\/www.bibula.com\/index.php?rest_route=\/wp\/v2\/posts"}],"about":[{"href":"https:\/\/www.bibula.com\/index.php?rest_route=\/wp\/v2\/types\/post"}],"author":[{"embeddable":true,"href":"https:\/\/www.bibula.com\/index.php?rest_route=\/wp\/v2\/users\/1"}],"replies":[{"embeddable":true,"href":"https:\/\/www.bibula.com\/index.php?rest_route=%2Fwp%2Fv2%2Fcomments&post=38920"}],"version-history":[{"count":0,"href":"https:\/\/www.bibula.com\/index.php?rest_route=\/wp\/v2\/posts\/38920\/revisions"}],"wp:attachment":[{"href":"https:\/\/www.bibula.com\/index.php?rest_route=%2Fwp%2Fv2%2Fmedia&parent=38920"}],"wp:term":[{"taxonomy":"category","embeddable":true,"href":"https:\/\/www.bibula.com\/index.php?rest_route=%2Fwp%2Fv2%2Fcategories&post=38920"},{"taxonomy":"post_tag","embeddable":true,"href":"https:\/\/www.bibula.com\/index.php?rest_route=%2Fwp%2Fv2%2Ftags&post=38920"}],"curies":[{"name":"wp","href":"https:\/\/api.w.org\/{rel}","templated":true}]}}