{"id":38616,"date":"2011-05-28T22:01:21","date_gmt":"2011-05-29T03:01:21","guid":{"rendered":"http:\/\/www.bibula.com\/?p=38616"},"modified":"2011-05-28T22:01:21","modified_gmt":"2011-05-29T03:01:21","slug":"think-tank-platformy-szczecin-niedostatecznie-skupia-sie-na-odkrywaniu-wspanialych-wielkomiejskich-tradycji-stettin","status":"publish","type":"post","link":"https:\/\/www.bibula.com\/?p=38616","title":{"rendered":"Think-tank Platformy: Szczecin niedostatecznie skupia si\u0119 na &#8222;odkrywaniu wspania\u0142ych wielkomiejskich tradycji Stettin&#8221;"},"content":{"rendered":"<p><strong>&#8222;Rzeczpospolita&#8221; <a href=\"http:\/\/www.rp.pl\/artykul\/659922.html\"> opisuje<\/a> raport Instytutu Obywatelskiego &#8211; oficjalnie afiliowanego przy   Platformie Obywatelskiej &#8211; nt. polskich miast.<\/strong><\/p>\r\n<p>Raport &#8211; jak pisze &#8222;Rz&#8221; &#8211; powsta\u0142 w oparciu o rozmowy, jakie   socjologowie: Pawe\u0142 Kubicki   (autor raportu) i Marcin Galent,   przeprowadzili w latach 2008 &#8211; 2010 z   liderami opinii, w\u015br\u00f3d kt\u00f3rych   znale\u017ali si\u0119 urz\u0119dnicy, aktywi\u015bci   miejscy, animatorzy i tw\u00f3rcy   kultury, dziennikarze i blogerzy. Dokument zatytu\u0142owany &#8222;Nowi  mieszczanie w nowej Polsce&#8221;dzi\u015b  trafi\u0142 do r\u0105k  pos\u0142\u00f3w PO, ma te\u017c zosta\u0107  opublikowany na stronie  internetowej Instytutu.<\/p>\r\n<p style=\"padding-left: 30px;\">&#8211; To pr\u00f3ba zdiagnozowania i przyjrzenia si\u0119  polskim miastom,  ich   rozwojowi, kszta\u0142towaniu si\u0119 ich to\u017csamo\u015bci. To  przecie\u017c miasta    odgrywaj\u0105 kluczow\u0105 rol\u0119 w procesie modernizacyjnym  naszego kraju &#8211;    podkre\u015bla Jaros\u0142aw Makowski, szef Instytutu  Obywatelskiego.<\/p>\r\n<p>Wnioski wykreowane przez autor\u00f3w jednak przera\u017caj\u0105. Zacytujmy &#8222;Rzeczpospolit\u0105&#8221;:<\/p>\r\n<p style=\"padding-left: 30px;\">Raport chwali now\u0105 to\u017csamo\u015b\u0107 Wroc\u0142awia, a <strong>jako jedn\u0105 z  g\u0142\u00f3wnych jego   zalet pokazuje odwo\u0142ywanie si\u0119 do niemieckiej  przesz\u0142o\u015bci<\/strong>. Tego &#8211;   zdaniem autora &#8211;<strong> brakuje z kolei Szczecinowi,  kt\u00f3ry niedostatecznie   skupia si\u0119 na &#8222;odkrywaniu wspania\u0142ych  wielkomiejskich tradycji Stettin&#8221;.<\/strong> M. in. dlatego to Wroc\u0142aw jest  przyk\u0142adem miasta nowoczesnego, kt\u00f3re   &#8222;tak samo jak Warszawa mog\u0142o  si\u0119\u00a0kreowa\u0107 na miasto m\u0119czennik\u00f3w,   cierpienia i roszcze\u0144&#8221;, ale wybra\u0142o  wizerunek &#8222;bardziej tw\u00f3rczy,   aktywny, obywatelski&#8221;.<\/p>\r\n<p>O Wroc\u0142awiu:<\/p>\r\n<p style=\"padding-left: 30px;\">Badani opowiadaj\u0105, \u017ce nie s\u0142uchaj\u0105 Radia Maryja, s\u0105  tolerancyjni, a   &#8222;antyniemieckie has\u0142a Kaczy\u0144skich tu raczej nie  znajduj\u0105 odzewu&#8221;.   Bardziej ni\u017c Polakami i Niemcami czuj\u0105 si\u0119  wroc\u0142awianami. &#8222;Wroc\u0142aw jest   mieszcza\u0144ski, przecie\u017c raptem 70 lat temu  BYLI\u015aMY jedn\u0105 ze stolic   Rzeszy&#8221; &#8211; tak raport cytuje jednego z  badanych.<\/p>\r\n<p>Jest te\u017c o Polsce wiernej warto\u015bciom, np. o Podkarpaciu &#8211; oczywi\u015bcie negatywnie:<\/p>\r\n<p style=\"padding-left: 30px;\">Jako pozytywne wyj\u0105tki wymienia si\u0119 Rzesz\u00f3w i Stalow\u0105 Wol\u0119,    kt\u00f3rych prezydenci &#8222;wy\u0142amuj\u0105 si\u0119 z katolicko-konserwatywnych    stereotyp\u00f3w&#8221;. W jaki spos\u00f3b? Wchodz\u0105c w konflikty z Ko\u015bcio\u0142em, co ma by\u0107    jedn\u0105 z przyczyn ich sukcesu, bo rz\u0105dz\u0105 ju\u017c trzeci\u0105 kadencj\u0119 &#8211;    dowiadujemy si\u0119 z dokumentu.<\/p>\r\n<p>Pilnujmy Polski, naprawd\u0119.<\/p>\r\n<p><strong><em>Sil<\/em><\/strong><\/p>","protected":false},"excerpt":{"rendered":"&#8222;Rzeczpospolita&#8221; opisuje raport Instytutu Obywatelskiego &#8211; oficjalnie afiliowanego przy Platformie Obywatelskiej &#8211; nt. polskich miast. Raport &#8211; jak pisze &#8222;Rz&#8221; &#8211; powsta\u0142 w oparciu o rozmowy, jakie socjologowie: Pawe\u0142 Kubicki (autor raportu) i Marcin Galent, przeprowadzili w latach 2008 &#8211; 2010 z liderami opinii, w\u015br\u00f3d kt\u00f3rych znale\u017ali si\u0119 urz\u0119dnicy, aktywi\u015bci miejscy, animatorzy i tw\u00f3rcy kultury, [&hellip;]","protected":false},"author":1,"featured_media":0,"comment_status":"closed","ping_status":"closed","sticky":false,"template":"","format":"standard","meta":{"_acf_changed":false,"_monsterinsights_skip_tracking":false,"_monsterinsights_sitenote_active":false,"_monsterinsights_sitenote_note":"","_monsterinsights_sitenote_category":0,"ngg_post_thumbnail":0,"footnotes":"","_wp_rev_ctl_limit":""},"categories":[8],"tags":[65,124],"acf":[],"_links":{"self":[{"href":"https:\/\/www.bibula.com\/index.php?rest_route=\/wp\/v2\/posts\/38616"}],"collection":[{"href":"https:\/\/www.bibula.com\/index.php?rest_route=\/wp\/v2\/posts"}],"about":[{"href":"https:\/\/www.bibula.com\/index.php?rest_route=\/wp\/v2\/types\/post"}],"author":[{"embeddable":true,"href":"https:\/\/www.bibula.com\/index.php?rest_route=\/wp\/v2\/users\/1"}],"replies":[{"embeddable":true,"href":"https:\/\/www.bibula.com\/index.php?rest_route=%2Fwp%2Fv2%2Fcomments&post=38616"}],"version-history":[{"count":0,"href":"https:\/\/www.bibula.com\/index.php?rest_route=\/wp\/v2\/posts\/38616\/revisions"}],"wp:attachment":[{"href":"https:\/\/www.bibula.com\/index.php?rest_route=%2Fwp%2Fv2%2Fmedia&parent=38616"}],"wp:term":[{"taxonomy":"category","embeddable":true,"href":"https:\/\/www.bibula.com\/index.php?rest_route=%2Fwp%2Fv2%2Fcategories&post=38616"},{"taxonomy":"post_tag","embeddable":true,"href":"https:\/\/www.bibula.com\/index.php?rest_route=%2Fwp%2Fv2%2Ftags&post=38616"}],"curies":[{"name":"wp","href":"https:\/\/api.w.org\/{rel}","templated":true}]}}