{"id":38587,"date":"2011-05-27T21:45:48","date_gmt":"2011-05-28T02:45:48","guid":{"rendered":"http:\/\/www.bibula.com\/?p=38587"},"modified":"2011-05-27T21:45:48","modified_gmt":"2011-05-28T02:45:48","slug":"cel-wizyty-obamy-lobbowanie-na-rzecz-interesow-firm-amerykanskich","status":"publish","type":"post","link":"https:\/\/www.bibula.com\/?p=38587","title":{"rendered":"Cel wizyty Obamy: lobbowanie na rzecz interes\u00f3w firm ameryka\u0144skich"},"content":{"rendered":"<p><strong><em>Prezydent USA nie przyjecha\u0142 na spotkanie prezydent\u00f3w pa\u0144stw Europy \u015arodkowo-Wschodniej, przylecia\u0142 lobbowa\u0107 na rzecz interes\u00f3w ameryka\u0144skich firm zajmuj\u0105cych si\u0119 wydobywaniem gazu \u0142upkowego<\/em><\/strong><\/p>\r\n<p><strong>Z Andrzejem Maciejewskim, ekspertem w dziedzinie polityki z Instytutu Sobieskiego, rozmawia Marta Ziarnik<\/strong><br \/><br \/><strong>Warszawa  na kilka godzin sta\u0142a si\u0119 &#8211; jak podkre\u015bla\u0142a wczoraj ekipa rz\u0105dz\u0105ca &#8211;  polityczn\u0105 stolic\u0105 regionu. Polska ma aspiracj\u0119, by zosta\u0107 na sta\u0142e  liderem Europy \u015arodkowej?<\/strong><\/p>\r\n<p>&#8211; Ka\u017cda ze stron musi si\u0119 czym\u015b  pochwali\u0107 i takie przedstawianie sprawy mnie nie dziwi. W ko\u0144cu trzeba  ca\u0142\u0105 t\u0119 imprez\u0119 jako\u015b &#8222;sprzeda\u0107&#8221;. Ale gdyby dzisiaj spyta\u0107 si\u0119 Polak\u00f3w o  to, co tak naprawd\u0119 dzieje si\u0119 w tych dniach w Warszawie, to zapewniam,  \u017ce nikt nie wspomni o szczycie pa\u0144stw Europy \u015arodkowej, a jedynie o  wizycie prezydenta Stan\u00f3w Zjednoczonych Baracka Obamy. Czyli m\u00f3wimy o  spotkaniu towarzyskim g\u0142\u00f3w 20 pa\u0144stw Europy \u015arodkowo-Wschodniej, w  kt\u00f3rym tak na dobr\u0105 spraw\u0119 nie wida\u0107 ani lidera, ani wyra\u017anie  zarysowanych temat\u00f3w wsp\u00f3lnych, kt\u00f3re mia\u0142yby ewidentnie wskazywa\u0107  kierunek wsp\u00f3lnych prac i dzia\u0142a\u0144. Chcia\u0142bym tutaj podkre\u015bli\u0107 te\u017c  jeszcze jedn\u0105 rzecz, a mianowicie, \u017ce spotkanie rozpocz\u0119\u0142o si\u0119 w  godzinach porannych, a prezydent Obama przylecia\u0142 do Warszawy p\u00f3\u017anym  popo\u0142udniem. To z kolei pokazuje, jak Stany Zjednoczone dzisiaj widz\u0105  Europ\u0119 \u015arodkowo-Wschodni\u0105, czyli \u017ce ta wizyta ameryka\u0144skiego prezydenta,  kt\u00f3ra mia\u0142a by\u0107 mocno podci\u0105gni\u0119ta pod spotkanie g\u0142\u00f3w pa\u0144stw Europy  \u015arodkowej i spotkanie z polskim prezydentem, rozmija si\u0119 z tym  za\u0142o\u017ceniem. Te interesy Europy \u015arodkowo-Wschodniej i samych Stan\u00f3w  Zjednoczonych to s\u0105 naprawd\u0119 dwie r\u00f3\u017cne &#8222;bajki&#8221;. Z drugiej strony nasza  pozycja w regionie jako &#8222;lidera&#8221; po prostu nie funkcjonuje. Nie ma  dzisiaj czego\u015b takiego jak &#8222;liderowanie&#8221; Polski jako pa\u0144stwa, kt\u00f3re  staje si\u0119 ambasadorem grupy pa\u0144stw Europy \u015arodkowo-Wschodniej. Jeste\u015bmy  rozbici wewn\u0119trznie i nie ma u nas tej definicji plan\u00f3w d\u0142ugofalowych.  Przede wszystkim za\u015b odnowi\u0142y si\u0119 stare rany, kt\u00f3re zn\u00f3w krwawi\u0105 i  powoduj\u0105 niesnaski.<br \/><br \/><strong>Na tego typu spotkaniach nie wypracowuje si\u0119 i nie podejmuje \u017cadnych wi\u0105\u017c\u0105cych decyzji.<\/strong><\/p>\r\n<p>&#8211;  Tak, tu si\u0119 wymienia pogl\u0105dy i omawia problemy z danego regionu. Ale  zawsze musi by\u0107 podczas takich spotka\u0144 jaki\u015b lider, kto\u015b prowadz\u0105cy.  Jednak na dzisiaj my &#8211; jako lider, w ostatnich latach nie zdali\u015bmy tego  egzaminu. O ile w momencie konfliktu gruzi\u0144skiego byli\u015bmy wyra\u017anym  liderem, tak\u0105 maszyn\u0105 zbieraj\u0105c\u0105 wok\u00f3\u0142 siebie pa\u0144stwa Europy  \u015arodkowo-Wschodniej, tak dzisiaj ani prezydent, ani premier nie maj\u0105  takiej mo\u017cliwo\u015bci, takiej mocy, ani nawet takich ch\u0119ci. Wyra\u017anie oddali  pola szczeg\u00f3lnie dyplomacji Niemiec, je\u015bli chodzi o polityk\u0119 wschodni\u0105 i  rosyjsk\u0105. Z drugiej strony wychodzi nijako\u015b\u0107 polskiej dyplomacji i  nijako\u015b\u0107 polskiej wizji polityki zagranicznej w tym regionie.<br \/><br \/><strong>Wspomnia\u0142  Pan, \u017ce momentem dogodnym do wybicia si\u0119 na pozycj\u0119 lidera by\u0142 konflikt  w Gruzji, ale szanse zosta\u0142y zaprzepaszczone. Kt\u00f3re to by\u0142y te istotne  momenty w tym niweczeniu naszych mo\u017cliwo\u015bci?<\/strong><\/p>\r\n<p>&#8211; Przypomn\u0119, \u017ce w  trakcie konfliktu gruzi\u0144skiego pierwszym b\u0142\u0119dem by\u0142 dystans rz\u0105du  Donalda Tuska do dzia\u0142a\u0144 prezydenta Lecha Kaczy\u0144skiego. Premier w wyniku  tego konfliktu gruzi\u0144skiego na jaki\u015b czas znikn\u0105\u0142, uzna\u0142, \u017ce nie b\u0119dzie  si\u0119 odzywa\u0142, bo nie ma tematu. W tym czasie prezydencj\u0119 w Unii  Europejskiej mia\u0142a Francja, a Nicolas Sarkozy na si\u0142\u0119 chcia\u0142 udowodni\u0107,  \u017ce jest m\u0119\u017cem stanu potrafi\u0105cym zaprowadzi\u0107 pok\u00f3j w Gruzji. Oczywi\u015bcie  za ka\u017cdym razem, b\u0119d\u0105c ok\u0142amywanym przez Rosjan, przyj\u0105\u0142 ich zapewnienia  za pewnik, jakoby wszystko by\u0142o w porz\u0105dku i nic z\u0142ego si\u0119 nie dzia\u0142o, a  polska dyplomacja nagle stan\u0119\u0142a w swoistym rozkroku, gdy\u017c okaza\u0142o si\u0119,  \u017ce co innego m\u00f3wi prezydent, a co innego premier. Dodatkowo polski  minister spraw zagranicznych nie szanuje g\u0142owy pa\u0144stwa &#8211; bo,  przypomnijmy, \u017ce w tamtym czasie minister Rados\u0142aw Sikorski by\u0142 osob\u0105  zachowuj\u0105c\u0105 si\u0119 nielojalnie wobec pierwszego obywatela Rzeczypospolitej &#8211;  i tutaj wysz\u0142a ju\u017c nasza s\u0142abo\u015b\u0107, kt\u00f3ra by\u0142a bardzo silnie zauwa\u017cana  r\u00f3wnie\u017c na zewn\u0105trz. I t\u0119 s\u0142abo\u015b\u0107 bardzo szybko wykorzystali Rosjanie, a  za tym bardzo szybko posz\u0142y kolejne konsekwencje, w tym m.in.  os\u0142abienie relacji z poszczeg\u00f3lnymi s\u0105siadami, jak chocia\u017cby z Ukrain\u0105, i  zatracenie tej dobrej linii rodz\u0105cej si\u0119 wsp\u00f3\u0142pracy z Litw\u0105. To w\u0142a\u015bnie  poprzez takie dzia\u0142ania dosz\u0142o do tego rozmycia i do obecnej sytuacji.  Dzisiaj wi\u0119c mamy stan, jaki mamy, gdzie na dobr\u0105 spraw\u0119 spotyka si\u0119 20  gentleman\u00f3w, kt\u00f3rzy wypij\u0105 po kawie, ka\u017cdy powie, co ma do powiedzenia i  nasza ekipa rz\u0105dz\u0105ca b\u0119dzie mog\u0142a &#8222;odfajkowa\u0107&#8221; kolejne kurtuazyjne  spotkanie, kt\u00f3re niczego istotnego nie wniesie. Wystarczy chocia\u017cby  otworzy\u0107 pi\u0105tkowe dzienniki, \u017ceby si\u0119 o tym przekona\u0107. Gdzie w tych  tytu\u0142ach i wiadomo\u015bciach wida\u0107 si\u0142\u0119 polskiej dyplomacji? Czy wida\u0107 w  nich, \u017ceby\u015bmy aspirowali do roli lidera? Tego nie ma.<br \/><br \/><strong>Spotkanie prezydent\u00f3w medialnie i PR-owo zdominowa\u0142 przyjazd Baracka Obamy&#8230;<\/strong><\/p>\r\n<p>&#8211;  Dok\u0142adnie. No i jeszcze dyskusja na temat gazu \u0142upkowego. Tymczasem na  dobr\u0105 spraw\u0119 mo\u017cna powiedzie\u0107, \u017ce przyjazd do Polski Obamy po niemal  trzech latach jego prezydentury ju\u017c nie jest dowodem tego, \u017ce jeste\u015bmy  jakim\u015b strategicznym partnerem w regionie. Bo to jest \u017ca\u0142osne, \u017ce  ameryka\u0144ski prezydent przyje\u017cd\u017ca do nas dopiero po tak d\u0142ugim czasie &#8211; i  do tego jeszcze bez pierwszej damy, mimo \u017ce mia\u0142 wcze\u015bniej ku temu  wiele okazji. Mia\u0142 wiele sposobno\u015bci, by udowodni\u0107, \u017ce Polska jest dla  USA wa\u017cnym partnerem. Uwa\u017cam wi\u0119c, i\u017c musimy to odchorowa\u0107 i taki kube\u0142  zimnej wody &#8211; w ramach dyplomacji &#8211; wyla\u0107 sobie na g\u0142ow\u0119, \u017ce to wszystko  inaczej wygl\u0105da ni\u017c powinno.<br \/><br \/><strong>Katastrofa smole\u0144ska obna\u017cy\u0142a  dramatyczn\u0105 s\u0142abo\u015b\u0107 pa\u0144stwa polskiego. Mo\u017ce to w\u0142a\u015bnie od wyja\u015bnienia  tej kwestii Bronis\u0142aw Komorowski powinien rozpocz\u0105\u0107 odbudowywanie  pozycji kraju?<\/strong><\/p>\r\n<p>&#8211; Tego si\u0119 nie da zamkn\u0105\u0107 jednym zdaniem, ale wiem  na pewno, \u017ce ka\u017cdy racjonalny przyw\u00f3dca ka\u017cdego pa\u0144stwa, widz\u0105c, co si\u0119  dzieje, czyli \u017ce w trakcie takiej tragedii ginie nie tylko g\u0142owa  pa\u0144stwa, ale i ca\u0142y sztab Wojska Polskiego, to jest to dramat ju\u017c nie  tylko w ramach polityki, ale i dramat bezpiecze\u0144stwa militarnego kraju. I  taki prezydent powinien z g\u00f3ry by\u0107 pierwszym, kt\u00f3ry b\u0119dzie akcentowa\u0142  potrzeb\u0119 \u015bledztwa prowadzonego przez NATO. A jestem przekonany, \u017ce w  tamtym czasie Rosjanie poszliby na wszystko po to tylko, \u017ceby udowodni\u0107  \u015bwiatu, \u017ce oni, jako strona, w tym wszystkim nie maczali palc\u00f3w i s\u0105  czy\u015bci. Kto\u015b w pewnym momencie nie wzi\u0105\u0142 pod uwag\u0119 tego, \u017ce co\u015b takiego  nale\u017ca\u0142o zrobi\u0107 i wyj\u015b\u0107 z tak\u0105 inicjatyw\u0105. A NATO na pewno by\u0142oby tym  zainteresowane. Czyli, jak pani m\u00f3wi, to unaoczni\u0142o kolejn\u0105 s\u0142abo\u015b\u0107  naszego pa\u0144stwa.<br \/><br \/><strong>Rozpoczynaj\u0105c spotkanie, prezydent  Komorowski, jako gospodarz, nie powiedzia\u0142 nic, co mog\u0142oby wytyczy\u0107  perspektyw\u0119 dzia\u0142ania na przysz\u0142o\u015b\u0107.<\/strong><\/p>\r\n<p>&#8211; Z przykro\u015bci\u0105 musz\u0119  stwierdzi\u0107, \u017ce prezydent mojego kraju niestety nie dor\u00f3s\u0142 do pozycji  prezydenta Polski w sensie osobowo\u015bciowym. Bo \u017ceby by\u0107 prezydentem,  trzeba by\u0107 osobowo\u015bci\u0105. Trzeba by\u0107 osob\u0105, kt\u00f3ra patrzy nie tylko na  sprawy tu i teraz, ale patrzy te\u017c na sprawy w perspektywie najbli\u017cszych  kilku, kilkunastu lat i na sprawy w ca\u0142ym otaczaj\u0105cym nas regionie. Tego  nie ma. I wszystko wskazuje na to, \u017ce Komorowski nie jest w stanie tego  opanowa\u0107. W konsekwencji doprowadzi\u0142o to do tego, \u017ce to premier Tusk  przej\u0105\u0142 inicjatyw\u0119, a prezydent nie jest w stanie przeciwstawi\u0107 si\u0119  tokowi dzia\u0142ania szefa rz\u0105du i jego administracji. Z drugiej strony  polski prezydent sta\u0142 si\u0119 &#8222;prezydentem dryfuj\u0105cym&#8221; i mamy w kraju taki  bezw\u0142ad dyplomatyczny. Sprowadza si\u0119 to do tego, co kiedy\u015b powiedzia\u0142  premier Tusk, czyli \u017ce &#8222;w\u0142adza \u017cyrandola dzia\u0142a&#8221; i \u017ce dosz\u0142o do  zamkni\u0119cia prezydenta na salonach na gruncie tylko kurtuazyjnym, bez  rzeczy najbardziej istotnych, kt\u00f3re wyznaczaj\u0105 wszystkie pa\u0144stwa, a wi\u0119c  bez chocia\u017cby kwestii gospodarczych. Gaz \u0142upkowy stanowi dzi\u015b dla nas  &#8222;5 minut&#8221; w Europie, niemal &#8222;by\u0107 albo nie by\u0107&#8221;, je\u015bli chodzi o nasze  bezpiecze\u0144stwo, a paradoksalnie okazuje si\u0119, \u017ce to Amerykanie b\u0119d\u0105 dzi\u015b  naszymi najwi\u0119kszymi sojusznikami, a nie UE. I m\u00f3wmy dzisiaj wyra\u017anie:  prezydent USA nie przyjecha\u0142 na spotkanie prezydent\u00f3w pa\u0144stw Europy  \u015arodkowo-Wschodniej, ale przyjecha\u0142 lobbowa\u0107 na rzecz interes\u00f3w  ameryka\u0144skich firm zajmuj\u0105cych si\u0119 wydobywaniem gazu \u0142upkowego. Pytanie,  czy my wiemy, jakie mamy te interesy i jak chcemy je zrealizowa\u0107. Bo  je\u017celi pada pytanie chwil\u0119 przed rozpocz\u0119ciem szczytu o to, co prezydent  Komorowski i nasz rz\u0105d chc\u0105 za\u0142atwi\u0107 w ramach tego szczytu i wizyty  Obamy, to okazuje si\u0119, \u017ce nasza ekipa rz\u0105dz\u0105ca milczy, bo nie poczyni\u0142a  \u017cadnych ustale\u0144 w tym zakresie. Przyk\u0142ad Ameryki pokazuje, i\u017c w\u0142a\u015bnie  polityka konsekwencji i kontynuacji oraz zasada ewolucji, a nie  rewolucji w polityce zagranicznej jest t\u0105 najlepsz\u0105. Zauwa\u017cmy, \u017ce w tych  sferach polityki, gdzie nie zastosowano tej zasady kontynuacji polityki  poprzednika, niczego nie osi\u0105gni\u0119to. I niestety, dzisiaj Polska nie ma  tematu numer jeden w polityce zagranicznej. A powinna nim by\u0107 gospodarka  i kwestia gazu \u0142upkowego.<br \/><br \/><strong>Dzi\u0119kuj\u0119 za rozmow\u0119.<\/strong><\/p>","protected":false},"excerpt":{"rendered":"Prezydent USA nie przyjecha\u0142 na spotkanie prezydent\u00f3w pa\u0144stw Europy \u015arodkowo-Wschodniej, przylecia\u0142 lobbowa\u0107 na rzecz interes\u00f3w ameryka\u0144skich firm zajmuj\u0105cych si\u0119 wydobywaniem gazu \u0142upkowego Z Andrzejem Maciejewskim, ekspertem w dziedzinie polityki z Instytutu Sobieskiego, rozmawia Marta ZiarnikWarszawa na kilka godzin sta\u0142a si\u0119 &#8211; jak podkre\u015bla\u0142a wczoraj ekipa rz\u0105dz\u0105ca &#8211; polityczn\u0105 stolic\u0105 regionu. Polska ma aspiracj\u0119, by zosta\u0107 [&hellip;]","protected":false},"author":1,"featured_media":0,"comment_status":"closed","ping_status":"closed","sticky":false,"template":"","format":"standard","meta":{"_acf_changed":false,"_monsterinsights_skip_tracking":false,"_monsterinsights_sitenote_active":false,"_monsterinsights_sitenote_note":"","_monsterinsights_sitenote_category":0,"ngg_post_thumbnail":0,"footnotes":"","_wp_rev_ctl_limit":""},"categories":[9],"tags":[89,98,144,21],"acf":[],"_links":{"self":[{"href":"https:\/\/www.bibula.com\/index.php?rest_route=\/wp\/v2\/posts\/38587"}],"collection":[{"href":"https:\/\/www.bibula.com\/index.php?rest_route=\/wp\/v2\/posts"}],"about":[{"href":"https:\/\/www.bibula.com\/index.php?rest_route=\/wp\/v2\/types\/post"}],"author":[{"embeddable":true,"href":"https:\/\/www.bibula.com\/index.php?rest_route=\/wp\/v2\/users\/1"}],"replies":[{"embeddable":true,"href":"https:\/\/www.bibula.com\/index.php?rest_route=%2Fwp%2Fv2%2Fcomments&post=38587"}],"version-history":[{"count":0,"href":"https:\/\/www.bibula.com\/index.php?rest_route=\/wp\/v2\/posts\/38587\/revisions"}],"wp:attachment":[{"href":"https:\/\/www.bibula.com\/index.php?rest_route=%2Fwp%2Fv2%2Fmedia&parent=38587"}],"wp:term":[{"taxonomy":"category","embeddable":true,"href":"https:\/\/www.bibula.com\/index.php?rest_route=%2Fwp%2Fv2%2Fcategories&post=38587"},{"taxonomy":"post_tag","embeddable":true,"href":"https:\/\/www.bibula.com\/index.php?rest_route=%2Fwp%2Fv2%2Ftags&post=38587"}],"curies":[{"name":"wp","href":"https:\/\/api.w.org\/{rel}","templated":true}]}}