{"id":38560,"date":"2011-05-27T11:54:34","date_gmt":"2011-05-27T16:54:34","guid":{"rendered":"http:\/\/www.bibula.com\/?p=38560"},"modified":"2011-05-27T11:54:34","modified_gmt":"2011-05-27T16:54:34","slug":"starsi-i-madrzejsi-instruuja-drogiego-goscia-stanislaw-michalkiewicz","status":"publish","type":"post","link":"https:\/\/www.bibula.com\/?p=38560","title":{"rendered":"Starsi i m\u0105drzejsi instruuj\u0105 Drogiego Go\u015bcia &#8211; <em>Stanis\u0142aw Michalkiewicz<\/em>"},"content":{"rendered":"<p><strong>\u201e<em>Nie ma Baracka dla warszawiaka<\/em>\u201d &#8211; ubolewa w \u201e<em>Gazecie Wyborczej<\/em>\u201d  red. Seweryn Blumsztajn &#8211; bo rzeczywi\u015bcie &#8211; tego ca\u0142ego prezydenta  Obamy bardziej pilnuj\u0105, ni\u017c Czyngis-Chana i nawet rodziny smole\u0144skie  zosta\u0142y do\u0144 dopuszczone po przeprowadzeniu starannej selekcji. Jakie  by\u0142y kryteria tej selekcji &#8211; trudno zgadn\u0105\u0107, ale nie wykluczone, \u017ce  dokonano jej kieruj\u0105c si\u0119 intencj\u0105, by prezydenta Obamy specjalnie nie  molestowa\u0142y \u017cadnymi spiskowymi teoriami.<\/strong><\/p>\r\n<p>Zatem \u017caden z warszawiak\u00f3w nie dost\u0105pi zaszczytu ogl\u0105dania prezydenta  Obamy twarz\u0105 w twarz (a przecie\u017c taki przywilej przewidzia\u0142 dla  zbawionych nawet sam Pan B\u00f3g; od razu wida\u0107, \u017ce z Panem Bogiem \u0142atwiej  ni\u017c z lud\u017ami, przynajmniej niekt\u00f3rymi) &#8211; a takiemu prezydentowi  Ryszardowi Nixonowi stoj\u0105cy bli\u017cej mogli nawet u\u015bcisn\u0105\u0107 r\u0119k\u0119. Ryszard  Nixon przyjecha\u0142 do Warszawy w 1972 roku i wprawdzie na ca\u0142y czas wizyty  anektowa\u0142y go komuchy, ale po z\u0142o\u017ceniu wie\u0144ca przed Grobem Nieznanego  \u0179o\u0142nierza nie wsiad\u0142 on od razu do limuzyny, tylko podszed\u0142 do  zgromadzonego na Placu Zwyci\u0119stwa (dzisiaj Pi\u0142sudskiego) t\u0142umu i zacz\u0105\u0142  si\u0119 z nim nie\u015bmia\u0142o integrowa\u0107. T\u0142um pocz\u0105tkowo zamar\u0142 w ciszy, a\u017c jaki\u015b  przytomny cz\u0142owiek zacz\u0105\u0142 skandowa\u0107 : Ni-xon, Ni-xon! &#8211; co blisko  dziesi\u0119ciotysi\u0119czny t\u0142um z rado\u015bci\u0105 podchwyci\u0142. Kiedy ju\u017c Nixon  odjecha\u0142, a t\u0142um powoli si\u0119 rozchodzi\u0142, us\u0142ysza\u0142em fragment rozmowy  dw\u00f3ch id\u0105cych przede mn\u0105 starszych pa\u0144: \u201e<em>czemu si\u0119 dziwisz? &#8211; perswadowa\u0142a jedna drugiej &#8211; nar\u00f3d si\u0119 st\u0119skni\u0142!<\/em>\u201d  Obamie na takie zbytki tajniacy by pod \u017cadnym pozorem nie pozwolili,  tote\u017c, zamiast z normalnymi lud\u017ami, b\u0119dzie musia\u0142 rozmawia\u0107 m.in. z  panem Tadeuszem Mazowieckim. To tortura gorsza od \u015bmierci, chyba, \u017ce pan  Tadeusz r\u00f3wnie\u017c wobec prezydenta Obamy zaprezentuje \u201e<em>postaw\u0119 s\u0142u\u017cebn\u0105<\/em>\u201d, z kt\u00f3rej zas\u0142yn\u0105\u0142 jeszcze za pierwszej komuny. Mizerna to dystrakcja, ale trudno &#8211; wedle stawu grobla.<\/p>\r\n<p>Ale red. Blumsztajn, chocia\u017c, ma si\u0119 rozumie\u0107, chce dobrze, to nie  powinien si\u0119 martwi\u0107 a\u017c tak bardzo, poniewa\u017c o jego interesy  zatroszczyli si\u0119 starsi i m\u0105drzejsi. Oto \u015awiatowa Organizacja Restytucji  Mienia \u017bydowskiego wezwa\u0142a prezydenta Obame, by podczas wizyty w  Warszawie \u201e<em>wywar\u0142 presj\u0119<\/em>\u201d na tubylczy rz\u0105d w kierunku za\u0142atwienia sprawy \u201e<em>rekompensat<\/em>\u201d  za mienie pozosta\u0142e w Polsce po \u017bydach wymordowanych w czasie II wojny.  By\u0142y ambasador Izraela w Warszawie, pan Dawid Peleng, \u201e<em>wezwa\u0142<\/em>\u201d z kolei premiera Tusk do \u201e<em>wznowienia procesu legislacyjnego na rzecz restytucji<\/em>\u201d, wstrzymanego ze wzgl\u0119du na \u201e<em>trudn\u0105 sytuacj\u0119 bud\u017cetow\u0105 pa\u0144stwa<\/em>\u201d &#8211; ale nie odwo\u0142an\u0105.<\/p>\r\n<p>Niezale\u017cnie od tego kongresman Smith i senator Chardin &#8211;  wsp\u00f3\u0142przewodnicz\u0105cy Komisji Helsi\u0144skiej przy Kongresie USA zaapelowali  do prezydenta Obamy, by \u201e<em>wywar\u0142 presj\u0119<\/em>\u201d, daj\u0105c zarazem do zrozumienia, \u017ce nieza\u0142atwienie sprawy \u017cydowskich roszcze\u0144 \u201e<em>os\u0142abia nasze wa\u017cne dwustronne stosunki<\/em>\u201d.  Trudno temu zaprzeczy\u0107 ju\u017c cho\u0107by z uwagi na to, \u017ce obecna  administracja Stan\u00f3w Zjednoczonych traktuje Polsk\u0119 ju\u017c tylko jako  skarbonk\u0119, z kt\u00f3rej \u017bydzi mogliby si\u0119 zasila\u0107, ilekro\u0107 tylko poczuj\u0105  tak\u0105 potrzeb\u0119. Zatem jest wysoce prawdopodobne, \u017ce prezydent Obama nie  da sobie dwa razy takich zach\u0119t powtarza\u0107. Jak na t\u0119 \u201e<em>presj\u0119<\/em>\u201d zareaguj\u0105 nasi Umi\u0142owani Przyw\u00f3dcy &#8211; vederemo.<\/p>\r\n<p>W oczekiwaniu na upragniony komunikat warto przypomnie\u0107 histori\u0119 zmaga\u0144 o te \u201e<em>rekompensaty<\/em>\u201d,  potwierdzaj\u0105cych trafno\u015b\u0107 francuskiego przys\u0142owia, \u017ce l\u2019appetit vient  en mangeant &#8211; co si\u0119 wyk\u0142ada, \u017ce apetyt ro\u015bnie w miar\u0119 jedzenia. W 1994  roku, kiedy Polska &#8211; podobnie jak inne kraje Europy \u015arodkowej &#8211; og\u0142osi\u0142a  jako jeden ze swoich politycznych priorytet\u00f3w przyst\u0105pienia do NATO &#8211;  o\u015bmiu wp\u0142ywowych polityk\u00f3w ameryka\u0144skich z obydwu partii napisa\u0142o do  \u00f3wczesnego sekretarza stanu Warrena Christophera list, zalecaj\u0105c by  Departament Stanu ostrzeg\u0142 rz\u0105dy pa\u0144stw Europy \u015arodkowej, \u017ce je\u015bli nie  zado\u015b\u0107uczyni\u0105 one \u017cydowskim roszczeniom, to stosunki USA z tymi  pa\u0144stwami si\u0119 \u201e<em>pogorsz\u0105<\/em>\u201d &#8211; co nietrudno by\u0142o zrozumie\u0107, jako zablokowanie akcesji do NATO.<\/p>\r\n<p>List taki, o ile wiem, nie zosta\u0142 wys\u0142any, ale za to nast\u0105pi\u0142 kontrolowany przeciek owego \u201e<em>listu o\u015bmiu<\/em>\u201d  do ameryka\u0144skiej prasy. Polski rz\u0105d aluzj\u0119 ponia\u0142 i skierowa\u0142 do Sejmu  projekt ustawy o stosunku pa\u0144stwa do gmin wyznaniowych \u017cydowskich,  przewiduj\u0105cy transfer mienia w postaci nieruchomo\u015bci nie tylko dla 9  istniej\u0105cych pod\u00f3wczas w Polsce gmin \u017cydowskich, ale r\u00f3wnie\u017c &#8211; dla  nowojorskiej Organizacji Restytucji Mienia \u017bydowskiego, kt\u00f3ra w\u0142a\u015bnie  wzywa prezydenta Obam\u0119 do wywarcia \u201e<em>presji<\/em>\u201d. Szacunkowa warto\u015b\u0107  tego mienia opiewa\u0142a na ok. 10 mld dolar\u00f3w, a chocia\u017c -quorum pars parva  fui &#8211; uda\u0142o si\u0119 t\u0119 kwot\u0119 zredukowa\u0107 o jakie\u015b 3 mld dolar\u00f3w poprzez  wy\u0142\u0105czenie z transferu nieruchomo\u015bci niezabudowanych &#8211; to jednak \u0142ap\u00f3wka  za przyst\u0105pienie do NATO musia\u0142a zosta\u0107 \u017bydom zap\u0142acona.<\/p>\r\n<p>Nawiasem m\u00f3wi\u0105c, doprowadzi\u0142o to do humorystycznych sytuacji; mn\u00f3stwo  s\u0142owia\u0144skich tubylc\u00f3w zacz\u0119\u0142o udawa\u0107 \u017byd\u00f3w, czemu si\u0119 trudno dziwi\u0107,  skoro pojawi\u0142o si\u0119 tyle forsy do rozdrapania, a poza tym powsta\u0142y  konkuruj\u0105ce ze sob\u0105 gminy \u017cydowskie, kt\u00f3re oskar\u017caj\u0105 si\u0119 wzajemnie o  podszywanie si\u0119. Tak czy owak proces przekazywania nieruchomo\u015bci na  podstawie tej ustawy ruszy\u0142 i trwa nadal.<\/p>\r\n<p>Poniewa\u017c by\u0142em chyba jedynym publicyst\u0105 w Polsce, kt\u00f3ry odwa\u017cy\u0142 si\u0119  publicznie przeciwko tej ustawie oponowa\u0107, przypomn\u0119 argumenty, jakie  pod\u00f3wczas podnosi\u0142em, a kt\u00f3re nie straci\u0142y i dzisiaj aktualno\u015bci. Po  pierwsze &#8211; transfer dotyczy\u0142 gmin \u017cydowskich, kt\u00f3re w my\u015bl  przedwojennego prawa polskiego \u201e<em>mia\u0142y prawa korporacyjne<\/em>\u201d &#8211; co  oznacza, \u017ce by\u0142y osobami prawnymi o typie korporacji. W korporacjach za\u015b  &#8211; w odr\u00f3\u017cnieniu od fundacji &#8211; czynnikiem decyduj\u0105cym o trwaniu  osobowo\u015bci prawnej s\u0105 tworz\u0105cy je ludzie. Je\u015bli zatem ludzie tworz\u0105cy  gminy \u017cydowskie zostali wymordowani, to usta\u0142o r\u00f3wnie\u017c ich trwanie jako  os\u00f3b prawnych. Zatem istniej\u0105ce obecnie w Polsce gminy \u017cydowskie w  liczbie 9 nie s\u0105 \u017cadnymi kontynuatorkami \u017cydowskich gmin przedwojennych &#8211;  poniewa\u017c mi\u0119dzy osobami prawnymi nie ma dziedziczenia, jak mi\u0119dzy  osobami fizycznymi. Dlatego te\u017c sprzeciwia\u0142em si\u0119 u\u017cyciu w ustawie  okre\u015blenia \u201e<em>zwrot mienia<\/em>\u201d, jak si\u0119 okaza\u0142o &#8211; trafnie obawiaj\u0105c  si\u0119, \u017ce przyj\u0119cie takiego stanowiska mo\u017ce w przysz\u0142o\u015bci obr\u00f3ci\u0107 si\u0119  przeciwko polskim interesom.<\/p>\r\n<p>Zatem &#8211; po drugie &#8211; sytuacja prawna powojennych gmin \u017cydowskich w Polsce  by\u0142a taka sama, jak parafii i diecezji Ko\u015bcio\u0142a Rzymskokatolickiego na  Ziemiach Zachodnich i P\u00f3\u0142nocnych. Poniewa\u017c one te\u017c s\u0105 korporacjami,  zatem nie mog\u0142y dziedziczy\u0107 mienia po niemieckich parafiach  ewangelickich, a nawet &#8211; rzymskokatolickich na tych terenach. Dlatego  te\u017c kiedy w 1972 roku PRL, w ramach normalizacji stosunk\u00f3w ze Stolic\u0105  Apostolsk\u0105, postanowi\u0142a uregulowa\u0107 w\u0142asno\u015b\u0107 parafii i diecezji Ko\u015bcio\u0142a  katolickiego na Ziemiach Zachodnich &#8211; nie \u201e<em>zwr\u00f3ci\u0142a<\/em>\u201d im mienia po  dawnych parafiach niemieckich, tylko NADA\u0141A w\u0142asno\u015b\u0107 w takich  rozmiarach, jak to zosta\u0142o uzgodnione. Dlatego te\u017c uwa\u017ca\u0142em \u017ce  identyczn\u0105 formu\u0142\u0119 nale\u017ca\u0142o zastosowa\u0107 wobec gmin \u017cydowskich &#8211; ale  zajmuj\u0105cy si\u0119 t\u0105 ustaw\u0105 pose\u0142 SLD poinformowa\u0142 mnie, \u017ce z uwagi na  jakie\u015b obietnice, kt\u00f3re prezydent Kwa\u015bniewski swoim zwyczajem  lekkomy\u015blnie z\u0142o\u017cy\u0142 \u017bydom w Nowym Jorku, odst\u0105pienie od formu\u0142y \u201e<em>zwrotu<\/em>\u201d nie by\u0142oby mo\u017cliwe.<\/p>\r\n<p>Na skutki nie trzeba by\u0142o d\u0142ugo czeka\u0107; ju\u017c w kwietniu 1996 roku  \u00f3wczesny sekretarz \u015awiatowego Kongresu \u017byd\u00f3w Izrael Singer zagrozi\u0142, \u017ce  je\u015bli Polska nie zado\u015b\u0107uczyni roszczeniom dotycz\u0105cym zwrotu prywatnego \u201e<em>mienia \u017cydowskiego<\/em>\u201d, to \u201e<em>b\u0119dzie upokarzana na arenie mi\u0119dzynarodowej<\/em>\u201d. I rzeczywi\u015bcie &#8211; nast\u0105pi\u0142a eskalacja oskar\u017ce\u0144 przeciwko narodowi polskiemu. Ju\u017c nie tylko zachowa\u0142 si\u0119 \u201e<em>biernie<\/em>\u201d w obliczu holokaustu, ale &#8211; co usi\u0142owano pokaza\u0107 na przyk\u0142adzie Jedwabnego &#8211; \u201e<em>wsp\u00f3\u0142dzia\u0142a\u0142<\/em>\u201d z Niemcami w masakrowaniu \u017byd\u00f3w.<\/p>\r\n<p>W obliczu tej wojny wypowiedzianej Polsce mn\u00f3stwo osobisto\u015bci albo  tch\u00f3rzliwie podkuli\u0142o pod siebie ogony, albo nawet przesz\u0142o na stron\u0119  wroga. W\u015br\u00f3d tych ostatnich znalaz\u0142 si\u0119 prezydent Aleksander Kwa\u015bniewski  &#8211; to prawdziwe nieszcz\u0119\u015bcie naszego kraju &#8211; kt\u00f3ry d\u0105\u017c\u0105c do podlizania  si\u0119 \u015bwiatowej diasporze &#8211; \u201e<em>przeprosi\u0142<\/em>\u201d za Jedwabne, potwierdzaj\u0105c  tym samym autorytetem pa\u0144stwa polskiego, na czele kt\u00f3rego w\u00f3wczas sta\u0142 &#8211;  najgorsze oskar\u017cenia pod adresem naszego narodu.<\/p>\r\n<p>Warto zwr\u00f3ci\u0107 uwag\u0119 nie tylko na tre\u015b\u0107, ale i na moment tej eskalacji.  Nast\u0105pi\u0142a ona bowiem w tym samym czasie, gdy niemiecki kanclerz Gerard  Schroeder o\u015bwiadczy\u0142, \u017ce \u201e<em>okres niemieckiej pokuty dobieg\u0142 ko\u0144ca<\/em>\u201d.  W tej sytuacji, kiedy trzeba by\u0142o rozpocz\u0105\u0107 delikatn\u0105 operacj\u0119  zdejmowania winy z pa\u0144stwa i narodu niemieckiego za zbrodnie II wojny,  trzeba by\u0142o jednocze\u015bnie rozpocz\u0105\u0107 przerzucanie tej odpowiedzialno\u015bci na  winowajc\u0119 zast\u0119pczego, bo w przeciwnym razie \u015bwiat m\u00f3g\u0142by odnie\u015b\u0107  wra\u017cenie, \u017ce te wszystkie ofiary zmar\u0142y \u015bmierci\u0105 naturaln\u0105, co z kolei  pozbawia\u0142oby Izrael niezwykle lukratywnego statusu ofiary. Polska  znakomicie nadaje si\u0119 na winowajc\u0119 zast\u0119pczego, zatem obydwie operacje:  szlamowania finansowego i przerzucania odpowiedzialno\u015bci zosta\u0142y  po\u0142\u0105czone i s\u0105 kontynuowane i koordynowane przez pierwszorz\u0119dnych  fachowc\u00f3w.<\/p>\r\n<p>Ci fachowcy korzystaj\u0105 z pomocy pi\u0105tej kolumny w naszym nieszcz\u0119\u015bliwym  kraju, o kt\u00f3rej istnieniu i wp\u0142ywach mog\u0142em przekona\u0107 si\u0119 na w\u0142asnej  sk\u00f3rze w marcu 2006 roku, kiedy to na antenie Radia Maryja ujawni\u0142em i\u017c  premier Marcinkiewicz obieca\u0142 by\u0142 dyrektorowi Ameryka\u0144skiego Komitetu  \u017bydowskiego Dawidowi Harrisowi za\u0142atwienie sprawy roszcze\u0144 \u017cydowskich  zgodne z \u017c\u0105daniami organizacji wiadomego przemys\u0142u do ko\u0144ca roku 2006.  Wprawdzie oskar\u017cenia o dwa przest\u0119pstwa nie zosta\u0142y podj\u0119te przez  prokuratur\u0119, ale wi\u0119kszo\u015b\u0107 tzw. \u201e<em>niezale\u017cnych medi\u00f3w<\/em>\u201d uzna\u0142a mnie za zbrodniarza.<\/p>\r\n<p>Mniejsza zreszt\u0105 o to, bo znacznie wa\u017cniejsza by\u0142a nie tylko  pob\u0142a\u017cliwo\u015b\u0107, ale nawet nadskakiwanie organizacjom \u017cydowskim przez  czo\u0142owe osobisto\u015bci pa\u0144stwa. Oto prezydent Lech Kaczy\u0144ski w lutym 2007  r. przyj\u0105\u0142 delegacj\u0119 pod przewodnictwem Izraela Singera &#8211; tego samego,  kt\u00f3ry przed 10 laty nie tylko grozi\u0142 Polsce swego rodzaju wojn\u0105 &#8211; ale  r\u00f3wnie\u017c wojn\u0119 t\u0119 przeciwko reputacji naszego narodu prowadzi\u0142. \u0179eby by\u0142o  \u015bmieszniej, wkr\u00f3tce potem Izrael Singer zosta\u0142 z hukiem wyrzucony ze  stanowiska przewodnicz\u0105cego \u015awiatowego Kongresu \u017byd\u00f3w pod zarzutem  malwersacji finansowych.<\/p>\r\n<p>Innym przyk\u0142adem takiego nadskakiwania by\u0142 list, jaki minister stanu  Ju\u0144czyk-Ziomecka odczyta\u0142a w imieniu prezydenta Lecha Kaczy\u0144skiego  podczas zebrania inauguruj\u0105cego reaktywacj\u0119 polskiej lo\u017cy B\u2019nai B\u2019rith,  mimo, \u017ce w og\u0142oszonym tego dnia programie dzia\u0142ania lo\u017ca ta postawi\u0142a  sobie dwa cele: zrealizowanie \u017cydowskich roszcze\u0144 maj\u0105tkowych kosztem  Polski i pacyfikacje Radia Maryja.<\/p>\r\n<p>Obecnie strategia organizacji przemys\u0142u holokaustu, z kt\u00f3rym od pocz\u0105tku  tego roku oficjalnie wsp\u00f3\u0142pracuje rz\u0105d Izraela, polega na zmuszeniu  rz\u0105du polskiego do stworzenia podstawy prawnej dla realizacji \u017cydowskich  roszcze\u0144 maj\u0105tkowych. Takiej podstawy prawnej bowiem nie ma, za\u015b  organizacje te nie s\u0105 pe\u0142nomocnikami dawnych w\u0142a\u015bcicieli, podobnie jak  pa\u0144stwo Izrael, kt\u00f3re tym bardziej nie ma \u017cadnego tytu\u0142u do  partycypowania w tym mieniu, poniewa\u017c w tamtym okresie w og\u00f3le jeszcze  nie istnia\u0142o, wi\u0119c \u017cadna z ofiar dokonanej przez Niemcy masakry nie by\u0142a  obywatelem tego pa\u0144stwa.<\/p>\r\n<p>\u0179eby stworzy\u0107 dla swych roszcze\u0144 pozory legalno\u015bci, organizacje te oraz Izrael pr\u00f3buj\u0105 wszelkimi sposobami wywiera\u0107 \u201e<em>presj\u0119<\/em>\u201d  na rz\u0105dy pa\u0144stw wytypowanych do wyszlamowania. Jednym ze sposob\u00f3w  stwarzania pozor\u00f3w legalno\u015bci dla wspomnianej presji by\u0142a konferencja \u201e<em>Mienie ery holokaustu<\/em>\u201d jaka w czerwcu 2009 roku odby\u0142a si\u0119 w Pradze, z udzia\u0142em rozmaitych samozwa\u0144c\u00f3w z tzw. \u201e<em>organizacji pozarz\u0105dowych<\/em>\u201d i W\u0142adys\u0142awa Bartoszewskiego z Polski. W\u015br\u00f3d tzw. \u201e<em>niewi\u0105\u017c\u0105cych zalece\u0144<\/em>\u201d jej uczestnicy przedstawili m.in. i to, \u017ce \u201e<em>je\u015bli  skonfiskowana w\u0142asno\u015b\u0107 nie mo\u017ce by\u0107 zwr\u00f3cona, kraje powinny zapewni\u0107  alternatywn\u0105 w\u0142asno\u015b\u0107 tej samej warto\u015bci, albo zapewni\u0107 godziwe  odszkodowanie<\/em>\u201d. Poniewa\u017c we wspomnianej konferencji w delegacji ze  Stan\u00f3w Zjednoczonych uczestniczy\u0142 kongresman Robert Weksler, to nie jest  wykluczone, \u017ce i prezydent Obama b\u0119dzie wywiera\u0142 na naszych Umi\u0142owanych  Przyw\u00f3dc\u00f3w \u201e<em>presj\u0119<\/em>\u201d w tym w\u0142a\u015bnie kierunku. Zatem &#8211; chocia\u017c panu  redaktorowi Sewerynowi Blumsztajnowi nie b\u0119dzie dane ogl\u0105da\u0107 prezydenta  Baracka Obamy twarz\u0105 w twarz &#8211; to przecie\u017c nic nie szkodzi, bo starsi i  m\u0105drzejsi o wszystkim zawczasu pomy\u015bleli.<\/p>\r\n<p><em><strong>Stanis\u0142aw Michalkiewicz<\/strong><\/em><\/p>\r\n<p>Komentarz \u00a0<strong>\u2022<\/strong> serwis \u201eNowy Ekran\u201d (www.nowyekran.pl) \u00a0<strong>\u2022<\/strong> 27 maja 2011<\/p>","protected":false},"excerpt":{"rendered":"\u201eNie ma Baracka dla warszawiaka\u201d &#8211; ubolewa w \u201eGazecie Wyborczej\u201d red. Seweryn Blumsztajn &#8211; bo rzeczywi\u015bcie &#8211; tego ca\u0142ego prezydenta Obamy bardziej pilnuj\u0105, ni\u017c Czyngis-Chana i nawet rodziny smole\u0144skie zosta\u0142y do\u0144 dopuszczone po przeprowadzeniu starannej selekcji. Jakie by\u0142y kryteria tej selekcji &#8211; trudno zgadn\u0105\u0107, ale nie wykluczone, \u017ce dokonano jej kieruj\u0105c si\u0119 intencj\u0105, by prezydenta [&hellip;]","protected":false},"author":1,"featured_media":0,"comment_status":"closed","ping_status":"closed","sticky":false,"template":"","format":"standard","meta":{"_acf_changed":false,"_monsterinsights_skip_tracking":false,"_monsterinsights_sitenote_active":false,"_monsterinsights_sitenote_note":"","_monsterinsights_sitenote_category":0,"ngg_post_thumbnail":0,"footnotes":"","_wp_rev_ctl_limit":""},"categories":[9],"tags":[22,98,53,34,21],"acf":[],"_links":{"self":[{"href":"https:\/\/www.bibula.com\/index.php?rest_route=\/wp\/v2\/posts\/38560"}],"collection":[{"href":"https:\/\/www.bibula.com\/index.php?rest_route=\/wp\/v2\/posts"}],"about":[{"href":"https:\/\/www.bibula.com\/index.php?rest_route=\/wp\/v2\/types\/post"}],"author":[{"embeddable":true,"href":"https:\/\/www.bibula.com\/index.php?rest_route=\/wp\/v2\/users\/1"}],"replies":[{"embeddable":true,"href":"https:\/\/www.bibula.com\/index.php?rest_route=%2Fwp%2Fv2%2Fcomments&post=38560"}],"version-history":[{"count":0,"href":"https:\/\/www.bibula.com\/index.php?rest_route=\/wp\/v2\/posts\/38560\/revisions"}],"wp:attachment":[{"href":"https:\/\/www.bibula.com\/index.php?rest_route=%2Fwp%2Fv2%2Fmedia&parent=38560"}],"wp:term":[{"taxonomy":"category","embeddable":true,"href":"https:\/\/www.bibula.com\/index.php?rest_route=%2Fwp%2Fv2%2Fcategories&post=38560"},{"taxonomy":"post_tag","embeddable":true,"href":"https:\/\/www.bibula.com\/index.php?rest_route=%2Fwp%2Fv2%2Ftags&post=38560"}],"curies":[{"name":"wp","href":"https:\/\/api.w.org\/{rel}","templated":true}]}}