{"id":385,"date":"2006-05-31T00:00:00","date_gmt":"2006-05-31T00:00:00","guid":{"rendered":""},"modified":"2017-07-27T15:36:06","modified_gmt":"2017-07-27T19:36:06","slug":"niead-architektoniczny-wyrazem-nieadu-moralnego-czyli-koci-naszych-czasw","status":"publish","type":"post","link":"https:\/\/www.bibula.com\/?p=385","title":{"rendered":"Nie\u0142ad architektoniczny wyrazem nie\u0142adu moralnego czyli &#8222;Ko\u015bci\u00f3\u0142 naszych czas\u00f3w&#8221;"},"content":{"rendered":"<p>G\u0142\u00f3wna nagroda na mi\u0119dzynarodowym konkursie architektonicznym &#8222;Ko\u015bci\u00f3\u0142 naszych czas\u00f3w&#8221; odbywaj\u0105cym si\u0119 w Sofii (Bu\u0142garia) pod auspicjami Mi\u0119dzynarodowej Akademii Architekt\u00f3w, przyznana zosta\u0142a pracy prof. Richarda England, kt\u00f3r\u0105 wybrano sposr\u00f3d 200 projekt\u00f3w nades\u0142anych z 15 kraj\u00f3w. Zaprojektowany przez prof. England ko\u015bci\u00f3\u0142 ma zosta\u0107 zbudowany w Hal-Farrug na Malcie i wraz z innymi pracami ma wkr\u00f3tce zosta\u0107 zaprezentowany w\u0142adzom tego kraju.<\/p>\r\n<p>Prof. England projektuj\u0105c ko\u015bci\u00f3\u0142 powiedzia\u0142, \u017ce widzi w nim g\u0142\u00f3wnie &#8222;ko\u015bci\u00f3\u0142 na nasze czasy&#8221;, a sw\u00f3j projekt opisa\u0142 obrazowo, i\u017c &#8222;Z\u0142o\u017cona struktura bazuje na geometrii rotacyjnej, wzniosach, oscylacjach i fluktuacjach&#8221;.<\/p>\r\n<p>&#8222;Ten &#8211; wydawa\u0142oby si\u0119 &#8211; nieporz\u0105dek formy&#8221; &#8211; doda\u0142 prof. England &#8211; &#8222;mo\u017ce by\u0107 odczytany jako refleksja nie tylko wsp\u00f3\u0142czesnego globalnego niepokoju, ale r\u00f3wnie\u017c ukazuje turbulencje i trudno\u015bci napotykane dzi\u015b przez Ko\u015bci\u00f3\u0142 katolicki jako instytucja&#8221;. Wed\u0142ug prof. England, wn\u0119trze ko\u015bcio\u0142a ma spe\u0142nia\u0107 wymagania wypowiedziane przez papie\u017ca Jana Paw\u0142a II w <span style=\"text-decoration: underline;\"><a class=\"content_sz\" href=\"http:\/\/www.vatican.va\/holy_father\/john_paul_ii\/letters\/documents\/hf_jp-ii_let_23041999_artists_pl.html\" target=\"_blank\" rel=\"noopener\">Li\u015bcie do Artyst\u00f3w<\/a><\/span>, kt\u00f3ry m\u00f3wi\u0142, \u017ce: &#8222;funkcjonalno\u015b\u0107 \u0142\u0105czy si\u0119 harmonijnie z tw\u00f3rcz\u0105 fantazj\u0105.&#8221;<\/p>\r\n<p><img fetchpriority=\"high\" decoding=\"async\" class=\"aligncenter\" src=\"http:\/\/www.bibula.com\/images\/Church_Malta.jpg\" alt=\"\" width=\"600\" height=\"400\"><\/p>\r\n<p style=\"text-align: center;\"><em>&#8222;Ko\u015bci\u00f3\u0142 naszych czas\u00f3w&#8221; &#8211; g\u0142\u00f3wna nagroda na mi\u0119dzynarodowym konkursie architektonicznym.<\/em><\/p>\r\n<p><strong>Po\u0142amane dusze, po\u0142amane serca, po\u0142amane ko\u015bcio\u0142y..<\/strong>.<\/p>\r\n<blockquote>\r\n<p><strong>KOMENTARZ <em>BIBU\u0141Y<\/em><\/strong>: Na temat destrukcji wsp\u00f3\u0142czesnego Ko\u015bcio\u0142a napisano ju\u017c wiele. Obserwuj\u0105c nie zmieniaj\u0105cy si\u0119 ani odrobin\u0119 trend, przytoczmy kilka innych przyk\u0142ad\u00f3w chorego organizmu jakim jest posoborowy Ko\u015bci\u00f3\u0142, kt\u00f3ry w coraz wi\u0119kszym tempie oddala si\u0119 od Tradycji. Wewn\u0119trzna niesp\u00f3jno\u015b\u0107 Ko\u015bcio\u0142a jako instytucji oraz rozkojarzenie wiernych prowadzonych przez pasterzy, zamieniaj\u0105cych jasne wyk\u0142adnie na rzecz ambiwalentnych stwierdze\u0144 b\u0105d\u017a nawet wprost antykatolicyzmu, daje wyraz szczeg\u00f3lnie w architekturze, kt\u00f3ra straci\u0142a nie tylko pi\u0119kno <em>sacrum<\/em>, ale wprowadzi\u0142a duchow\u0105 pustk\u0119, od razu wype\u0142niaj\u0105c\u0105 si\u0119 gnostyckimi zjawami i diabolizmem.<\/p>\r\n<p>Trzeba pami\u0119ta\u0107 i powtarza\u0107 &#8211; ku oburzeniu co niekt\u00f3rych &#8211; \u017ce <strong>najwi\u0119ksza<\/strong> destrukcja budynk\u00f3w sakralnych na \u015bwiecie mia\u0142a miejsce podczas pontyfikatu &#8222;\u015bwi\u0119tego&#8221; Jana Paw\u0142a II, kt\u00f3ry czynnie wspiera\u0142 te obrzydliwe formy architektoniczne (np. \u0141agiewniki!).<\/p>\r\n<p>Oto przyk\u0142ad innego wsp\u00f3\u0142czesnego ko\u015bcio\u0142a, postawionego w Rzymie, pod nosem samego Jana Paw\u0142a II (zbi\u00f3r zdj\u0119\u0107 <span style=\"text-decoration: underline;\"><a class=\"content_sz\" href=\"http:\/\/www.giovannirinaldi.it\/page\/rome\/roma_santovolto\/index.htm\" target=\"_blank\" rel=\"noopener\">tutaj<\/a><\/span>).<\/p>\r\n<p>Kilka innych przyk\u0142ad\u00f3w weso\u0142ej tw\u00f3rczo\u015bci antykatolickiej buduj\u0105cej &#8222;nowych wiernych&#8221; dla Nowego Ko\u015bcio\u0142a Jednej Religii \u015awiatowej.<\/p>\r\n<\/blockquote>\r\n<p>&nbsp;<\/p>\r\n<p><img decoding=\"async\" class=\"aligncenter\" src=\"http:\/\/images.freeimages.com\/images\/previews\/084\/rome-modern-church-1215151.jpg\" width=\"601\" height=\"451\"><\/p>\r\n<p style=\"text-align: center;\"><strong>Jeden z modernistycznych ko\u015bcio\u0142\u00f3w w Rzymie<\/strong><\/p>\r\n<p class=\"podpis_sz\" style=\"text-align: center;\">Photo source: FreeImages.com\/Massimo Somma<\/p>\r\n<p>&nbsp;<\/p>\r\n<p style=\"text-align: center;\"><img decoding=\"async\" class=\"aligncenter\" src=\"https:\/\/upload.wikimedia.org\/wikipedia\/commons\/thumb\/f\/f4\/Oak_Cathdrl_1.jpg\/1024px-Oak_Cathdrl_1.jpg\" width=\"601\" height=\"614\"><\/p>\r\n<p style=\"text-align: center;\"><strong>Katedra w Oakland (Kalifornia)<\/strong><\/p>\r\n<p class=\"podpis_sz\" style=\"text-align: center;\">Photo source: By Skier Dude &#8211; Own work, CC BY-SA 3.0, https:\/\/commons.wikimedia.org\/w\/index.php?curid=5143661<\/p>\r\n<p>&nbsp;<\/p>\r\n<p><img loading=\"lazy\" decoding=\"async\" class=\"aligncenter\" src=\"https:\/\/upload.wikimedia.org\/wikipedia\/commons\/1\/1b\/Lacathedral.jpg\" width=\"599\" height=\"409\"><br>\r\n <img decoding=\"async\" class=\"aligncenter\" src=\"http:\/\/www.dellachiesa.com\/images\/criticism-lacathedral.jpg\" alt=\"\"><\/p>\r\n<p style=\"text-align: center;\"><strong>Katedra-monstrum w Los Angeles, wybudowana za prawie \u0107wier\u0107 miliarda dolar\u00f3w<\/strong><\/p>\r\n<p class=\"podpis_sz\" style=\"text-align: center;\">Photo source: By kkmd at the English language Wikipedia, CC BY-SA 3.0, https:\/\/commons.wikimedia.org\/w\/index.php?curid=2125131<\/p>","protected":false},"excerpt":{"rendered":"G\u0142\u00f3wna nagroda na mi\u0119dzynarodowym konkursie architektonicznym &#8222;Ko\u015bci\u00f3\u0142 naszych czas\u00f3w&#8221; odbywaj\u0105cym si\u0119 w Sofii (Bu\u0142garia) pod auspicjami Mi\u0119dzynarodowej Akademii Architekt\u00f3w, przyznana zosta\u0142a pracy prof. Richarda England, kt\u00f3r\u0105 wybrano sposr\u00f3d 200 projekt\u00f3w nades\u0142anych z 15 kraj\u00f3w. Zaprojektowany przez prof. England ko\u015bci\u00f3\u0142 ma zosta\u0107 zbudowany w Hal-Farrug na Malcie i wraz z innymi pracami ma wkr\u00f3tce zosta\u0107 zaprezentowany [&hellip;]","protected":false},"author":1,"featured_media":0,"comment_status":"closed","ping_status":"open","sticky":false,"template":"","format":"standard","meta":{"_acf_changed":false,"_monsterinsights_skip_tracking":false,"_monsterinsights_sitenote_active":false,"_monsterinsights_sitenote_note":"","_monsterinsights_sitenote_category":0,"ngg_post_thumbnail":0,"footnotes":"","_wp_rev_ctl_limit":""},"categories":[3],"tags":[51,79,33],"acf":[],"_links":{"self":[{"href":"https:\/\/www.bibula.com\/index.php?rest_route=\/wp\/v2\/posts\/385"}],"collection":[{"href":"https:\/\/www.bibula.com\/index.php?rest_route=\/wp\/v2\/posts"}],"about":[{"href":"https:\/\/www.bibula.com\/index.php?rest_route=\/wp\/v2\/types\/post"}],"author":[{"embeddable":true,"href":"https:\/\/www.bibula.com\/index.php?rest_route=\/wp\/v2\/users\/1"}],"replies":[{"embeddable":true,"href":"https:\/\/www.bibula.com\/index.php?rest_route=%2Fwp%2Fv2%2Fcomments&post=385"}],"version-history":[{"count":0,"href":"https:\/\/www.bibula.com\/index.php?rest_route=\/wp\/v2\/posts\/385\/revisions"}],"wp:attachment":[{"href":"https:\/\/www.bibula.com\/index.php?rest_route=%2Fwp%2Fv2%2Fmedia&parent=385"}],"wp:term":[{"taxonomy":"category","embeddable":true,"href":"https:\/\/www.bibula.com\/index.php?rest_route=%2Fwp%2Fv2%2Fcategories&post=385"},{"taxonomy":"post_tag","embeddable":true,"href":"https:\/\/www.bibula.com\/index.php?rest_route=%2Fwp%2Fv2%2Ftags&post=385"}],"curies":[{"name":"wp","href":"https:\/\/api.w.org\/{rel}","templated":true}]}}