{"id":38432,"date":"2011-05-25T13:12:30","date_gmt":"2011-05-25T18:12:30","guid":{"rendered":"http:\/\/www.bibula.com\/?p=38432"},"modified":"2011-05-25T13:12:30","modified_gmt":"2011-05-25T18:12:30","slug":"wspomnienie-blogoslawionego-bronislawa-komorowskiego","status":"publish","type":"post","link":"https:\/\/www.bibula.com\/?p=38432","title":{"rendered":"Wspomnienie b\u0142ogos\u0142awionego Bronis\u0142awa Komorowskiego"},"content":{"rendered":"<p><strong>25 maja 1889 roku przyszed\u0142 na \u015bwiat Bronis\u0142aw Komorowski &#8211;  b\u0142ogos\u0142awiony Ko\u015bcio\u0142a katolickiego, \u017carliwy patriota, dzia\u0142acz ruchu  narodowego oraz duszpasterz Polak\u00f3w w Gda\u0144sku. Zamordowany przez Niemc\u00f3w  w 1940 roku jest dla nas wspania\u0142ym przyk\u0142adem cz\u0142owieka gotowego  pracowa\u0107 i gin\u0105\u0107 dla Narodu.<\/strong><\/p>\r\n<p><img decoding=\"async\" class=\"alignleft\" style=\"margin: 10px;\" src=\"http:\/\/narodowcy.net\/wp-content\/uploads\/2011\/05\/Ks_Komorowski-219x300.jpg\" alt=\"\" width=\"153\" height=\"210\" align=\"left\" \/>Ks. Bronis\u0142aw Komorowski urodzi\u0142 si\u0119 w Bar\u0142o\u017cnie. W 1910 z\u0142o\u017cy\u0142  egzamin maturalny w gimnazjum w Che\u0142mnie. Ju\u017c w czasach szkolnych  wykazywa\u0142 przywi\u0105zanie do tradycji patriotycznych i narodowych. Za wz\u00f3r  do na\u015bladowania obra\u0142 sobie dw\u00f3ch krewnych swego ojczyma, ksi\u0119\u017cy i  gor\u0105cych patriot\u00f3w: Jakuba Fankidejskiego i Feliksa Bolta. Po uko\u0144czeniu  w 1914 roku Seminarium Duchownego w Pelplinie, pocz\u0105tkowo s\u0142u\u017cy\u0142 w  parafii w \u0141\u0119gowie, jednak ju\u017c 1 maja 1915 roku zosta\u0142 przeniesiony do  parafii pw. \u015bwi\u0119tego Miko\u0142aja w Gda\u0144sku.<\/p>\r\n<p>Podj\u0105\u0142 opr\u00f3cz dzia\u0142alno\u015bci duszpasterskiej r\u00f3wnie\u017c  spo\u0142eczno-polityczn\u0105 w\u015br\u00f3d mieszkaj\u0105cych tu Polak\u00f3w. Na katechezach  uczy\u0142 dzieci historii i j\u0119zyka polskiego. Od 1919 kazania wyg\u0142asza\u0142 ju\u017c  tylko po polsku. W 1924 roku dzi\u0119ki jego staraniom pozyskano dawny  budynek wojskowy, kt\u00f3ry przebudowano na ko\u015bci\u00f3\u0142 \u015bw. Stanis\u0142awa Biskupa.  \u015awi\u0105tynia ta sta\u0142a si\u0119 centrum polsko\u015bci w  Wolnym Mie\u015bcie Gda\u0144sku.  Ksi\u0105dz Bronis\u0142aw by\u0142 dzia\u0142aczem polskich organizacji, stara\u0142 si\u0119  rozwi\u0105zywa\u0107 powstaj\u0105ce mi\u0119dzy nimi spory. W latach 1933-34 by\u0142 jedynym  polskim przedstawicielem w Radzie Miasta. 10 pa\u017adziernika 1937 biskup  gda\u0144ski Edward O\u2019Rourke powo\u0142uje ks. Bronis\u0142awa na proboszcza polskiej  parafii personalnej. Po trzech dniach pod presj\u0105 nazist\u00f3w decyzja ta  zostaje zawieszona. Biskup  O\u2019Rourke na znak protestu rezygnuje ze swej  funkcji. Jego nast\u0119pca, uleg\u0142y wobec w\u0142adz niemieckich, cofa zgod\u0119 na  utworzenie polskich parafii.<\/p>\r\n<p>1 wrze\u015bnia ksi\u0105dz Bronis\u0142aw Komorowski zosta\u0142 aresztowany. Tymczasowo  osadzony w gmachu Victoriaschule by\u0142 okrutnie bity, podobnie jak liczni  wsp\u00f3\u0142wi\u0119\u017aniowie. Wkr\u00f3tce przewieziono go do obozu w Stutthofie. By\u0142  torturowany, by wymusi\u0107 zeznania o ukrywaniu broni w polskim ko\u015bciele. W  Niedziel\u0119 Palmow\u0105 1940 roku wraz z innymi wybitnymi przedstawicielami  gda\u0144skiej Polonii znalaz\u0142 si\u0119 w kompanii karnej. Wi\u0119\u017aniowie ci byli  bici, szykanowani jeszcze okrutniej ni\u017c pozostali. Ksi\u0105dz Komorowski  zosta\u0142 zamordowany wraz z towarzyszami niedoli w Wielki Pi\u0105tek 22 marca.  Po wojnie ekshumowano ich cia\u0142a i z\u0142o\u017cono na cmentarzu w Gda\u0144sku.<\/p>\r\n<p>W 1999 papie\u017c Jan Pawe\u0142 II og\u0142osi\u0142 b\u0142ogos\u0142awionymi 108 polskich  m\u0119czennik\u00f3w II wojny \u015bwiatowej, znalaz\u0142 si\u0119 w\u015br\u00f3d nich ksi\u0105dz Bronis\u0142aw  Komorowski. Ich wspomnienie liturgiczne obchodzone jest 12 czerwca. <strong>Pom\u00f3dlmy si\u0119 za wstawiennictwem ks. Bronis\u0142awa w tym dniu, a tak\u017ce dzi\u015b, w rocznic\u0119 jego urodzin, o Wielk\u0105 Polsk\u0119.<\/strong><\/p>\r\n<p><strong><em>Mateusz Zbr\u00f3g<\/em><\/strong><\/p>","protected":false},"excerpt":{"rendered":"25 maja 1889 roku przyszed\u0142 na \u015bwiat Bronis\u0142aw Komorowski &#8211; b\u0142ogos\u0142awiony Ko\u015bcio\u0142a katolickiego, \u017carliwy patriota, dzia\u0142acz ruchu narodowego oraz duszpasterz Polak\u00f3w w Gda\u0144sku. Zamordowany przez Niemc\u00f3w w 1940 roku jest dla nas wspania\u0142ym przyk\u0142adem cz\u0142owieka gotowego pracowa\u0107 i gin\u0105\u0107 dla Narodu. Ks. Bronis\u0142aw Komorowski urodzi\u0142 si\u0119 w Bar\u0142o\u017cnie. W 1910 z\u0142o\u017cy\u0142 egzamin maturalny w gimnazjum [&hellip;]","protected":false},"author":1,"featured_media":0,"comment_status":"closed","ping_status":"closed","sticky":false,"template":"","format":"standard","meta":{"_acf_changed":false,"_monsterinsights_skip_tracking":false,"_monsterinsights_sitenote_active":false,"_monsterinsights_sitenote_note":"","_monsterinsights_sitenote_category":0,"ngg_post_thumbnail":0,"footnotes":"","_wp_rev_ctl_limit":""},"categories":[5],"tags":[65,102,59],"acf":[],"_links":{"self":[{"href":"https:\/\/www.bibula.com\/index.php?rest_route=\/wp\/v2\/posts\/38432"}],"collection":[{"href":"https:\/\/www.bibula.com\/index.php?rest_route=\/wp\/v2\/posts"}],"about":[{"href":"https:\/\/www.bibula.com\/index.php?rest_route=\/wp\/v2\/types\/post"}],"author":[{"embeddable":true,"href":"https:\/\/www.bibula.com\/index.php?rest_route=\/wp\/v2\/users\/1"}],"replies":[{"embeddable":true,"href":"https:\/\/www.bibula.com\/index.php?rest_route=%2Fwp%2Fv2%2Fcomments&post=38432"}],"version-history":[{"count":0,"href":"https:\/\/www.bibula.com\/index.php?rest_route=\/wp\/v2\/posts\/38432\/revisions"}],"wp:attachment":[{"href":"https:\/\/www.bibula.com\/index.php?rest_route=%2Fwp%2Fv2%2Fmedia&parent=38432"}],"wp:term":[{"taxonomy":"category","embeddable":true,"href":"https:\/\/www.bibula.com\/index.php?rest_route=%2Fwp%2Fv2%2Fcategories&post=38432"},{"taxonomy":"post_tag","embeddable":true,"href":"https:\/\/www.bibula.com\/index.php?rest_route=%2Fwp%2Fv2%2Ftags&post=38432"}],"curies":[{"name":"wp","href":"https:\/\/api.w.org\/{rel}","templated":true}]}}