{"id":38297,"date":"2011-05-23T12:40:52","date_gmt":"2011-05-23T17:40:52","guid":{"rendered":"http:\/\/www.bibula.com\/?p=38297"},"modified":"2011-05-23T12:40:52","modified_gmt":"2011-05-23T17:40:52","slug":"podpalony-kaplan-ma-liczne-obrazenia-twarzy","status":"publish","type":"post","link":"https:\/\/www.bibula.com\/?p=38297","title":{"rendered":"Podpalony kap\u0142an ma liczne obra\u017cenia twarzy"},"content":{"rendered":"<p><strong>Katolicki kap\u0142an,  kt\u00f3ry zosta\u0142 podpalony podczas  odprawiania Mszy \u015bw. w litewskim mie\u015bcie  Jonava, ma liczne obra\u017cenia  twarzy, ale jego \u017cyciu nie zagra\u017ca  niebezpiecze\u0144stwo. Do zdarzenie  dosz\u0142o kilka dni temu podczas  sprawowania porannej liturgii w  miejscowym ko\u015bciele. <\/strong><\/p>\r\n<p>W pewnym momencie do  o\u0142tarza zbli\u017cy\u0142 si\u0119 m\u0119\u017cczyzna. Obla\u0142 duchownego \u0142atwopaln\u0105 ciecz\u0105 i  podpali\u0142. Dzi\u0119ki szybkiej interwencji parafian, ogie\u0144 uda\u0142o si\u0119 szybko  ugasi\u0107.<\/p>\r\n<p>Ofiara to 46-letni ks. Remigijus Kuprys. Kap\u0142an  opu\u015bci\u0142 ju\u017c  szpital, a niekt\u00f3re gazety litewskie opublikowa\u0142y zdj\u0119cia  jego twarzy,  ca\u0142ej w banda\u017cach, jedynie z otworami na oczy i usta.<br \/> <br \/> Jak dot\u0105d nie znane s\u0105 motywy tego czynu. Napastnik  mo\u017ce by\u0107  niezr\u00f3wnowa\u017cony psychiczne. Znane by\u0142y bowiem wcze\u015bniejsze  przypadki,  kiedy m\u0119\u017cczyzna ten pr\u00f3bowa\u0142 zak\u0142\u00f3ca\u0107 Msze \u015bw.<\/p>\r\n<p>KAI \/ ad<\/p>","protected":false},"excerpt":{"rendered":"Katolicki kap\u0142an, kt\u00f3ry zosta\u0142 podpalony podczas odprawiania Mszy \u015bw. w litewskim mie\u015bcie Jonava, ma liczne obra\u017cenia twarzy, ale jego \u017cyciu nie zagra\u017ca niebezpiecze\u0144stwo. Do zdarzenie dosz\u0142o kilka dni temu podczas sprawowania porannej liturgii w miejscowym ko\u015bciele. W pewnym momencie do o\u0142tarza zbli\u017cy\u0142 si\u0119 m\u0119\u017cczyzna. Obla\u0142 duchownego \u0142atwopaln\u0105 ciecz\u0105 i podpali\u0142. Dzi\u0119ki szybkiej interwencji parafian, ogie\u0144 [&hellip;]","protected":false},"author":1,"featured_media":0,"comment_status":"closed","ping_status":"closed","sticky":false,"template":"","format":"standard","meta":{"_acf_changed":false,"_monsterinsights_skip_tracking":false,"_monsterinsights_sitenote_active":false,"_monsterinsights_sitenote_note":"","_monsterinsights_sitenote_category":0,"ngg_post_thumbnail":0,"footnotes":"","_wp_rev_ctl_limit":""},"categories":[3],"tags":[132,114],"acf":[],"_links":{"self":[{"href":"https:\/\/www.bibula.com\/index.php?rest_route=\/wp\/v2\/posts\/38297"}],"collection":[{"href":"https:\/\/www.bibula.com\/index.php?rest_route=\/wp\/v2\/posts"}],"about":[{"href":"https:\/\/www.bibula.com\/index.php?rest_route=\/wp\/v2\/types\/post"}],"author":[{"embeddable":true,"href":"https:\/\/www.bibula.com\/index.php?rest_route=\/wp\/v2\/users\/1"}],"replies":[{"embeddable":true,"href":"https:\/\/www.bibula.com\/index.php?rest_route=%2Fwp%2Fv2%2Fcomments&post=38297"}],"version-history":[{"count":0,"href":"https:\/\/www.bibula.com\/index.php?rest_route=\/wp\/v2\/posts\/38297\/revisions"}],"wp:attachment":[{"href":"https:\/\/www.bibula.com\/index.php?rest_route=%2Fwp%2Fv2%2Fmedia&parent=38297"}],"wp:term":[{"taxonomy":"category","embeddable":true,"href":"https:\/\/www.bibula.com\/index.php?rest_route=%2Fwp%2Fv2%2Fcategories&post=38297"},{"taxonomy":"post_tag","embeddable":true,"href":"https:\/\/www.bibula.com\/index.php?rest_route=%2Fwp%2Fv2%2Ftags&post=38297"}],"curies":[{"name":"wp","href":"https:\/\/api.w.org\/{rel}","templated":true}]}}