{"id":38197,"date":"2011-05-21T13:18:01","date_gmt":"2011-05-21T18:18:01","guid":{"rendered":"http:\/\/www.bibula.com\/?p=38197"},"modified":"2011-05-21T13:18:01","modified_gmt":"2011-05-21T18:18:01","slug":"coraz-lepszy-wynik-meczu-obama-netanyahu","status":"publish","type":"post","link":"https:\/\/www.bibula.com\/?p=38197","title":{"rendered":"Coraz lepszy wynik meczu Obama-Netanyahu"},"content":{"rendered":"<p><strong>Wzajemne stosunki pomi\u0119dzy premierem Izraela B. Netanyahu i  prezydentem USA B. Obama od pocz\u0105tku niezbyt si\u0119 uk\u0142ada\u0142y. Pierwszy to  prawicowy ekstremista, drugi &#8211; demokrata. Ojcem premiera Izraela by\u0142  urodzony w Warszawie \u017cydowski syjonista Benzion Netanyahu, pierwotnie  nosz\u0105cy nazwisko Milejkowski.<\/strong><\/p>\r\n<p>Jak dot\u0105d, najbardziej drastyczna by\u0142a sytuacja, jaka zasz\u0142a w czasie  wizyty izraelskiej delegacji w Bia\u0142ym Domu w dniu 24 III 2010 r. Obama  wyszed\u0142 na godzin\u0119 z <em>Roosevelt Room<\/em>, na godzine pozostawiaj\u0105c Netanyahu z  delegacj\u0105 samym sobie. Pisano, \u017ce Obama wyszed\u0142 zje\u015b\u0107 obiad. M\u00f3wiono  te\u017c, \u017ce poszed\u0142 po\u0142o\u017cy\u0107 dzieci do snu. Premier Izraela wr\u00f3ci\u0142 do kraju  upokorzony. Prasa izraelska pisa\u0142a, \u017ce potraktowano go \u00a0jakby by\u0142  prezydentem Gwinei R\u00f3wnikowej.<\/p>\r\n<p>Z kolei Hagai Ben-Artzi, brat \u017cony (trzeciej z kolei) Netanyahu &#8211;  Sary, kt\u00f3ra podobno rz\u0105dzi premierem, odgryz\u0142 si\u0119 stwierdzaj\u0105c w  wywiadzie radiowym, \u017ce Obama jest antysemit\u0105. U\u017cy\u0142 te\u017c innych niezbyt  przyjemnych okre\u015ble\u0144.<\/p>\r\n<p>By\u0107 mo\u017ce zachowanie przezydenta Obamy by\u0142o rewan\u017cem za niew\u0142a\u015bciwe  potraktowanie wiceprezydenta USA J. Bidena, kt\u00f3ry dwa tygodnie wcze\u015bniej  \u00a0dozna\u0142 upokorzenia w czasie wizyty w Tel Avivie. Ot\u00f3\u017c najpierw z\u0142o\u017cy\u0142  tradycyjne zapewnienia o przyja\u017ani itd., a zaraz potem izraelczycy  og\u0142osili, \u017ce zamierzaj\u0105 wybudowa\u0107 1 600 nowych dom\u00f3w we Wschodniej  Jerozolimie. A ta, jak wiadomo, w \u015bwietle prawa mi\u0119dzynarodowego  uznawana jest za palesty\u0144skie terytorium okupowane przez Izrael. Biden  &#8222;odgryz\u0142 si\u0119&#8221; sp\u00f3\u017aniaj\u0105c si\u0119 a\u017c 90 minut na obiad z premierem Izraela.<\/p>\r\n<p>Tu\u017c przed ostatni\u0105 wizyt\u0105 premiera Izraela Obama, zn\u00f3w zada\u0142 mu  ci\u0119\u017cki cios. Oznajmi\u0142, \u017ce powinny by\u0107 dwa pa\u0144stwa: izraelskie i  palesty\u0144skie. Podstaw\u0105 ustalania granic mia\u0142by by\u0107 stan sprzed wojny  6-dniowej w 1967 r. Idzie o dwie wa\u017cne sprawy. Jak dot\u0105d w\u0142adze  izraelskie nigdy oficjalnie nie zaakceptowa\u0142y idei dw\u00f3ch pa\u0144stw.  Natomiast co do granic sprzed 1967 r. obowi\u0105zuje doktryna sformulowana w  1969 r. przez \u00f3wczesnego ministra spraw zagranicznych Abbe Ebana  (1966-1974), kt\u00f3ry stwierdzi\u0142, \u017ce dotychczasowe granice przywo\u0142uj\u0105  pami\u0119\u0107 Auschwitz i s\u0105 nie do przyj\u0119cia. Nieliczne g\u0142osy w Izraelu  zwraca\u0142y uwag\u0119, \u017ce por\u00f3wnanie granic Izraela do granic obozu  koncentracyjnego jest niew\u0142a\u015bciwe z dw\u00f3ch powod\u00f3w. Po pierwsze, dlatego  \u017ce uw\u0142acza to pami\u0119ci ofiar holokaustu. Po drugie, obraziliby si\u0119  ojcowie-za\u0142o\u017cyciele pa\u0144stwa Izrael Bo niby jak, przez dwadzie\u015bcia lat  istnienia pa\u0144stwa, sytuacja by\u0142a por\u00f3wnywalna do tej z obozu  koncentracyjnego.<\/p>\r\n<p>Nawiasem m\u00f3wi\u0105c, ten Eban, to ten sam, kt\u00f3rego obecno\u015b\u0107  stwierdzili\u015bmy rado\u015bnie na kartach znakomitej ksi\u0105\u017ceczki Wieni  Jerofiejewa pt. &#8222;Moskwa &#8211; Pietuszki&#8221;. Tam to podpici robotnicy rechotali  powtarzaj\u0105c nazwisko izraelskiego ministra w swoim ojczystym j\u0119zyku:  &#8222;Abba Jeban, ha,ha,ha!&#8221;.<\/p>\r\n<p>Netanyahu w odpowiedzi Obamie stwierdzi\u0142, \u017ce granice sprzed wojny  1967 r. s\u0105 dla Izraela nie do przyj\u0119cia, gdy\u017c z wojskowego punktu s\u0105 nie  do obrony. Stwierdzi\u0142 te\u017c, \u017ce ich przyj\u0119cie pozostawi\u0142oby poza  granicami Izraela du\u017c\u0105 populacj\u0105 \u017cyd\u00f3w mieszkaj\u0105cych w Judei i Samarii.<\/p>\r\n<p>Obama wyr\u0119czy\u0142 si\u0119 swoimi urz\u0119dnikami. Jeden z oficja\u0142\u00f3w  ameryka\u0144skich powiedzia\u0142 <em>The New York Times<\/em>, \u017ce prezydent Stan\u00f3w  Zjednoczonych nie wierzy, by Netanyahu mia\u0142 zamiar dokona\u0107 jakich\u015b  koncesji prowadz\u0105cych do osi\u0105gni\u0119cia pokoju. Na dodatek, w wywiadzie dla  izraelskiego &#8222;Haaretza&#8221;\u00a0ameryka\u0144ski \u00a0oficja\u0142 oznajmi\u0142, \u017ce mo\u017ce sta\u0107 si\u0119  tak, \u017ce na posiedzeniu Zgromadzenia Og\u00f3lnego ONZ, 187 kraj\u00f3w b\u0119dzie  g\u0142osowa\u0142o za uznaniem pa\u0144stwa palesty\u0144skiego, a tylko dwa pa\u0144stwa  przeciwko. &#8222;By\u0142oby to z\u0142e dla Izraela i z\u0142e dla USA&#8221;.<\/p>\r\n<p>Niewatpliwie stosunki amerykansko-izraelskie weszly w bardzo  interesujaca faze. Tym bardziej, ze propozycja powrotu do &#8222;granic  Auschwitz&#8221; zostala zyczliwie przyjeta przez tak zwany Bliskowschodni  Kwartet: ONZ, EU, USA i Rosje.<\/p>\r\n<p>Nie wypada przy tej okazji nie zauwa\u017cy\u0107, \u017ce w Izraelu niemi\u0142osiernie  nadu\u017cywa si\u0119 okre\u015ble\u0144: &#8222;hoklokaust&#8221;,&#8221;nazi\u015bci&#8221; i &#8222;Auschwitz&#8221;. Kiedy\u015b,  A.Burg zauwa\u017cy\u0142, \u017ce &#8222;w Izraelu ka\u017cda gro\u017aba lub skarga, du\u017ca czy ma\u0142a  automatycznie spotyka si\u0119 z najwi\u0119kszym z mo\u017cliwych argumentem &#8211;  holokaustu&#8221;. I rzeczywi\u015bcie, kibice pi\u0142karskich dru\u017cyn w tym kraju  swobodnie obrzucaj\u0105 si\u0119 przezwiskiem: &#8222;nazi\u015bci&#8221;. W Hebronie osadnicy  \u017cydowscy pod ochron\u0105 wojska malowali na domach arabskich has\u0142o: &#8222;Arabowie do kom\u00f3r gazowych&#8221;. Natomiast nie-\u017cydzi musz\u0105 by\u0107 bardzo  ostro\u017cni w doborze\u00a0 s\u0142\u00f3w.<\/p>\r\n<p><strong><em>Tymczasowy<\/em><\/strong><\/p>","protected":false},"excerpt":{"rendered":"Wzajemne stosunki pomi\u0119dzy premierem Izraela B. Netanyahu i prezydentem USA B. Obama od pocz\u0105tku niezbyt si\u0119 uk\u0142ada\u0142y. Pierwszy to prawicowy ekstremista, drugi &#8211; demokrata. Ojcem premiera Izraela by\u0142 urodzony w Warszawie \u017cydowski syjonista Benzion Netanyahu, pierwotnie nosz\u0105cy nazwisko Milejkowski. Jak dot\u0105d, najbardziej drastyczna by\u0142a sytuacja, jaka zasz\u0142a w czasie wizyty izraelskiej delegacji w Bia\u0142ym Domu [&hellip;]","protected":false},"author":1,"featured_media":0,"comment_status":"closed","ping_status":"closed","sticky":false,"template":"","format":"standard","meta":{"_acf_changed":false,"_monsterinsights_skip_tracking":false,"_monsterinsights_sitenote_active":false,"_monsterinsights_sitenote_note":"","_monsterinsights_sitenote_category":0,"ngg_post_thumbnail":0,"footnotes":"","_wp_rev_ctl_limit":""},"categories":[9],"tags":[61,21],"acf":[],"_links":{"self":[{"href":"https:\/\/www.bibula.com\/index.php?rest_route=\/wp\/v2\/posts\/38197"}],"collection":[{"href":"https:\/\/www.bibula.com\/index.php?rest_route=\/wp\/v2\/posts"}],"about":[{"href":"https:\/\/www.bibula.com\/index.php?rest_route=\/wp\/v2\/types\/post"}],"author":[{"embeddable":true,"href":"https:\/\/www.bibula.com\/index.php?rest_route=\/wp\/v2\/users\/1"}],"replies":[{"embeddable":true,"href":"https:\/\/www.bibula.com\/index.php?rest_route=%2Fwp%2Fv2%2Fcomments&post=38197"}],"version-history":[{"count":0,"href":"https:\/\/www.bibula.com\/index.php?rest_route=\/wp\/v2\/posts\/38197\/revisions"}],"wp:attachment":[{"href":"https:\/\/www.bibula.com\/index.php?rest_route=%2Fwp%2Fv2%2Fmedia&parent=38197"}],"wp:term":[{"taxonomy":"category","embeddable":true,"href":"https:\/\/www.bibula.com\/index.php?rest_route=%2Fwp%2Fv2%2Fcategories&post=38197"},{"taxonomy":"post_tag","embeddable":true,"href":"https:\/\/www.bibula.com\/index.php?rest_route=%2Fwp%2Fv2%2Ftags&post=38197"}],"curies":[{"name":"wp","href":"https:\/\/api.w.org\/{rel}","templated":true}]}}