{"id":3811,"date":"2008-12-01T23:12:54","date_gmt":"2008-12-02T04:12:54","guid":{"rendered":"http:\/\/www.bibula.com\/?p=3811"},"modified":"2008-12-01T23:16:15","modified_gmt":"2008-12-02T04:16:15","slug":"niemiecki-dziennik-telewizyjny-tagesthemen-odkryl-kolejny-polski-oboz-zaglady","status":"publish","type":"post","link":"https:\/\/www.bibula.com\/?p=3811","title":{"rendered":"Niemiecki dziennik telewizyjny <em>Tagesthemen<\/em> odkry\u0142 kolejny &#8222;polski ob\u00f3z zag\u0142ady&#8221;"},"content":{"rendered":"<p>Caren Miosga (TV ARD) &#8211; ta twarz i ten u\u015bmiech przekonuj\u0105! Wczoraj przekona\u0142y 2,5 miliona niemieckich telewidz\u00f3w, \u017ce Sobib\u00f3r to POLSKI OB\u00d3Z ZAG\u0141ADY.<\/p>\r\n\r\n<p><br class=\"spacer_\" \/><\/p>\r\n\r\n<p><img decoding=\"async\" src=\"http:\/\/niepoprawni.pl\/files\/images\/tagesthemen_400q.jpg\" alt=\"\" width=\"400\" \/><\/p>\r\n\r\n<p><strong>Nie min\u0119\u0142o mi jeszcze mdl\u0105ce uczucie oburzenia i bezradno\u015bci, jakie tydzie\u0144 temu wywo\u0142a\u0142a berli\u0144ska gazeta &#8222;Die Welt&#8221; pi\u00f3rem Miriam Hollstei<strong>n, gdy niemieckie media zadba\u0142y o kolejn\u0105 porcj\u0119 niestrawnej rozrywki. Jak pami\u0119tamy, <\/strong><\/strong><strong>Miriam Hollstein\u00a0 mia\u0142a przyjemno\u015b\u0107 przypisa\u0107 niemiecki ob\u00f3z \u015bmierci w Majdanku \u00a0Polakom. Tym razem POLSKIM OBOZEM ZAG\u0141ADY wed\u0142ug Niemc\u00f3w okaza\u0142 si\u0119 wed\u0142ug I programu ARD niemieckiej telewizji ob\u00f3z Sobib\u00f3r, w kt\u00f3rym Niemcy zamordowali ok. 250 tysi\u0119cy \u017byd\u00f3w. <\/strong><\/p>\r\n\r\n<p>Informacja taka dotar\u0142a do 2,5 miliona niemieckich telewidz\u00f3w ogl\u0105daj\u0105cych niedzielne wydanie (z dn. 30.11.2008) dziennika <strong>Tagesthemen <\/strong>p\u00f3\u0142 godziny przed p\u00f3\u0142noc\u0105. Tym razem powodem do niej by\u0142 felieton filmowy na temat przypadaj\u0105cej 50 rocznicy utworzenia \u00a0Niemieckiego G\u0142\u00f3wnego Urz\u0119du \u015acigania Zbrodni Nazistowskich w Ludwigsburgu. Nota bene Urz\u0105d ten jest dobrze znany w Polsce dlatego, \u017ce Leon Kieres by\u0142y prezes IPN bezprawnie sprezentowa\u0142 mu tysi\u0105ce polskich oryginalnych akt z czas\u00f3w II wojny \u015bwiatowej, w tym akt dotycz\u0105cych obozu koncentracyjnego\u00a0 KZ Warschau.<\/p>\r\n\r\n<p>Reporterka JENNY \u00a0RIEGER\u00a0 zapowiedziana przez prowadz\u0105c\u0105 audycj\u0119 znan\u0105 i popularn\u0105 moderatork\u0119 \u00a0o nazwisku CAREN \u00a0MIOSGA przekonywaj\u0105co i ze znajomo\u015bci\u0105 telewizyjnego rzemios\u0142a opowiedzia\u0142a o setkach tysi\u0119cy zebranych akt, \u00a0kt\u00f3re ( w niewielkim u\u0142amku, ale tego ju\u017c nie powiedzia\u0142a) zaprocentowa\u0142y postawieniem w stan oskar\u017cenia zbrodniarzy nazistowskich. Drugim na li\u015bcie najbardziej poszukiwanym zbrodniarzem jest Ivan Demjaniuk, odpowiedzialny za przyczynienie si\u0119 do \u015bmierci \u201eoko\u0142o 30 tysi\u0119cy os\u00f3b w <strong>POLSKIM OBOZIE ZAG\u0141ADY SOBIBOR<\/strong>&#8221; &#8211; powiedzia\u0142a bez zaj\u0105kni\u0119cia \u00a0uczona w historii Jenny Rieger.<\/p>\r\n\r\n<p><strong>Tagesthemen<\/strong> to drugi co do wa\u017cno\u015bci po \u201eTagesschau&#8221; (Przegl\u0105dzie dnia) nadawanym o godz. 20.00 telewizyjny dziennik niemiecki w I programie telewizyjnym ARD. Tagesthemen nadawane s\u0105 bezpo\u015brednio po filmie fabularnym, jaki zwyczajowo pokazywany jest w I Pr. ARD po godz. 20.00\u00a0 i dlatego &#8211; jak wspomnia\u0142am wcze\u015bniej &#8211; ma liczn\u0105 widowni\u0119.<\/p>\r\n\r\n<p>Ambasada RP w Berlinie zosta\u0142a zawiadomiona o tym wypadku licznymi telefonami od oburzonej Polonii i ju\u017c przed po\u0142udniem zdecydowanie za\u017c\u0105da\u0142a od dyrekcji ARD, aby przymiotnik \u201epolski&#8221; zosta\u0142 wyci\u0119ty z audycji archiwalnej dost\u0119pnej w Internecie.<\/p>\r\n\r\n<p>Ciekawe, czy dyrekcja ARD oraz odpowiedzialna za tre\u015b\u0107 audycji Caren Miosga zachowaj\u0105 si\u0119 tak, jak tego wymaga sytuacja. Ciekawe te\u017c, czy przybywaj\u0105cy z wizyt\u0105\u00a0 do Berlina w najbli\u017cszych dniach minister Sikorski poruszy ten temat ze swymi rozm\u00f3wcami. Z pewno\u015bci\u0105 w obliczu rych\u0142ego by\u0107 mo\u017ce awansu w strukturach NATO, gdzie Niemcy maj\u0105 najwi\u0119cej do powiedzenia, nie b\u0119dzie to dla niego \u0142atwe. Zobaczymy.<\/p>\r\n\r\n<p>No i &#8211; jako &#8222;op\u0119tani antyniemieck\u0105 fobi\u0105 histerycy&#8221; (okre\u015blenie\u00a0korespondenta Sueddeutsche Zeitung\u00a0 w Warszawie Thomasa Urbana) &#8211; czekamy niecierpliwie na nast\u0119pny \u201ePOLSKI&#8221; ob\u00f3z zag\u0142ady w niemieckich mediach.\u00a0 Wcale nie trzeba &#8222;googla\u0107&#8221; wystarczy otworzy\u0107 pierwsz\u0105 lepsz\u0105 wysokonak\u0142adow\u0105 gazet\u0119, albo w\u0142\u0105czy\u0107 pierwszy program niemieckiej PUBLICZNEJ (tzn. finansowanej z podatk\u00f3w obywateli Niemiec) telewizji.<\/p>\r\n\r\n<p>Kto nast\u0119pny w kolejce do &#8222;geograficznego przej\u0119zyczenia&#8221;?<\/p>\r\n\r\n<p><br class=\"spacer_\" \/><\/p>\r\n\r\n<p>_____________________________________<\/p>\r\n\r\n<p>Omawiany felieton filmowy (s\u0142owo &#8222;polski&#8221; przed nazw\u0105 obozu zag\u0142ady redakcja &#8222;Tagesthemen&#8221; wyci\u0119\u0142a na \u017c\u0105danie polskiej ambasady RP w Berlinie):<br \/>\r\n <a class=\"ext\" href=\"http:\/\/www.tagesschau.de\/multimedia\/sendung\/tt1006.html\" target=\"_blank\">http:\/\/www.tagesschau.de\/multimedia\/sendung\/tt1006.html<\/a><\/p>\r\n\r\n<p>W polskiej Wikipedii:<br \/>\r\n <a class=\"ext\" href=\"http:\/\/pl.wikipedia.org\/wiki\/Sobibor\" target=\"_blank\">SS Sonderkommando Sobibor<\/a><\/p>\r\n\r\n<p class=\"MsoNormal\">\u00a0<\/p>\r\n\r\n<p class=\"MsoNormal\">Za: <a href=\"http:\/\/niemcy.salon24.pl\/104659,index.html\" target=\"_blank\">Blog Joanny Mieszko-Wi\u00f3rkiewicz<\/a><br \/>\r\n Niemcy: znowu k\u0142amstwo o\u015bwi\u0119cimskie &#8211; Tagesthemen odkry\u0142y kolejny &#8222;polski ob\u00f3z zag\u0142ady&#8221;&#8221;<\/p>\r\n\r\n<p><br class=\"spacer_\" \/><\/p>\r\n\r\n<p class=\"MsoNormal\">\u00a0<\/p>","protected":false},"excerpt":{"rendered":"Caren Miosga (TV ARD) &#8211; ta twarz i ten u\u015bmiech przekonuj\u0105! Wczoraj przekona\u0142y 2,5 miliona niemieckich telewidz\u00f3w, \u017ce Sobib\u00f3r to POLSKI OB\u00d3Z ZAG\u0141ADY. Nie min\u0119\u0142o mi jeszcze mdl\u0105ce uczucie oburzenia i bezradno\u015bci, jakie tydzie\u0144 temu wywo\u0142a\u0142a berli\u0144ska gazeta &#8222;Die Welt&#8221; pi\u00f3rem Miriam Hollstein, gdy niemieckie media zadba\u0142y o kolejn\u0105 porcj\u0119 niestrawnej rozrywki. Jak pami\u0119tamy, Miriam [&hellip;]","protected":false},"author":1,"featured_media":0,"comment_status":"closed","ping_status":"closed","sticky":false,"template":"","format":"standard","meta":{"_acf_changed":false,"_monsterinsights_skip_tracking":false,"_monsterinsights_sitenote_active":false,"_monsterinsights_sitenote_note":"","_monsterinsights_sitenote_category":0,"ngg_post_thumbnail":0,"footnotes":"","_wp_rev_ctl_limit":""},"categories":[6],"tags":[22,67,20],"acf":[],"_links":{"self":[{"href":"https:\/\/www.bibula.com\/index.php?rest_route=\/wp\/v2\/posts\/3811"}],"collection":[{"href":"https:\/\/www.bibula.com\/index.php?rest_route=\/wp\/v2\/posts"}],"about":[{"href":"https:\/\/www.bibula.com\/index.php?rest_route=\/wp\/v2\/types\/post"}],"author":[{"embeddable":true,"href":"https:\/\/www.bibula.com\/index.php?rest_route=\/wp\/v2\/users\/1"}],"replies":[{"embeddable":true,"href":"https:\/\/www.bibula.com\/index.php?rest_route=%2Fwp%2Fv2%2Fcomments&post=3811"}],"version-history":[{"count":0,"href":"https:\/\/www.bibula.com\/index.php?rest_route=\/wp\/v2\/posts\/3811\/revisions"}],"wp:attachment":[{"href":"https:\/\/www.bibula.com\/index.php?rest_route=%2Fwp%2Fv2%2Fmedia&parent=3811"}],"wp:term":[{"taxonomy":"category","embeddable":true,"href":"https:\/\/www.bibula.com\/index.php?rest_route=%2Fwp%2Fv2%2Fcategories&post=3811"},{"taxonomy":"post_tag","embeddable":true,"href":"https:\/\/www.bibula.com\/index.php?rest_route=%2Fwp%2Fv2%2Ftags&post=3811"}],"curies":[{"name":"wp","href":"https:\/\/api.w.org\/{rel}","templated":true}]}}