{"id":37878,"date":"2011-05-16T14:26:08","date_gmt":"2011-05-16T19:26:08","guid":{"rendered":"http:\/\/www.bibula.com\/?p=37878"},"modified":"2011-05-17T10:58:37","modified_gmt":"2011-05-17T15:58:37","slug":"nie-chca-odznaczen-od-prezydenta-komorowskiego","status":"publish","type":"post","link":"https:\/\/www.bibula.com\/?p=37878","title":{"rendered":"Nie chc\u0105 odznacze\u0144 od prezydenta Komorowskiego"},"content":{"rendered":"<p><strong>Czterech cz\u0142onk\u00f3w Stowarzyszenia &#8222;Godno\u015b\u0107&#8221; z Gda\u0144ska oraz by\u0142y  dzia\u0142acz Wolnych Zwi\u0105zk\u00f3w Zawodowych nie chc\u0105, aby IPN wyst\u0119powa\u0142 do  prezydenta Bronis\u0142awa Komorowskiego o przyznanie im Krzy\u017ca Wolno\u015bci i  Solidarno\u015bci. Twierdz\u0105, \u017ce prezydent Bronis\u0142aw Komorowski &#8222;nie zachowa\u0142  szacunku&#8221; do Lecha Kaczy\u0144skiego. O sprawie napisa\u0142 m.in. portal rp.pl<\/strong><\/p>\r\n<p style=\"padding-left: 30px;\">Obecny prezydent Bronis\u0142aw Komorowski, kt\u00f3ry mia\u0142by nam przyzna\u0107  odznaczenia, jako polityk PO i marsza\u0142ek sejmu, a przede wszystkim  cz\u0142onek Solidarno\u015bci nie zachowa\u0142 nale\u017cytego szacunku dla by\u0142ego  dzia\u0142acza Solidarno\u015bci, by\u0142ego wiceprzewodnicz\u0105cego Komisji Krajowej,  by\u0142ego prezydenta RP, kt\u00f3ry zgin\u0105\u0142 w katastrofie smole\u0144skiej wype\u0142niaj\u0105c  swoje obowi\u0105zki wobec narodu&#8221; <em>&#8211; napisali w li\u015bcie otwartym do Kolegium IPN.\u00ef\u00bb\u00bf<\/em><\/p>\r\n<p>Czes\u0142aw Nowak, Alojzy Szablewski, Stanis\u0142aw Fudakowski, J\u00f3zef  Raszewski (Stowarzyszenie &#8222;Godno\u015b\u0107&#8221;) oraz by\u0142y dzia\u0142acz Wolnych Zwi\u0105zk\u00f3w  Zawodowych &#8211; Krzysztof Wyszkowski otrzymali z gda\u0144skiego oddzia\u0142u IPN  pisma z pro\u015bb\u0105 o wyra\u017cenie zgody na wyst\u0105pienie przez instytut do  prezydenta o przyznanie im Krzy\u017ca Wolno\u015bci i Solidarno\u015bci. \u00ef\u00bb\u00bf<\/p>\r\n<p style=\"padding-left: 30px;\">O\u015bwiadczamy ponadto, \u017ce dot\u0105d a\u017c nie zostan\u0105 wydaleni z administracji  publicznej, szkolnictwa wy\u017cszego, medi\u00f3w publicznych, wymiaru  sprawiedliwo\u015bci agenci s\u0142u\u017cb specjalnych i tajni wsp\u00f3\u0142pracownicy tych  s\u0142u\u017cb, a tak\u017ce s\u0119dziowie i prokuratorzy, kt\u00f3rzy brali udzia\u0142 w procesach  politycznych w PRL, nie b\u0119dziemy przyjmowa\u0107 \u017cadnych odznacze\u0144  pa\u0144stwowych.<\/p>\r\n<p>Krzy\u017c Wolno\u015bci i Solidarno\u015bci zosta\u0142 ustanowiony specjaln\u0105 ustaw\u0105 5  sierpnia 2010 roku. Przeznaczony jest dla dzia\u0142aczy opozycji wobec  dyktatury komunistycznej PRL.\u00ef\u00bb\u00bf<\/p>\r\n<p style=\"padding-left: 30px;\">Walczyli\u015bmy o Polsk\u0119 woln\u0105 i demokratyczn\u0105. Nadal nasze pa\u0144stwo tkwi w wielu dziedzinach \u017cycia w postkomunistycznych uk\u0142adach <em>&#8211; napisali byli dzia\u0142acze.\u00ef\u00bb\u00bf\u00ef\u00bb\u00bf<\/em><\/p>\r\n<p>W salonie24 Feniks1988 skomentowa\u0142:<\/p>\r\n<p style=\"padding-left: 30px;\">S\u0105 rzeczy wa\u017cniejsze od order\u00f3w, to m.in. honor i poczucie w\u0142asnej  warto\u015bci. Wy\u017cej wymienieni panowie niew\u0105tpliwie te cechy posiadaj\u0105.  Pozostaje mi tylko z\u0142o\u017cy\u0107 wyrazy uznania.\u00ef\u00bb\u00bf<em> <\/em><\/p>\r\n<p>&nbsp;<\/p>\r\n<blockquote>\r\n<p>W nawi\u0105zaniu do wiadomo\u015bci powy\u017cej, przytaczamy list nades\u0142any do Redakcji BIBU\u0141Y:<\/p>\r\n<p style=\"font-family: verdana; padding-left: 30px;\">Pan Bronis\u0142aw Komorowski<br \/> Prezydent Rzeczypospolitej Polskiej<br \/> Warszawa<\/p>\r\n<p style=\"font-family: verdana; padding-left: 30px;\">Szanowny Panie Prezydencie<\/p>\r\n<p style=\"font-family: verdana; padding-left: 30px;\">W tym miesi\u0105cu przekazano nam Krzy\u017ce Orderu Odrodzenia Polski, kt\u00f3re nada\u0142nam Pan 15 grudnia 2010 r. Poniewa\u017c nie zostali\u015bmy w \u017caden spos\u00f3bpowiadomieni ani o zamiarze przyznania nam tych odznacze\u0144, ani te\u017c opodstawach tej decyzji, przypuszczamy, i\u017c tytu\u0142em do takiego wyr\u00f3\u017cnieniaby\u0142a nasza dzia\u0142alno\u015b\u0107 w \u201eSolidarno\u015bci\u201d w dekadzie lat osiemdziesi\u0105tych.<\/p>\r\n<p style=\"font-family: verdana; padding-left: 30px;\">Przyznanie nam Orderu Odrodzenia Polski by\u0142oby dla nas zaszczytem i powodemdo dumy, gdyby nie fakt, \u017ce na kr\u00f3tko przed kolejna rocznic\u0105 stanu wojennegoi Grudnia 1970 zaprosi\u0142 Pan na posiedzenie rady Bezpiecze\u0144stwa Narodowegogenera\u0142a Wojciecha Jaruzelskiego &#8211; architekta i wykonawc\u0119 stanu wojennego,dow\u00f3dc\u0119 armii pacyfikuj\u0105cej miasta Wybrze\u017ca w roku 1970, cz\u0142owieka, kt\u00f3ryprzed s\u0105dem odpowiada za swoje post\u0119powanie. Czynem tym da\u0142 Pan dozrozumienia, \u017ce zar\u00f3wno zachowania zmierzaj\u0105ce do zniewolenia Polski, jak idzia\u0142ania podejmowane w obronie wolno\u015bci maj\u0105 w Pana oczach podobn\u0105 warto\u015b\u0107. Nie podzielamy tego pogl\u0105du. Zdecydowanie oddzielamy zdrad\u0119 od patriotyzmu. Nie akceptujemy te\u017c innych Pana dzia\u0142a\u0144 i wypowiedzi, kt\u00f3rych efektem jestkruszenie moralnych i politycznych fundament\u00f3w trwania Rzeczypospolitej. Dlatego nie przyjmujemy z Pana r\u0105k przyznanych nam odznacze\u0144.<\/p>\r\n<p style=\"font-family: verdana; padding-left: 30px;\">Odsy\u0142amy je Panu.<\/p>\r\n<p style=\"font-family: verdana; padding-left: 30px;\">Tomasz Zieli\u0144ski<br \/> Wies\u0142aw Szajko<\/p>\r\n<p style=\"font-family: verdana; padding-left: 30px;\">Szczecin &#8211; Stargard Szczeci\u0144ski, 25 marca 2011 r.<\/p>\r\n<p style=\"font-family: verdana; padding-left: 30px;\">Wysy\u0142ka potwierdzona dat\u0105 stempla pocztowego 29.03.2011 UPT Szczecin 39.<\/p>\r\n<\/blockquote>","protected":false},"excerpt":{"rendered":"Czterech cz\u0142onk\u00f3w Stowarzyszenia &#8222;Godno\u015b\u0107&#8221; z Gda\u0144ska oraz by\u0142y dzia\u0142acz Wolnych Zwi\u0105zk\u00f3w Zawodowych nie chc\u0105, aby IPN wyst\u0119powa\u0142 do prezydenta Bronis\u0142awa Komorowskiego o przyznanie im Krzy\u017ca Wolno\u015bci i Solidarno\u015bci. Twierdz\u0105, \u017ce prezydent Bronis\u0142aw Komorowski &#8222;nie zachowa\u0142 szacunku&#8221; do Lecha Kaczy\u0144skiego. O sprawie napisa\u0142 m.in. portal rp.pl Obecny prezydent Bronis\u0142aw Komorowski, kt\u00f3ry mia\u0142by nam przyzna\u0107 odznaczenia, jako [&hellip;]","protected":false},"author":1,"featured_media":0,"comment_status":"closed","ping_status":"closed","sticky":false,"template":"","format":"standard","meta":{"_acf_changed":false,"_monsterinsights_skip_tracking":false,"_monsterinsights_sitenote_active":false,"_monsterinsights_sitenote_note":"","_monsterinsights_sitenote_category":0,"ngg_post_thumbnail":0,"footnotes":"","_wp_rev_ctl_limit":""},"categories":[8],"tags":[66,98,144,81,87],"acf":[],"_links":{"self":[{"href":"https:\/\/www.bibula.com\/index.php?rest_route=\/wp\/v2\/posts\/37878"}],"collection":[{"href":"https:\/\/www.bibula.com\/index.php?rest_route=\/wp\/v2\/posts"}],"about":[{"href":"https:\/\/www.bibula.com\/index.php?rest_route=\/wp\/v2\/types\/post"}],"author":[{"embeddable":true,"href":"https:\/\/www.bibula.com\/index.php?rest_route=\/wp\/v2\/users\/1"}],"replies":[{"embeddable":true,"href":"https:\/\/www.bibula.com\/index.php?rest_route=%2Fwp%2Fv2%2Fcomments&post=37878"}],"version-history":[{"count":0,"href":"https:\/\/www.bibula.com\/index.php?rest_route=\/wp\/v2\/posts\/37878\/revisions"}],"wp:attachment":[{"href":"https:\/\/www.bibula.com\/index.php?rest_route=%2Fwp%2Fv2%2Fmedia&parent=37878"}],"wp:term":[{"taxonomy":"category","embeddable":true,"href":"https:\/\/www.bibula.com\/index.php?rest_route=%2Fwp%2Fv2%2Fcategories&post=37878"},{"taxonomy":"post_tag","embeddable":true,"href":"https:\/\/www.bibula.com\/index.php?rest_route=%2Fwp%2Fv2%2Ftags&post=37878"}],"curies":[{"name":"wp","href":"https:\/\/api.w.org\/{rel}","templated":true}]}}