{"id":376,"date":"2006-05-25T00:00:00","date_gmt":"2006-05-25T00:00:00","guid":{"rendered":""},"modified":"2016-05-25T22:31:11","modified_gmt":"2016-05-26T02:31:11","slug":"kosciol-katolicki-i-polski-narodowy-kosciol-katolicki-na-ekumenicznej-drodze-do-wspolnoty","status":"publish","type":"post","link":"https:\/\/www.bibula.com\/?p=376","title":{"rendered":"Ko\u015bci\u00f3\u0142 katolicki i &#8222;Polski Narodowy Ko\u015bci\u00f3\u0142 Katolicki&#8221; na ekumenicznej drodze do wsp\u00f3lnoty"},"content":{"rendered":"<p><strong>Przedstawiciele Ko\u015bcio\u0142a katolickiego oraz przedstawiciele &#8222;Polskiego Narodowego Ko\u015bcio\u0142a Katolickiego&#8221; wydali wsp\u00f3lne o\u015bwiadczenie podkre\u015blaj\u0105ce owocne rozmowy, kt\u00f3rych celem jest &#8222;ustanowienie wsp\u00f3lnoty pomi\u0119dzy naszymi ko\u015bcio\u0142ami&#8221;.<\/strong><\/p><p>Po dwudniowych obradach zako\u0144czonych 17 maja br. w Fall River w stanie Massachusetts, wsp\u00f3lny Komunikat obraduj\u0105cych stron stwierdza, \u017ce 22-letni dialog mo\u017cliwy jest w wyniku &#8222;nowego natchnienia Ducha \u015awi\u0119tego, kt\u00f3rego do\u015bwiadczy\u0142y dwa nasze ko\u015bcio\u0142y po Soborze Watyka\u0144skim II&#8221;. Na szczeg\u00f3ln\u0105 uwag\u0119 zas\u0142uguje zdanie nawi\u0105zuj\u0105ce do powstania &#8222;Polskiego Narodowego Ko\u015bcio\u0142a Katolickiego&#8221;, w kt\u00f3rym przyznaje si\u0119, \u017ce &#8222;zdajemy sobie teraz spraw\u0119, \u017ce spory toczone w tamtym czasie by\u0142y bardziej zwi\u0105zane ze sprawami dotycz\u0105cymi zarz\u0105dzaniem Ko\u015bcio\u0142em, ni\u017c samej doktryny.&#8221;<\/p><p>W Komunikacie, przepe\u0142nionym przypomnieniem historycznych wydarze\u0144 &#8222;dialogu pomi\u0119dzy ko\u015bcio\u0142ami&#8221;, kt\u00f3ry rozpocz\u0105\u0142 si\u0119 w 1984 roku, padaj\u0105 gro\u017ane dla katolika stwierdzenia, i\u017c &#8222;Nasz wsp\u00f3lny szacunek wyra\u017anie wyklucza nieodpowiednie zachowania i dzia\u0142ania, jak prozelityzm pomi\u0119dzy wiernymi [jednej i drugiej strony] &#8222;.<\/p><p>Widzimy zatem, \u017ce zamiast wyrzeczenia si\u0119 b\u0142\u0119d\u00f3w doktrynalnych i dopiero wtedy przy\u0142\u0105czenia tej schizmatyckiej, a dzisiaj ju\u017c w pe\u0142ni heretyckiej grupy, nazywaj\u0105cej si\u0119 &#8222;Polskim Narodowym Ko\u015bcio\u0142em Katolickim&#8221; do Ko\u015bcio\u0142a katolickiego, przedstawiciele Ko\u015bcio\u0142a katolickiego krocz\u0105 zgubn\u0105 drog\u0105 ekumenizmu, zak\u0142adaj\u0105c\u0105 \u0142\u0105czenie r\u00f3\u017cnych, sprzecznych doktrynalnie ze sob\u0105 cia\u0142, w jedn\u0105 sztuczn\u0105 ca\u0142o\u015b\u0107. Obranie tej drogi wyra\u017cone jest w u\u017cytym w Komunikacie stwierdzeniu, i\u017c &#8222;Pragniemy podkre\u015bli\u0107, \u017ce &#8222;wsp\u00f3lnota&#8221; [&#8222;\u0142\u0105czno\u015b\u0107&#8221;, &#8222;wsp\u00f3lna komunia&#8221;] nie zak\u0142ada absorbcji czy jednorodno\u015bci, ale uni\u0119, kt\u00f3ra zak\u0142ada pe\u0142ne uznanie r\u00f3\u017cnych tradycji&#8221;.<\/p><p>Uczestnik\u00f3w rozm\u00f3w nie przera\u017caj\u0105 r\u00f3\u017cnice i podzia\u0142y, kt\u00f3re Komunikat przypomina np. w odniesieniu do roli Papie\u017ca: &#8222;Jakkolwiek nadrz\u0119dno\u015b\u0107 i nieomylno\u015b\u0107 Biskupa Rzymu nie by\u0142y spornymi sprawami w czasie naszego podzialu, to dzisiaj nasze ko\u015bcioly inaczej rozumiej\u0105 rol\u0119 Papie\u017ca w Ko\u015bciele.&#8221; Pomimo tych r\u00f3\u017cnic, b\u0119d\u0105cych zasadniczymi przeszkodami (obok innych dogmat\u00f3w, np. dogmatu Niepokalanego Pocz\u0119cia Naj\u015bwi\u0119tszej Maryi Panny), optymistycznie przyznaje si\u0119, \u017ce dalsze rozmowy &#8222;B\u0119d\u0105 dotyczy\u0142y poszukiwa\u0144 rozwi\u0105za\u0144 wsp\u00f3lnego zrozumienia pos\u0142ugi Biskupa Rzymu w Ko\u015bciele&#8221;.<\/p><p>Obserwuj\u0105c jednoznacznie obrany przez Rzym kierunek w kwestii tzw. ekumenizmu, polegaj\u0105cy w praktyce i konsekwencji na takiej <em>przemianie<\/em> Ko\u015bcio\u0142a katolickiego &#8211; czyli <em>likwidacji<\/em> esencji katolicyzmu &#8211; aby by\u0142o mo\u017cliwe osi\u0105gni\u0119cie jak\u0105kolwiek &#8222;wsp\u00f3lnot\u0119&#8221;, mo\u017cna spodziewa\u0107 si\u0119 najpierw &#8222;demokratyzacji&#8221; Papiestwa, a p\u00f3\u017aniej &#8222;wsp\u00f3lnej \u0142\u0105czno\u015bci&#8221; z heretykami, w tym z &#8222;Polskim Narodowym Ko\u015bcio\u0142em Katolickim&#8221;. W Komunikacie nie ma najmniejszej wzmianki o ch\u0119ci wycofania si\u0119 &#8222;Polskiego Narodowego Ko\u015bcio\u0142a Katolickiego&#8221; ze swoich heretyckich przekona\u0144, natomiast wida\u0107 wol\u0119 tworzenia nowego &#8222;wsp\u00f3lnego rozumienia pos\u0142ugi Biskupa Rzymu w Ko\u015bciele&#8221;, czyli rozwodnienia Papiestwa. Innymi s\u0142owy: prowadzi si\u0119 w duchu <em>Ut Unum Sint<\/em> dzia\u0142ania zmierzaj\u0105ce do osi\u0105gni\u0119cia sztucznej &#8222;jedno\u015bci w r\u00f3\u017cnorodno\u015bci&#8221; wszystkich. R\u00f3wnie\u017c z heretykami. Witaj <em>Nowa \u015awiatowa Religio<\/em>.<\/p>","protected":false},"excerpt":{"rendered":"Przedstawiciele Ko\u015bcio\u0142a katolickiego oraz przedstawiciele &#8222;Polskiego Narodowego Ko\u015bcio\u0142a Katolickiego&#8221; wydali wsp\u00f3lne o\u015bwiadczenie podkre\u015blaj\u0105ce owocne rozmowy, kt\u00f3rych celem jest &#8222;ustanowienie wsp\u00f3lnoty pomi\u0119dzy naszymi ko\u015bcio\u0142ami&#8221;.Po dwudniowych obradach zako\u0144czonych 17 maja br. w Fall River w stanie Massachusetts, wsp\u00f3lny Komunikat obraduj\u0105cych stron stwierdza, \u017ce 22-letni dialog mo\u017cliwy jest w wyniku &#8222;nowego natchnienia Ducha \u015awi\u0119tego, kt\u00f3rego do\u015bwiadczy\u0142y dwa nasze [&hellip;]","protected":false},"author":1,"featured_media":0,"comment_status":"closed","ping_status":"open","sticky":false,"template":"","format":"standard","meta":{"_acf_changed":false,"_monsterinsights_skip_tracking":false,"_monsterinsights_sitenote_active":false,"_monsterinsights_sitenote_note":"","_monsterinsights_sitenote_category":0,"ngg_post_thumbnail":0,"footnotes":"","_wp_rev_ctl_limit":""},"categories":[3],"tags":[357,221,33],"acf":[],"_links":{"self":[{"href":"https:\/\/www.bibula.com\/index.php?rest_route=\/wp\/v2\/posts\/376"}],"collection":[{"href":"https:\/\/www.bibula.com\/index.php?rest_route=\/wp\/v2\/posts"}],"about":[{"href":"https:\/\/www.bibula.com\/index.php?rest_route=\/wp\/v2\/types\/post"}],"author":[{"embeddable":true,"href":"https:\/\/www.bibula.com\/index.php?rest_route=\/wp\/v2\/users\/1"}],"replies":[{"embeddable":true,"href":"https:\/\/www.bibula.com\/index.php?rest_route=%2Fwp%2Fv2%2Fcomments&post=376"}],"version-history":[{"count":0,"href":"https:\/\/www.bibula.com\/index.php?rest_route=\/wp\/v2\/posts\/376\/revisions"}],"wp:attachment":[{"href":"https:\/\/www.bibula.com\/index.php?rest_route=%2Fwp%2Fv2%2Fmedia&parent=376"}],"wp:term":[{"taxonomy":"category","embeddable":true,"href":"https:\/\/www.bibula.com\/index.php?rest_route=%2Fwp%2Fv2%2Fcategories&post=376"},{"taxonomy":"post_tag","embeddable":true,"href":"https:\/\/www.bibula.com\/index.php?rest_route=%2Fwp%2Fv2%2Ftags&post=376"}],"curies":[{"name":"wp","href":"https:\/\/api.w.org\/{rel}","templated":true}]}}