{"id":37405,"date":"2011-05-07T22:15:41","date_gmt":"2011-05-08T03:15:41","guid":{"rendered":"http:\/\/www.bibula.com\/?p=37405"},"modified":"2011-05-07T09:11:05","modified_gmt":"2011-05-07T14:11:05","slug":"ministerialna-aktywnosc-zastepcza-stanislaw-michalkiewicz","status":"publish","type":"post","link":"https:\/\/www.bibula.com\/?p=37405","title":{"rendered":"Ministerialna aktywno\u015b\u0107 zast\u0119pcza &#8211; <em>Stanis\u0142aw Michalkiewicz<\/em>"},"content":{"rendered":"<p><em>Albo takie w KIP-ie mieli troski: W odpowiedzi na&#8230; Mamy zaszczyt za&#8230; &#8211; Nacz. Wydz. (-) \u015acikowski. I dlatego &#8211; Wa\u017cny by\u0142 KIP, gro\u017any by\u0142 KIP<\/em>\u201d &#8211; wspomina\u0142 nie bez podziwu poeta. Kiedy my tu sobie obchodzimy a to \u015awi\u0119ta Wielkanocne, a to uczestniczymy w beatyfikacji Jana Paw\u0142a II, a to w uroczysto\u015bciach trzeciomajowych &#8211; w odleg\u0142ym Izraelu 1 maja utworzona zosta\u0142a Grupa Zadaniowa d.s. Restytucji Maj\u0105tku z Okresu Holokaustu (HEART). Celem Grupy Zadaniowej w pierwszej fazie przedsi\u0119wzi\u0119cia b\u0119dzie inwentaryzacja obiekt\u00f3w, co do kt\u00f3rego \u017cydowskie organizacje rewindykacyjne \u017cywi\u0105 przekonanie, i\u017c stanowi\u0105 one \u201e<em>mienie \u017cydowskie<\/em>\u201d, a w fazie drugiej &#8211; jego \u201e<em>odzyskanie<\/em>\u201d. Nie jest jeszcze jasne, czy w tym \u201e<em>odzyskaniu<\/em>\u201d musz\u0105 w jaki\u015b spos\u00f3b kolaborowa\u0107 z Izraelem miejscowe w\u0142adze tubylcze, czy te\u017c obejdzie si\u0119 bez tego &#8211; ale wygl\u0105da na to, \u017ce w\u0142adze tubylcze zostan\u0105 przynajmniej w pewien spos\u00f3b zaanga\u017cowane.<\/p>\r\n<p>Z \u201e<em>Gazety Wyborczej<\/em>\u201d, kt\u00f3rej w takich sprawach mimo wszystko mo\u017cna wierzy\u0107, dowiadujemy si\u0119, \u017ce pan minister spraw zagranicznych Rados\u0142aw Sikorski, od pewnego czasu skutecznie spychany w cie\u0144 przez pana prezydenta Komorowskiego, wynaj\u0105\u0142 pana mecenasa Romana Giertycha, ongi\u015b przyw\u00f3dc\u0119 Ligi Polskich Rodzin i cz\u0142onka rz\u0105du premiera Jaros\u0142awa Kaczy\u0144skiego do prowadzenia w jego imieniu proces\u00f3w s\u0105dowych przeciwko osobom u\u017cywaj\u0105cym w Internecie \u201e<em>j\u0119zyka nienawi\u015bci<\/em>\u201d. Okaza\u0142o si\u0119 przy okazji, \u017ce to w\u0142a\u015bnie minister Sikorski w grudniu 2010 roku zwr\u00f3ci\u0142 si\u0119 do Prokuratora Generalnego Andrzeja Seremeta z interwencj\u0105, by prokuratura energiczniej \u015bciga\u0142a sprawc\u00f3w przest\u0119pstw na tle antysemickim. Jak wiadomo, Prokurator Generalny Andrzej Seremet wystosowa\u0142 do podleg\u0142ych sobie prokuratur polecenie \u201e<em>powa\u017cnego<\/em>\u201d traktowania takich przest\u0119pstw. S\u0105dzili\u015bmy pocz\u0105tkowo, \u017ce uczyni\u0142 to z w\u0142asnej inicjatywy, w ramach s\u0142awnej niezale\u017cno\u015bci Generalnej Prokuratury, ale informacja o interwencji ministra Sikorskiego pokazuje, \u017ce w zakresie niezale\u017cno\u015bci od czas\u00f3w PRL nic si\u0119 nie zmieni\u0142o.<\/p>\r\n<p>Mniejsza jednak o to, bo znacznie wa\u017cniejsza jest pr\u00f3ba stopniowego d\u0142awienia wolno\u015bci s\u0142owa w Internecie pod pretekstem zwalczania \u201e<em>mowy nienawi\u015bci<\/em>\u201d. Okre\u015blenie to jest podobnie nieostre, jak u\u017cyte w s\u0142ynnym art. 58 kodeksu karnego RFSRR okre\u015blenie \u201e<em>antysowiecka i kontrrewolucyjna agitacja<\/em>\u201d &#8211; jednak, jak wiemy, ten brak ostro\u015bci wcale nie przeszkodzi\u0142 obj\u0119ciu prze\u015bladowaniami pod tym pretekstem dziesi\u0105tek milion\u00f3w ludzi. To jednak okaza\u0142o si\u0119 dopiero p\u00f3\u017aniej, w zwi\u0105zku z tym art. 58 pocz\u0105tkowo sprawia\u0142 wra\u017cenie ca\u0142kiem niewinnego. \u201e<em>J\u0119zykiem nienawi\u015bci<\/em>\u201d zaj\u0119li si\u0119 u nas najpierw \u201e<em>male\u0144cy uczeni<\/em>\u201d w osobach Magdaleny Tulli i Sergiusza Kowalskiego, kt\u00f3rzy za pieni\u0105dze Ambasady Kr\u00f3lestwa Niderland\u00f3w w Warszawie sprokurowali ksi\u0105\u017ck\u0119, w kt\u00f3rej oskar\u017cyli o u\u017cywanie \u201e<em>mowy nienawi\u015bci<\/em>\u201d wszystkich, kt\u00f3rych opinie im si\u0119 nie spodoba\u0142y, albo kt\u00f3rych wskazano im nieub\u0142aganym palcem. Ksi\u0105\u017cka wzbudzi\u0142a wiele \u015bmiechu, ale pami\u0119tajmy, \u017ce mi\u0142e z\u0142ego pocz\u0105tki tym bardziej, \u017ce SLD w\u0142a\u015bnie chce rozszerzy\u0107 penalizacj\u0119 \u201e<em>mowy nienawi\u015bci<\/em>\u201d nie tylko w stosunku do sodomit\u00f3w, ale i ze wzgl\u0119du na \u201e<em>to\u017csamo\u015b\u0107 p\u0142ciow\u0105<\/em>\u201d.<\/p>\r\n<p>\u201e<em>Antysemityzm<\/em>\u201d &#8211; cokolwiek by to mia\u0142o oznacza\u0107 &#8211; penalizowany jest u nas ju\u017c od dawna. Spektakularnym dowodem nadgorliwo\u015bci a zarazem ignorancji niekt\u00f3rych prokurator\u00f3w i &#8211; niestety &#8211; niezawis\u0142ych s\u0119dzi\u00f3w, jest skazanie Arkadiusza \u0141ygasa, kt\u00f3ry porozwiesza\u0142 w kilku miejscowo\u015bciach wojew\u00f3dztwa lubelskiego tekst wielkopi\u0105tkowej modlitwy za \u017byd\u00f3w. C\u00f3\u017c dopiero by si\u0119 dzia\u0142o, gdyby tak zacz\u0105\u0142 rozwiesza\u0107 plakaty protestuj\u0105ce albo przeciwko \u201e<em>inwentaryzacji<\/em>\u201d mienia uznanego przez \u017cydowskie organizacje rewindykacyjne za \u201e<em>\u017cydowskie<\/em>\u201d, albo przeciwko pr\u00f3bom jego \u201e<em>odzyskiwania<\/em>\u201d? Zgodnie z rozkazem Prokuratora Generalnego Andrzeja Seremeta, wydanym &#8211; jak ju\u017c wiemy &#8211; wskutek interwencji ministra Rados\u0142awa Sikorskiego, ka\u017cdy taki protest, a nawet uzewn\u0119trzniony odruch niezadowolenia mo\u017ce zosta\u0107 uznany za szczeg\u00f3lnie gro\u017ane przest\u0119pstwo. By\u0107 mo\u017ce sprawcy takich przest\u0119pstw nie b\u0119d\u0105 wydawani w\u0142adzom izraelskim w celu reedukacji, ale \u017cadnej pewno\u015bci, ma si\u0119 rozumie\u0107, nie ma. Jak pami\u0119tamy, europejski nakaz aresztowania zosta\u0142 w Polsce wprowadzony i zastosowany mimo konstytucyjnego zakazu ekstradycji obywateli polskich, wi\u0119c wszystko jest mo\u017cliwe tym bardziej, \u017ce izraelski premier Beniamin Netanjahu zapewni\u0142 o swoim poparciu dla Grupy Zadaniowej. W tej sytuacji procesowa aktywno\u015b\u0107 ministra Sikorskiego, wspomaganego przez mec. Romana Giertycha pozwala zorientowa\u0107 si\u0119 w formach kolaboracji, oczekiwanej, a mo\u017ce nawet i wymaganej zar\u00f3wno od miejscowych rz\u0105d\u00f3w tubylczych, jak i tubylczej inteligencji kompradorskiej. Denuncjowa\u0107, \u0142apa\u0107 i wydawa\u0107.<\/p>\r\n<p><strong><em>Stanis\u0142aw Michalkiewicz<\/em><\/strong><\/p>\r\n<p><em>Sta\u0142y komentarz Stanis\u0142awa Michalkiewicza z cyklu \u201e\u015acie\u017cka obok drogi\u201d ukazuje si\u0119 w \u201eNaszym Dzienniku\u201d w ka\u017cdy pi\u0105tek.<\/em><\/p>","protected":false},"excerpt":{"rendered":"Albo takie w KIP-ie mieli troski: W odpowiedzi na&#8230; Mamy zaszczyt za&#8230; &#8211; Nacz. Wydz. (-) \u015acikowski. I dlatego &#8211; Wa\u017cny by\u0142 KIP, gro\u017any by\u0142 KIP\u201d &#8211; wspomina\u0142 nie bez podziwu poeta. Kiedy my tu sobie obchodzimy a to \u015awi\u0119ta Wielkanocne, a to uczestniczymy w beatyfikacji Jana Paw\u0142a II, a to w uroczysto\u015bciach trzeciomajowych &#8211; [&hellip;]","protected":false},"author":3,"featured_media":0,"comment_status":"closed","ping_status":"closed","sticky":false,"template":"","format":"standard","meta":{"_acf_changed":false,"_monsterinsights_skip_tracking":false,"_monsterinsights_sitenote_active":false,"_monsterinsights_sitenote_note":"","_monsterinsights_sitenote_category":0,"ngg_post_thumbnail":0,"footnotes":"","_wp_rev_ctl_limit":""},"categories":[9],"tags":[16,22,26,61,98,34],"acf":[],"_links":{"self":[{"href":"https:\/\/www.bibula.com\/index.php?rest_route=\/wp\/v2\/posts\/37405"}],"collection":[{"href":"https:\/\/www.bibula.com\/index.php?rest_route=\/wp\/v2\/posts"}],"about":[{"href":"https:\/\/www.bibula.com\/index.php?rest_route=\/wp\/v2\/types\/post"}],"author":[{"embeddable":true,"href":"https:\/\/www.bibula.com\/index.php?rest_route=\/wp\/v2\/users\/3"}],"replies":[{"embeddable":true,"href":"https:\/\/www.bibula.com\/index.php?rest_route=%2Fwp%2Fv2%2Fcomments&post=37405"}],"version-history":[{"count":0,"href":"https:\/\/www.bibula.com\/index.php?rest_route=\/wp\/v2\/posts\/37405\/revisions"}],"wp:attachment":[{"href":"https:\/\/www.bibula.com\/index.php?rest_route=%2Fwp%2Fv2%2Fmedia&parent=37405"}],"wp:term":[{"taxonomy":"category","embeddable":true,"href":"https:\/\/www.bibula.com\/index.php?rest_route=%2Fwp%2Fv2%2Fcategories&post=37405"},{"taxonomy":"post_tag","embeddable":true,"href":"https:\/\/www.bibula.com\/index.php?rest_route=%2Fwp%2Fv2%2Ftags&post=37405"}],"curies":[{"name":"wp","href":"https:\/\/api.w.org\/{rel}","templated":true}]}}