{"id":37352,"date":"2011-05-06T13:25:42","date_gmt":"2011-05-06T18:25:42","guid":{"rendered":"http:\/\/www.bibula.com\/?p=37352"},"modified":"2011-05-06T13:25:42","modified_gmt":"2011-05-06T18:25:42","slug":"czechy-projekt-legalnych-aborcji-dla-cudzoziemek","status":"publish","type":"post","link":"https:\/\/www.bibula.com\/?p=37352","title":{"rendered":"Czechy: Projekt legalnych aborcji dla cudzoziemek"},"content":{"rendered":"<p><strong>Mieszkanki kraj\u00f3w Unii Europejskiej b\u0119d\u0105 mog\u0142y w Czechach legalnie  poddawa\u0107 si\u0119 aborcji. Tak zak\u0142ada projekt ustawy forsowanej przez  czeskie Ministerstwo Zdrowia.<\/strong><br \/><br \/>W tej chwili to tylko wst\u0119pny  projekt, ale resort zdrowia chce, by parlament przeg\u0142osowa\u0142 go ju\u017c w  czerwcu. Zgoda na przerywanie ci\u0105\u017cy u cudzoziemek mia\u0142aby si\u0119 znale\u017a\u0107 w  ustawie, kt\u00f3ra zreformuje ca\u0142y system czeskiej opieki zdrowotnej.<br \/><br \/>\u201eObecne  prawo aborcyjne z 1986 r. \u0142amie unijne regulacje&#8221; &#8211; argumentuje  Ministerstwo Zdrowia. To oczywi\u015bcie propagandowe k\u0142amstwo. \u201eJakie  regulacje? Przecie\u017c nie ma \u017cadnego prawa unijnego, kt\u00f3re dyktowa\u0142oby,  czy i kiedy, a tak\u017ce w kt\u00f3rym kraju kobieta mo\u017ce usun\u0105\u0107 ci\u0105\u017c\u0119\u201d &#8211;  stwierdza dr Lubomir Kope\u00c4\u008dek, politolog z Uniwersytetu Masaryka w Brnie.<br \/><br \/>W  Czechach funkcjonuje jedna z najbardziej liberalnych ustaw o  dopuszczalno\u015bci aborcji. Dziecko mo\u017cna u\u015bmierci\u0107 do 12. tygodnia ci\u0105\u017cy  na \u017c\u0105danie, bez podania przyczyny, a do 24. tygodnia &#8211; z powod\u00f3w  medycznych. Je\u015bli u dziecka zostan\u0105 stwierdzone bardzo powa\u017cne wady  rozwojowe, matka w ka\u017cdej chwili mo\u017ce za\u017c\u0105da\u0107 aborcji.<br \/><br \/>Restrykcje  dotycz\u0105 jedynie wieku kobiety (co najmniej 16 lat), a tak\u017ce czasu, jaki  musi up\u0142yn\u0105\u0107 mi\u0119dzy kolejnymi aborcjami (co najmniej p\u00f3\u0142 roku).<br \/><br \/>Jak  pokazuj\u0105 dane statystyczne, mimo liberalnego prawa liczba aborcji w  Czechach spada. W 1991 r. by\u0142o ich 100 tys., a w 2008 r. &#8211; 27 tys. Dane  dotycz\u0105 aborcji chirurgicznej. Aborcja farmakologiczna i \u015brodki  wczesnoporonne nie s\u0105 w tej statystyce uwzgl\u0119dnione.<br \/><br \/>[Na podstawie: \u201eRzeczpospolita\u201d (K.Z.) &#8211; 05.05.2011 r.; m.]<\/p>","protected":false},"excerpt":{"rendered":"Mieszkanki kraj\u00f3w Unii Europejskiej b\u0119d\u0105 mog\u0142y w Czechach legalnie poddawa\u0107 si\u0119 aborcji. Tak zak\u0142ada projekt ustawy forsowanej przez czeskie Ministerstwo Zdrowia.W tej chwili to tylko wst\u0119pny projekt, ale resort zdrowia chce, by parlament przeg\u0142osowa\u0142 go ju\u017c w czerwcu. Zgoda na przerywanie ci\u0105\u017cy u cudzoziemek mia\u0142aby si\u0119 znale\u017a\u0107 w ustawie, kt\u00f3ra zreformuje ca\u0142y system czeskiej opieki [&hellip;]","protected":false},"author":1,"featured_media":0,"comment_status":"closed","ping_status":"closed","sticky":false,"template":"","format":"standard","meta":{"_acf_changed":false,"_monsterinsights_skip_tracking":false,"_monsterinsights_sitenote_active":false,"_monsterinsights_sitenote_note":"","_monsterinsights_sitenote_category":0,"ngg_post_thumbnail":0,"footnotes":"","_wp_rev_ctl_limit":""},"categories":[6],"tags":[94,23],"acf":[],"_links":{"self":[{"href":"https:\/\/www.bibula.com\/index.php?rest_route=\/wp\/v2\/posts\/37352"}],"collection":[{"href":"https:\/\/www.bibula.com\/index.php?rest_route=\/wp\/v2\/posts"}],"about":[{"href":"https:\/\/www.bibula.com\/index.php?rest_route=\/wp\/v2\/types\/post"}],"author":[{"embeddable":true,"href":"https:\/\/www.bibula.com\/index.php?rest_route=\/wp\/v2\/users\/1"}],"replies":[{"embeddable":true,"href":"https:\/\/www.bibula.com\/index.php?rest_route=%2Fwp%2Fv2%2Fcomments&post=37352"}],"version-history":[{"count":0,"href":"https:\/\/www.bibula.com\/index.php?rest_route=\/wp\/v2\/posts\/37352\/revisions"}],"wp:attachment":[{"href":"https:\/\/www.bibula.com\/index.php?rest_route=%2Fwp%2Fv2%2Fmedia&parent=37352"}],"wp:term":[{"taxonomy":"category","embeddable":true,"href":"https:\/\/www.bibula.com\/index.php?rest_route=%2Fwp%2Fv2%2Fcategories&post=37352"},{"taxonomy":"post_tag","embeddable":true,"href":"https:\/\/www.bibula.com\/index.php?rest_route=%2Fwp%2Fv2%2Ftags&post=37352"}],"curies":[{"name":"wp","href":"https:\/\/api.w.org\/{rel}","templated":true}]}}